{"id":64335,"date":"2025-04-30T12:14:09","date_gmt":"2025-04-30T12:14:09","guid":{"rendered":"https:\/\/www.europesays.com\/fr\/64335\/"},"modified":"2025-04-30T12:14:09","modified_gmt":"2025-04-30T12:14:09","slug":"un-nouveau-livre-raconte-souffelweyersheim","status":"publish","type":"post","link":"https:\/\/www.europesays.com\/fr\/64335\/","title":{"rendered":"un nouveau livre raconte Souffelweyersheim"},"content":{"rendered":"<p>Une c\u00e9r\u00e9monie particuli\u00e8re a rassembl\u00e9 vendredi 25 avril tous ceux qui ont apport\u00e9 de pr\u00e8s ou de loin leur contribution \u00e0 la cr\u00e9ation du nouvel ouvrage sur l\u2019histoire de Souffelweyersheim. Le public a \u00e9t\u00e9 accueilli par le maire Pierre Perrin, qui a retrac\u00e9 la gen\u00e8se et le long parcours de la construction du livre, tandis que musiciens et danseurs de l\u2019association Kochloeffel assuraient une ambiance musicale.<\/p>\n<p>Ce second opus reprend des articles du premier ouvrage paru en l\u2019an 2000, Entre ville et campagne , mais plusieurs chapitres ont \u00e9t\u00e9&#8230;<\/p>\n","protected":false},"excerpt":{"rendered":"Une c\u00e9r\u00e9monie particuli\u00e8re a rassembl\u00e9 vendredi 25 avril tous ceux qui ont apport\u00e9 de pr\u00e8s ou de loin&hellip;\n","protected":false},"author":2,"featured_media":64336,"comment_status":"","ping_status":"","sticky":false,"template":"","format":"standard","meta":{"footnotes":""},"categories":[1357],"tags":[1379,1687,58,2880,59,107,1011,27,937,1380,2661,104,16322,3265],"class_list":{"0":"post-64335","1":"post","2":"type-post","3":"status-publish","4":"format-standard","5":"has-post-thumbnail","7":"category-livres","8":"tag-books","9":"tag-culture-loisirs","10":"tag-divertissement","11":"tag-edition-strasbourg","12":"tag-entertainment","13":"tag-fil-info","14":"tag-fr","15":"tag-france","16":"tag-histoire","17":"tag-livres","18":"tag-patrimoine-culturel","19":"tag-societe","20":"tag-souffelweyersheim","21":"tag-strasbourg-nord"},"share_on_mastodon":{"url":"https:\/\/pubeurope.com\/@fr\/114426862921118049","error":""},"_links":{"self":[{"href":"https:\/\/www.europesays.com\/fr\/wp-json\/wp\/v2\/posts\/64335","targetHints":{"allow":["GET"]}}],"collection":[{"href":"https:\/\/www.europesays.com\/fr\/wp-json\/wp\/v2\/posts"}],"about":[{"href":"https:\/\/www.europesays.com\/fr\/wp-json\/wp\/v2\/types\/post"}],"author":[{"embeddable":true,"href":"https:\/\/www.europesays.com\/fr\/wp-json\/wp\/v2\/users\/2"}],"replies":[{"embeddable":true,"href":"https:\/\/www.europesays.com\/fr\/wp-json\/wp\/v2\/comments?post=64335"}],"version-history":[{"count":0,"href":"https:\/\/www.europesays.com\/fr\/wp-json\/wp\/v2\/posts\/64335\/revisions"}],"wp:featuredmedia":[{"embeddable":true,"href":"https:\/\/www.europesays.com\/fr\/wp-json\/wp\/v2\/media\/64336"}],"wp:attachment":[{"href":"https:\/\/www.europesays.com\/fr\/wp-json\/wp\/v2\/media?parent=64335"}],"wp:term":[{"taxonomy":"category","embeddable":true,"href":"https:\/\/www.europesays.com\/fr\/wp-json\/wp\/v2\/categories?post=64335"},{"taxonomy":"post_tag","embeddable":true,"href":"https:\/\/www.europesays.com\/fr\/wp-json\/wp\/v2\/tags?post=64335"}],"curies":[{"name":"wp","href":"https:\/\/api.w.org\/{rel}","templated":true}]}}