{"id":643351,"date":"2026-01-05T21:24:14","date_gmt":"2026-01-05T21:24:14","guid":{"rendered":"https:\/\/www.europesays.com\/fr\/643351\/"},"modified":"2026-01-05T21:24:14","modified_gmt":"2026-01-05T21:24:14","slug":"avis-de-tempete-deux-voies-pour-leurope","status":"publish","type":"post","link":"https:\/\/www.europesays.com\/fr\/643351\/","title":{"rendered":"Avis de temp\u00eate: deux voies pour l\u2019Europe"},"content":{"rendered":"<p>Le changement vient lentement. Comme un soleil levant, un fleuve qui gonfle avant de d\u00e9border, un orage qui s\u2019organise au loin. Les premiers signes sont ignor\u00e9s, comme une routine, jusqu\u2019au moment o\u00f9 le drame se noue, le voile se d\u00e9chire sur un paysage transform\u00e9, \u00e9clair\u00e9, d\u00e9vast\u00e9.<\/p>\n<p>Pour nous, Europ\u00e9ens, il s\u2019agit d\u2019une temp\u00eate. Rare cassure historique o\u00f9 des transformations en lente gestation arrivent \u00e0 maturit\u00e9 au m\u00eame moment. Les distraits finissent par lever les yeux, et ils comprendront peut-\u00eatre que notre avenir ne ressemblera plus \u00e0 notre pass\u00e9.<\/p>\n","protected":false},"excerpt":{"rendered":"Le changement vient lentement. Comme un soleil levant, un fleuve qui gonfle avant de d\u00e9border, un orage qui&hellip;\n","protected":false},"author":2,"featured_media":643352,"comment_status":"","ping_status":"","sticky":false,"template":"","format":"standard","meta":{"footnotes":""},"categories":[1586],"tags":[11,1777,674,1011,27,74,12,1427,301,25],"class_list":{"0":"post-643351","1":"post","2":"type-post","3":"status-publish","4":"format-standard","5":"has-post-thumbnail","7":"category-europe","8":"tag-actualites","9":"tag-eu","10":"tag-europe","11":"tag-fr","12":"tag-france","13":"tag-monde","14":"tag-news","15":"tag-opinions","16":"tag-premium","17":"tag-republique-francaise"},"share_on_mastodon":{"url":"https:\/\/pubeurope.com\/@fr\/115844603176186364","error":""},"_links":{"self":[{"href":"https:\/\/www.europesays.com\/fr\/wp-json\/wp\/v2\/posts\/643351","targetHints":{"allow":["GET"]}}],"collection":[{"href":"https:\/\/www.europesays.com\/fr\/wp-json\/wp\/v2\/posts"}],"about":[{"href":"https:\/\/www.europesays.com\/fr\/wp-json\/wp\/v2\/types\/post"}],"author":[{"embeddable":true,"href":"https:\/\/www.europesays.com\/fr\/wp-json\/wp\/v2\/users\/2"}],"replies":[{"embeddable":true,"href":"https:\/\/www.europesays.com\/fr\/wp-json\/wp\/v2\/comments?post=643351"}],"version-history":[{"count":0,"href":"https:\/\/www.europesays.com\/fr\/wp-json\/wp\/v2\/posts\/643351\/revisions"}],"wp:featuredmedia":[{"embeddable":true,"href":"https:\/\/www.europesays.com\/fr\/wp-json\/wp\/v2\/media\/643352"}],"wp:attachment":[{"href":"https:\/\/www.europesays.com\/fr\/wp-json\/wp\/v2\/media?parent=643351"}],"wp:term":[{"taxonomy":"category","embeddable":true,"href":"https:\/\/www.europesays.com\/fr\/wp-json\/wp\/v2\/categories?post=643351"},{"taxonomy":"post_tag","embeddable":true,"href":"https:\/\/www.europesays.com\/fr\/wp-json\/wp\/v2\/tags?post=643351"}],"curies":[{"name":"wp","href":"https:\/\/api.w.org\/{rel}","templated":true}]}}