{"id":643373,"date":"2026-01-05T21:39:11","date_gmt":"2026-01-05T21:39:11","guid":{"rendered":"https:\/\/www.europesays.com\/fr\/643373\/"},"modified":"2026-01-05T21:39:11","modified_gmt":"2026-01-05T21:39:11","slug":"paris-le-louvre-franchit-la-barre-des-9-millions-de-visiteurs-en-2025","status":"publish","type":"post","link":"https:\/\/www.europesays.com\/fr\/643373\/","title":{"rendered":"Paris\u00a0: le Louvre franchit la barre des 9\u00a0millions de visiteurs en 2025"},"content":{"rendered":"<p class=\"paragraph text_align_left lp-f-body-02\">Malgr\u00e9 <a href=\"https:\/\/www.leparisien.fr\/paris-75\/casse-du-louvre-la-fenetre-de-la-galerie-dapollon-par-laquelle-se-sont-introduits-les-voleurs-sera-a-nouveau-protegee-avant-noel-17-12-2025-JLZOP4X6YZEYHK55375N2UCBMY.php\" target=\"_blank\" rel=\"noreferrer noopener\">un cambriolage spectaculaire<\/a> \u00e0 88 millions d\u2019euros en octobre dernier, <a href=\"https:\/\/www.leparisien.fr\/paris-75\/musee-du-louvre\/\" target=\"_blank\" rel=\"noreferrer noopener\">le Louvre<\/a> (<a href=\"https:\/\/www.leparisien.fr\/paris-75\/paris-75001\/\" target=\"_blank\" rel=\"noreferrer noopener\">Ier arrondissement<\/a> de Paris) affiche une sant\u00e9 de fer : 9 millions de visiteurs ont franchi ses portes en 2025, soit une l\u00e9g\u00e8re hausse par rapport \u00e0 2024 (8,7 millions), a annonc\u00e9 ce lundi 5 janvier l\u2019\u00e9tablissement public.<\/p>\n<p class=\"\">Le plus grand mus\u00e9e du monde, qui avait connu une petite baisse de fr\u00e9quentation \u00e0 l\u2019\u00e9t\u00e9 2024 en raison notamment des Jeux olympiques et paralympiques, a retrouv\u00e9 et l\u00e9g\u00e8rement d\u00e9pass\u00e9 son niveau de 2023 qui s\u2019\u00e9tablissait \u00e0 8,9 millions de visiteurs.<\/p>\n<p class=\"\">En 2025, Le Louvre a \u00ab accueilli 27 % de visiteurs Fran\u00e7ais \u00bb et \u00ab 73 % de visiteurs \u00e9trangers \u00bb, contre 77 % en 2024. Quelque 40 % des visiteurs \u00e9trangers sont originaires d\u2019un pays hors de l\u2019Espace \u00e9conomique europ\u00e9en, pr\u00e9cise l\u2019institution. Ces visiteurs, hormis ceux \u00e2g\u00e9s de moins de 18 ans, paieront \u00e0 partir du 14 janvier la tarification diff\u00e9renci\u00e9e, avec un billet d\u2019entr\u00e9e de 32 euros contre 22 aujourd\u2019hui.<\/p>\n<p class=\"\">44 % des visiteurs ont moins de 26 ans et 30 % ont b\u00e9n\u00e9fici\u00e9 de la gratuit\u00e9 en 2025, soit environ 3 millions de visiteurs.<\/p>\n<p>Louvre Couture largement pl\u00e9biscit\u00e9<\/p>\n<p class=\"\">Parmi les expositions qui ont rencontr\u00e9 le plus de succ\u00e8s en 2025 figure \u00ab Louvre Couture. Objets d\u2019art, objets de mode \u00bb, avec un peu plus d\u2019un million de visiteurs entre le 24 janvier et le 24 ao\u00fbt, selon l\u2019institution.<\/p>\n<p class=\"\">Des agents du mus\u00e9e ont poursuivi lundi <a href=\"https:\/\/www.leparisien.fr\/paris-75\/une-nouvelle-greve-au-musee-du-louvre-les-agents-se-reunissent-ce-lundi-matin-pour-en-decider-05-01-2026-OMEKVQVXR5DERCIOPCLRCWTU7A.php\" target=\"_blank\" rel=\"noreferrer noopener\">le mouvement de gr\u00e8ve initi\u00e9 avant les f\u00eates<\/a> de fin d\u2019ann\u00e9e \u00e0 l\u2019appel d\u2019une intersyndicale afin de protester contre leurs conditions de travail et d\u2019accueil du public. Le mus\u00e9e reste toutefois \u00ab ouvert partiellement avec le parcours chefs-d\u2019\u0153uvre \u00bb, qui inclut la Joconde, la V\u00e9nus de Milo ou la Victoire de Samothrace, selon la direction.<\/p>\n<p class=\"\">Mus\u00e9e le plus visit\u00e9 au monde, le Louvre est dans la tourmente depuis le cambriolage de joyaux du XIXe si\u00e8cle, estim\u00e9s \u00e0 88 millions d\u2019euros, le 19 octobre, qui demeurent toujours introuvables.<\/p>\n","protected":false},"excerpt":{"rendered":"Malgr\u00e9 un cambriolage spectaculaire \u00e0 88 millions d\u2019euros en octobre dernier, le Louvre (Ier arrondissement de Paris) affiche&hellip;\n","protected":false},"author":2,"featured_media":643374,"comment_status":"","ping_status":"","sticky":false,"template":"","format":"standard","meta":{"footnotes":""},"categories":[1358],"tags":[1348,1384,1385,1386,58,59,1011,27,1944,626],"class_list":{"0":"post-643373","1":"post","2":"type-post","3":"status-publish","4":"format-standard","5":"has-post-thumbnail","7":"category-arts-et-design","8":"tag-arts","9":"tag-arts-and-design","10":"tag-arts-et-design","11":"tag-design","12":"tag-divertissement","13":"tag-entertainment","14":"tag-fr","15":"tag-france","16":"tag-ma-ville","17":"tag-paris"},"share_on_mastodon":{"url":"https:\/\/pubeurope.com\/@fr\/115844662082187901","error":""},"_links":{"self":[{"href":"https:\/\/www.europesays.com\/fr\/wp-json\/wp\/v2\/posts\/643373","targetHints":{"allow":["GET"]}}],"collection":[{"href":"https:\/\/www.europesays.com\/fr\/wp-json\/wp\/v2\/posts"}],"about":[{"href":"https:\/\/www.europesays.com\/fr\/wp-json\/wp\/v2\/types\/post"}],"author":[{"embeddable":true,"href":"https:\/\/www.europesays.com\/fr\/wp-json\/wp\/v2\/users\/2"}],"replies":[{"embeddable":true,"href":"https:\/\/www.europesays.com\/fr\/wp-json\/wp\/v2\/comments?post=643373"}],"version-history":[{"count":0,"href":"https:\/\/www.europesays.com\/fr\/wp-json\/wp\/v2\/posts\/643373\/revisions"}],"wp:featuredmedia":[{"embeddable":true,"href":"https:\/\/www.europesays.com\/fr\/wp-json\/wp\/v2\/media\/643374"}],"wp:attachment":[{"href":"https:\/\/www.europesays.com\/fr\/wp-json\/wp\/v2\/media?parent=643373"}],"wp:term":[{"taxonomy":"category","embeddable":true,"href":"https:\/\/www.europesays.com\/fr\/wp-json\/wp\/v2\/categories?post=643373"},{"taxonomy":"post_tag","embeddable":true,"href":"https:\/\/www.europesays.com\/fr\/wp-json\/wp\/v2\/tags?post=643373"}],"curies":[{"name":"wp","href":"https:\/\/api.w.org\/{rel}","templated":true}]}}