{"id":643376,"date":"2026-01-05T21:42:12","date_gmt":"2026-01-05T21:42:12","guid":{"rendered":"https:\/\/www.europesays.com\/fr\/643376\/"},"modified":"2026-01-05T21:42:12","modified_gmt":"2026-01-05T21:42:12","slug":"sheila-a-abandonne-ce-metier-austere-grace-a-sa-maman","status":"publish","type":"post","link":"https:\/\/www.europesays.com\/fr\/643376\/","title":{"rendered":"Sheila a abandonn\u00e9 ce m\u00e9tier aust\u00e8re gr\u00e2ce \u00e0 sa maman"},"content":{"rendered":"<p>\n                            70\u00a0millions d&rsquo;albums vendus, plus de 600\u00a0chansons et d\u00e9j\u00e0 plus de 60\u00a0ans de carri\u00e8re&#8230; Sheila peut remercier sa m\u00e8re, sans elle, elle \u00e9tait destin\u00e9e \u00e0 un autre m\u00e9tier bien plus aust\u00e8re\u00a0!<\/p>\n<p>En 2025, <a href=\"https:\/\/www.journaldesfemmes.fr\/people\/personnalites\/2839695-sheila-age-mari-ludovic\/\" title=\"Annie Chancel\" target=\"_blank\" rel=\"noopener\">Sheila<\/a> a publi\u00e9 un nouvel album intitul\u00e9\u00a0\u00c0 l&rsquo;avenir, le 28e disque studio de sa longue carri\u00e8re. La chanteuse, de son vrai nom\u00a0Anny Chancel, a travers\u00e9 les \u00e9poques et les g\u00e9n\u00e9rations en multipliant les tubes : L&rsquo;\u00e9cole est finie, Les Rois Mages, Vous les copains, je ne vous oublierai jamais, Spacer&#8230; Et elle peut dire un grand merci \u00e0 sa d\u00e9funte maman, Micheline.<\/p>\n<p>Quel autre m\u00e9tier devait faire Sheila ?<\/p>\n<p>Avant de d\u00e9marrer sa carri\u00e8re dans la musique dans les ann\u00e9es 1960, Sheila suivait des \u00e9tudes de\u00a0comptabilit\u00e9 avec, en ligne de mire une carri\u00e8re, s\u00fbre et confortable, comme potentielle comptable. \u00ab\u00a0On m&rsquo;avait inscrite apr\u00e8s mon certificat d&rsquo;\u00e9tudes\u00a0\u00bb, a confi\u00e9 la star au journal <a href=\"https:\/\/www.lemonde.fr\/culture\/article\/2026\/01\/04\/sheila-travailler-sur-les-marches-a-ete-ma-grande-ecole-de-vie_6660483_3246.html?random=67019851\" target=\"_blank\" rel=\"noopener\">Le Monde<\/a>. Mais c&rsquo;\u00e9tait sans compter sur sa m\u00e8re, elle aussi passionn\u00e9e de chant et qui donnait quelques concerts \u00ab\u00a0le dimanche dans les f\u00eates\u00a0tant elle avait une belle voix\u00a0\u00bb mais n&rsquo;avait pas pu en faire son m\u00e9tier.<\/p>\n<p><a class=\"fancy\" href=\"https:\/\/img-3.journaldesfemmes.fr\/tGbqWlGNbnAL3v5PgLfdeZQiook=\/1080x\/smart\/19ddccdae901449da1b00a45296fd738\/ccmcms-jdf\/40061719.jpg\" target=\"_blank\" rel=\"noopener\"><img decoding=\"async\" alt=\"\" src=\"https:\/\/www.europesays.com\/fr\/wp-content\/uploads\/2026\/01\/40061719.jpg\"\/><\/a><\/p>\n<p>\u00a9\u00a0SADAKA EDMOND\/SIPA <\/p>\n<p>\u00ab\u00a0Je la revois, droite comme un \u00ab\u00a0i\u00a0\u00bb, devant la directrice de l&rsquo;\u00e9cole de comptabilit\u00e9 : &lsquo;Je viens retirer Anny de vos cours car elle voudrait chanter.&rsquo; La directrice a pris l&rsquo;air offusqu\u00e9\u00a0: &lsquo;Mme Chancel, vous perdez tout bon sens. Vous allez jeter votre fille dans la prostitution\u00a0!&rsquo; Les artistes, \u00e0 l&rsquo;\u00e9poque, n&rsquo;avaient pas bonne r\u00e9putation. Mais maman a tenu bon\u00a0: &lsquo;Ma fille veut chanter, et je lui laisserai sa chance.'\u00a0\u00bb, a racont\u00e9 Sheila.<\/p>\n<p>Rep\u00e9r\u00e9e par le producteur\u00a0Claude Carr\u00e8re, contre qui elle finira cependant f\u00e2ch\u00e9e, Sheila sort son premier disque \u00e9ponyme en 1962. C&rsquo;est le d\u00e9but d&rsquo;une carri\u00e8re qui va la porter aux sommets des charts.<\/p>\n<p>Sheila et sa premi\u00e8re vie avant la musique<\/p>\n<p>En parall\u00e8le de la comptabilit\u00e9, Sheila \u00e9tait aussi sollicit\u00e9e par ses parents pour travailler \u00e0 ses c\u00f4t\u00e9s sur les march\u00e9s, eux qui tenaient un stand de sucreries. \u00ab\u00a0Je voulais travailler. Et j&rsquo;adorais la vie de march\u00e9s. R\u00e9veil aux aurores dans le deux-pi\u00e8ces familial du 13e arrondissement o\u00f9 je dormais dans le canap\u00e9, course vers Cr\u00e9teil pour charger le camion, pr\u00e9paration de l&rsquo;\u00e9tal par \u2212 5\u00a0\u00b0C ou \u2212 12\u00a0\u00b0C l&rsquo;hiver, quand il faut casser la glace et fourrer ses sabots de papier journal\u00a0\u00bb, a racont\u00e9 la maman du regrett\u00e9 Ludovic Chancel.\u00a0<\/p>\n<p>Et la chanteuse, qui poursuit en 2026 sa tourn\u00e9e intitul\u00e9e Sheila The 8.0 Tour, d&rsquo;ajouter : \u00ab\u00a0Je n&rsquo;ai que de bons souvenirs. D&rsquo;abord, le march\u00e9, c&rsquo;est une famille, tout le monde s&rsquo;entraide. Et puis \u00e7a d\u00e9veloppe le bagou. On m&rsquo;entendait gueuler d&rsquo;un bout \u00e0 l&rsquo;autre de la place (&#8230;) C&rsquo;est l\u00e0 que je me suis fait la voix.\u00a0\u00bb<\/p>\n","protected":false},"excerpt":{"rendered":"70\u00a0millions d&rsquo;albums vendus, plus de 600\u00a0chansons et d\u00e9j\u00e0 plus de 60\u00a0ans de carri\u00e8re&#8230; Sheila peut remercier sa m\u00e8re,&hellip;\n","protected":false},"author":2,"featured_media":643377,"comment_status":"","ping_status":"","sticky":false,"template":"","format":"standard","meta":{"footnotes":""},"categories":[1355],"tags":[3723,74997,51761,58,59,51763,1011,27,51766,1361,873,51767,10830],"class_list":{"0":"post-643376","1":"post","2":"type-post","3":"status-publish","4":"format-standard","5":"has-post-thumbnail","7":"category-musique","8":"tag-actus","9":"tag-cms-journaldesfemmes-3252589","10":"tag-controller-content","11":"tag-divertissement","12":"tag-entertainment","13":"tag-format-papier","14":"tag-fr","15":"tag-france","16":"tag-les-histoires-du-jdf","17":"tag-music","18":"tag-musique","19":"tag-parallaxeinfeed","20":"tag-sheila"},"share_on_mastodon":{"url":"https:\/\/pubeurope.com\/@fr\/115844674223742829","error":""},"_links":{"self":[{"href":"https:\/\/www.europesays.com\/fr\/wp-json\/wp\/v2\/posts\/643376","targetHints":{"allow":["GET"]}}],"collection":[{"href":"https:\/\/www.europesays.com\/fr\/wp-json\/wp\/v2\/posts"}],"about":[{"href":"https:\/\/www.europesays.com\/fr\/wp-json\/wp\/v2\/types\/post"}],"author":[{"embeddable":true,"href":"https:\/\/www.europesays.com\/fr\/wp-json\/wp\/v2\/users\/2"}],"replies":[{"embeddable":true,"href":"https:\/\/www.europesays.com\/fr\/wp-json\/wp\/v2\/comments?post=643376"}],"version-history":[{"count":0,"href":"https:\/\/www.europesays.com\/fr\/wp-json\/wp\/v2\/posts\/643376\/revisions"}],"wp:featuredmedia":[{"embeddable":true,"href":"https:\/\/www.europesays.com\/fr\/wp-json\/wp\/v2\/media\/643377"}],"wp:attachment":[{"href":"https:\/\/www.europesays.com\/fr\/wp-json\/wp\/v2\/media?parent=643376"}],"wp:term":[{"taxonomy":"category","embeddable":true,"href":"https:\/\/www.europesays.com\/fr\/wp-json\/wp\/v2\/categories?post=643376"},{"taxonomy":"post_tag","embeddable":true,"href":"https:\/\/www.europesays.com\/fr\/wp-json\/wp\/v2\/tags?post=643376"}],"curies":[{"name":"wp","href":"https:\/\/api.w.org\/{rel}","templated":true}]}}