{"id":643378,"date":"2026-01-05T21:43:11","date_gmt":"2026-01-05T21:43:11","guid":{"rendered":"https:\/\/www.europesays.com\/fr\/643378\/"},"modified":"2026-01-05T21:43:11","modified_gmt":"2026-01-05T21:43:11","slug":"un-milliard-de-dollars-de-recettes-pour-avatar-3-cinq-minutes-pour-comprendre-lampleur-du-phenomene","status":"publish","type":"post","link":"https:\/\/www.europesays.com\/fr\/643378\/","title":{"rendered":"Un milliard de dollars de recettes pour \u00ab\u00a0Avatar 3\u00a0\u00bb\u00a0: cinq minutes pour comprendre l\u2019ampleur du ph\u00e9nom\u00e8ne"},"content":{"rendered":"<p class=\"paragraph text_align_left lp-f-body-02\">Le cap a \u00e9t\u00e9 franchi dimanche soir : <a href=\"https:\/\/www.leparisien.fr\/culture-loisirs\/cinema\/avatar-3-plus-sombre-plus-spectaculaire-plus-merveilleux-coup-de-foudre-pour-de-feu-et-de-cendres-16-12-2025-M7KTUJMPDBEWHAZC6XSFWXM46E.php\" target=\"_blank\" rel=\"noreferrer noopener\">\u00ab Avatar : de feu et de cendres \u00bb<\/a> a engrang\u00e9 1 milliard de dollars de recettes dans le monde en dix-sept jours d\u2019exploitation. En France, dans le m\u00eame temps, ce troisi\u00e8me volet de la saga de James Cameron cumule d\u00e9j\u00e0 6,5 millions de spectateurs, <a href=\"https:\/\/www.leparisien.fr\/culture-loisirs\/cinema\/avatar-3-depasse-deja-la-barre-des-5-millions-dentrees-jusquou-ira-le-film-de-james-cameron-31-12-2025-K3I5UZATKVDWLATDVQFBJARYH4.php\" target=\"_blank\" rel=\"noreferrer noopener\">quelques jours apr\u00e8s avoir pass\u00e9 la barre des 5 millions<\/a>. Ces scores impressionnants peuvent-ils p\u00e9renniser les deux ultimes volets \u00e0 venir ? Rien n\u2019est encore jou\u00e9\u2026<\/p>\n<p>Est-ce un exploit ?<\/p>\n<p class=\"\">Dans l\u2019histoire du cin\u00e9ma, les films capables de cumuler tant de recettes et de spectateurs en si peu de temps font partie des tr\u00e8s rares exceptions. Le parcours en salles de \u00ab De feu et de cendres \u00bb depuis sa sortie fait figure d\u2019exploit, d\u2019autant plus avec une telle dur\u00e9e (3h17) qui n\u2019offre la possibilit\u00e9 que de deux ou trois s\u00e9ances quotidiennes selon les cin\u00e9mas.<\/p>\n<p class=\"\">\u00ab Avec une telle limitation du nombre de s\u00e9ances, ce sont des chiffres extraordinaires \u00bb, confirme \u00c9ric Marti, directeur de Comscore, soci\u00e9t\u00e9 qui fait r\u00e9f\u00e9rence dans l\u2019analyse du box-office. Il rappelle que les scores \u00e9normes du film, tout comme ceux de <a href=\"https:\/\/www.leparisien.fr\/culture-loisirs\/cinema\/zootopie-2-et-son-savoureux-paresseux-vont-ils-rebooster-le-box-office-25-11-2025-CSJEXSLC3ZHQ3AUHNUC4FIJXNQ.php\" target=\"_blank\" rel=\"noreferrer noopener\">\u00ab Zootopie 2 \u00bb<\/a> qui fait aussi un carton, s\u2019inscrivent de surcro\u00eet dans un \u00ab contexte pas terrible \u00bb de baisse de 13,6 % de la fr\u00e9quentation en France. \u00ab Ces films ont fait leur succ\u00e8s seuls \u00bb, souligne-t-il, sans locomotive devant eux pour les tirer vers le haut. Actuellement en salles, ce sont eux les locomotives.<\/p>\n<p>Est-ce mieux que les deux volets pr\u00e9c\u00e9dents ?<\/p>\n<p class=\"\">Si l\u2019on prend le seul exemple de la France, les scores du troisi\u00e8me volet de la saga sont analogues \u00e0 ceux des deux premiers sur ses deux semaines initiales d\u2019exploitation, avec un \u00ab petit fl\u00e9chissement \u00bb en troisi\u00e8me semaine, selon notre sp\u00e9cialiste.<\/p>\n<p class=\"\">Qui pr\u00e9cise qu\u2019\u00e0 l\u2019international, \u00ab c\u2019est assez disparate. Aux \u00c9tats-Unis, les chiffres sont en dessous du niveau d\u2019Avatar : La Voie de l\u2019eau. Dans le reste du monde, on est \u00e0 moins 30 % sur le troisi\u00e8me week-end, avec cependant de tr\u00e8s bons scores en Chine, en Australie, au Br\u00e9sil, et une hausse au Japon \u00bb. Globalement, pour \u00c9ric Marti, ce nouvel opus assure \u00ab une tr\u00e8s bonne tenue \u00bb par rapport aux films de 2009 et 2022.<\/p>\n<p>Pourquoi cela cr\u00e9e une situation paradoxale ?<\/p>\n<p class=\"\">La saga \u00ab Avatar \u00bb demeure un cas \u00e0 part car coutumi\u00e8re de chiffres exceptionnellement hauts. Chaque volet est r\u00e9alis\u00e9 avec un budget colossal \u2014 on parle de 400 millions de dollars pour \u00ab De feu et de cendres \u00bb, auxquels il faut ajouter 200 millions pour le marketing \u2014 et doit cartonner en salles pour devenir rentable. Voil\u00e0 qui explique qu\u2019on peut lire dans la presse sp\u00e9cialis\u00e9e que ce nouveau film marche \u00ab moins bien \u00bb que les pr\u00e9c\u00e9dents.<\/p>\n<p class=\"\">La plupart des blockbusters hollywoodiens r\u00eaveraient de n\u2019atteindre que la moiti\u00e9 des recettes du long-m\u00e9trage, certes, mais ce paradoxe place les futurs volets de la saga en attente. \u00ab Rien n\u2019est jamais certain dans cette industrie. Alors nous prenons tous le parti de nous dire que ce troisi\u00e8me volet sera peut-\u00eatre le dernier. Il faut que ce soit un \u00e9norme succ\u00e8s pour que Disney soit convaincu de poursuivre cette aventure\u2026 \u00bb, nous confiait il y a un mois <a href=\"https:\/\/www.leparisien.fr\/culture-loisirs\/cinema\/avatar-de-retour-avec-sigourney-weaver-pour-james-cameron-jai-toujours-14-ans-07-12-2025-OLHSRA5Z5FAXXH4WD5XRAHRKDM.php\" target=\"_blank\" rel=\"noreferrer noopener\">Sigourney Weaver<\/a>. \u00ab S\u2019il continue sur ce rythme, ce volet va int\u00e9grer, comme les deux pr\u00e9c\u00e9dents, le Top 10 des plus gros succ\u00e8s de l\u2019histoire du cin\u00e9ma \u00bb, tient \u00e0 relativiser \u00c9ric Marti.<\/p>\n<p>Qu\u2019est-ce que cela signifie pour l\u2019avenir de la saga ?<\/p>\n<p class=\"\">Pour rebondir sur les propos de Sigourney Weaver, le r\u00e9alisateur James Cameron nous expliquait, le 21 d\u00e9cembre, qu\u2019il fallait regarder \u00ab si le business mod\u00e8le actuel du cin\u00e9ma va perdurer \u00bb avant de p\u00e9renniser les deux prochains volets de la saga pr\u00e9vus en 2029 et 2031.<\/p>\n<p class=\"\">\u00ab La fr\u00e9quentation a baiss\u00e9 de 30 % au fil des ann\u00e9es, si cela baisse encore, nous ne pourrons plus avoir les moyens de produire des films tels qu\u2019Avatar, Dune ou Wicked. Mais si \u00e7a reste \u00e0 ce niveau, et qu\u2019en plus on trouve des moyens pour d\u00e9penser moins d\u2019argent lors de la production, nous continuerons\u2026 \u00bb<\/p>\n<p class=\"\">\u00c0 ce stade, le film devrait avoir doubl\u00e9 la mise par rapport \u00e0 son budget d\u00e8s la fin de cette semaine, et les perspectives de recettes mondiales en fin de carri\u00e8re de \u00ab De feu et de cendres \u00bb oscillent entre 1,5 et 1,8 milliard de dollars. C\u2019est moins que les 2 milliards des deux premiers volets, mais le long-m\u00e9trage devrait tout de m\u00eame \u00eatre largement b\u00e9n\u00e9ficiaire pour Disney. On peut miser sur le fait que le studio va renouveler sa confiance au cin\u00e9aste, mais probablement en ren\u00e9gociant \u00e0 la baisse les budgets de deux prochains opus\u2026<\/p>\n","protected":false},"excerpt":{"rendered":"Le cap a \u00e9t\u00e9 franchi dimanche soir : \u00ab Avatar : de feu et de cendres \u00bb a&hellip;\n","protected":false},"author":2,"featured_media":643379,"comment_status":"","ping_status":"","sticky":false,"template":"","format":"standard","meta":{"footnotes":""},"categories":[1354],"tags":[650,872,58,59,1346,1011,27,1360],"class_list":{"0":"post-643378","1":"post","2":"type-post","3":"status-publish","4":"format-standard","5":"has-post-thumbnail","7":"category-films","8":"tag-cinema","9":"tag-culture-et-loisirs","10":"tag-divertissement","11":"tag-entertainment","12":"tag-films","13":"tag-fr","14":"tag-france","15":"tag-movies"},"share_on_mastodon":{"url":"https:\/\/pubeurope.com\/@fr\/115844678294041322","error":""},"_links":{"self":[{"href":"https:\/\/www.europesays.com\/fr\/wp-json\/wp\/v2\/posts\/643378","targetHints":{"allow":["GET"]}}],"collection":[{"href":"https:\/\/www.europesays.com\/fr\/wp-json\/wp\/v2\/posts"}],"about":[{"href":"https:\/\/www.europesays.com\/fr\/wp-json\/wp\/v2\/types\/post"}],"author":[{"embeddable":true,"href":"https:\/\/www.europesays.com\/fr\/wp-json\/wp\/v2\/users\/2"}],"replies":[{"embeddable":true,"href":"https:\/\/www.europesays.com\/fr\/wp-json\/wp\/v2\/comments?post=643378"}],"version-history":[{"count":0,"href":"https:\/\/www.europesays.com\/fr\/wp-json\/wp\/v2\/posts\/643378\/revisions"}],"wp:featuredmedia":[{"embeddable":true,"href":"https:\/\/www.europesays.com\/fr\/wp-json\/wp\/v2\/media\/643379"}],"wp:attachment":[{"href":"https:\/\/www.europesays.com\/fr\/wp-json\/wp\/v2\/media?parent=643378"}],"wp:term":[{"taxonomy":"category","embeddable":true,"href":"https:\/\/www.europesays.com\/fr\/wp-json\/wp\/v2\/categories?post=643378"},{"taxonomy":"post_tag","embeddable":true,"href":"https:\/\/www.europesays.com\/fr\/wp-json\/wp\/v2\/tags?post=643378"}],"curies":[{"name":"wp","href":"https:\/\/api.w.org\/{rel}","templated":true}]}}