{"id":643390,"date":"2026-01-05T21:49:16","date_gmt":"2026-01-05T21:49:16","guid":{"rendered":"https:\/\/www.europesays.com\/fr\/643390\/"},"modified":"2026-01-05T21:49:16","modified_gmt":"2026-01-05T21:49:16","slug":"le-marie-et-ses-trois-nieces-se-tuent-dans-un-accident-dhelicoptere-juste-avant-la-reception","status":"publish","type":"post","link":"https:\/\/www.europesays.com\/fr\/643390\/","title":{"rendered":"Le mari\u00e9 et ses trois ni\u00e8ces se tuent dans un accident d&rsquo;h\u00e9licopt\u00e8re juste avant la r\u00e9ception"},"content":{"rendered":"<p class=\"intro\">David McCarty, un homme d&rsquo;affaires am\u00e9ricain de 59 ans, a \u00e9t\u00e9 victime d&rsquo;un accident d&rsquo;h\u00e9licopt\u00e8re alors qu&rsquo;il voulait montrer la r\u00e9gion \u00e0 ses trois ni\u00e8ces, juste avant sa c\u00e9r\u00e9monie de mariage, vendredi 2 janvier 2026.<\/p>\n<p>Le plus beau jour de sa vie s\u2019est transform\u00e9 en v\u00e9ritable trag\u00e9die. Vendredi 2\u00a0janvier, aux alentours de 11\u00a0heures, un h\u00e9licopt\u00e8re priv\u00e9 a heurt\u00e9 une <a href=\"https:\/\/www.parismatch.com\/actu\/sport\/a-4-000-metres-ils-marchent-dans-le-vide-entre-deux-sommets-du-mont-blanc-252754\" target=\"_blank\" rel=\"noopener\">slackline de loisirs<\/a> tendue au-dessus du Telegraph Canyon, en Arizona, aux <a href=\"https:\/\/www.parismatch.com\/dossiers\/etats-unis\" target=\"_blank\" rel=\"noopener\">\u00c9tats-Unis<\/a>. Les pales de l\u2019appareil se seraient alors d\u00e9croch\u00e9es et l\u2019a\u00e9ronef s\u2019est crash\u00e9 au fond du canyon, ce qui a provoqu\u00e9 la mort du pilote et de ses trois passagers.<\/p>\n<p>Selon <a href=\"https:\/\/www.fox10phoenix.com\/news\/family-identifies-4-people-killed-helicopter-crash-near-superior\" target=\"_blank\" rel=\"noopener\">Fox 10<\/a>, la personne qui pilotait l\u2019h\u00e9licopt\u00e8re \u00e9tait un homme d\u2019affaires originaire de la r\u00e9gion, David McCarty, propri\u00e9taire de plusieurs a\u00e9ronefs. \u00c2g\u00e9 de 59\u00a0ans, ce dernier devait se marier ce vendredi 2\u00a0janvier et a voulu profiter de la matin\u00e9e pour faire d\u00e9couvrir la r\u00e9gion par les airs \u00e0 ses trois ni\u00e8ces, Katelyn Heideman 22\u00a0ans, Rachel McCarty 23\u00a0ans et Faith McCarty 21\u00a0ans.<\/p>\n<p>    La suite apr\u00e8s cette publicit\u00e9<\/p>\n<p>\u00ab\u00a0Une centaine de fois\u00a0\u00bb<\/p>\n<p>\u00ab\u00a0Nous avons perdu la moiti\u00e9 de nos enfants le jour du mariage, qui aurait d\u00fb \u00eatre une f\u00eate\u00a0\u00bb, a d\u00e9plor\u00e9 un membre de la famille de David McCarty \u00e0 Fox10. \u00ab\u00a0C\u2019est extr\u00eamement difficile. Personne ne s\u2019attend jamais \u00e0 ce genre de chose, et c\u2019est tout simplement d\u00e9chirant.\u00a0\u00bb Cette personne a par ailleurs assur\u00e9 que l\u2019homme d\u2019affaires \u00ab\u00a0a survol\u00e9 ce canyon un nombre incalculable de fois. J\u2019oserais dire une centaine de fois, et sans aucun probl\u00e8me.\u00a0\u00bb<\/p>\n<p>    La suite apr\u00e8s cette publicit\u00e9<\/p>\n<p>Sur <a href=\"https:\/\/www.facebook.com\/elizabeth.mccarty.587\/posts\/pfbid02mpMAr1vDKFjuqbtzJkmEK5G5kyxz3mTUgPi79uJzn2oXq17FSWwLHGZ5sNmuaeSrl\" target=\"_blank\" rel=\"noopener\">les r\u00e9seaux sociaux<\/a>, Elizabeth Gallup, la s\u0153ur de Rachel et Faith, a demand\u00e9 aux internautes\u00a0: \u00ab\u00a0S\u2019il vous pla\u00eet, continuez de prier pour chaque membre de la famille pendant que nous traversons cette \u00e9preuve douloureuse. Tout votre amour et votre soutien sont les bienvenus. Nous sommes vraiment sans voix.\u00a0\u00bb Mary Jane Heideman, la m\u00e8re de Katelyn, a, elle, d\u00e9clar\u00e9 que cette perte \u00e9tait \u00ab\u00a0accablante\u00a0\u00bb. Se d\u00e9solant\u00a0: \u00ab\u00a0Elles \u00e9taient toutes tellement aim\u00e9es. Ces filles avaient un avenir si prometteur. C\u2019est tout simplement difficile \u00e0 concevoir.\u00a0\u00bb<\/p>\n<p>Une enqu\u00eate a \u00e9t\u00e9 ouverte et d\u00e9j\u00e0, l\u2019Association internationale de slackline a d\u00e9clar\u00e9 dans un communiqu\u00e9 transmis \u00e0 <a href=\"https:\/\/www.oregonlive.com\/crime\/2026\/01\/oregon-pilot-3-nieces-die-in-arizona-helicopter-crash.html\" target=\"_blank\" rel=\"noopener\">Oregon Live<\/a> avoir inform\u00e9 la Federal Aviation Administration (FAA) de l\u2019incident, pr\u00e9cisant que personne ne se trouvait sur la slackline au moment de l\u2019accident. Nos confr\u00e8res pr\u00e9cisent, en outre, qu\u2019une note avait \u00e9t\u00e9 envoy\u00e9e aux pilotes de la r\u00e9gion pour les avertir de l\u2019installation de cette \u00ab\u00a0ligne de survie\u00a0\u00bb.<\/p>\n","protected":false},"excerpt":{"rendered":"David McCarty, un homme d&rsquo;affaires am\u00e9ricain de 59 ans, a \u00e9t\u00e9 victime d&rsquo;un accident d&rsquo;h\u00e9licopt\u00e8re alors qu&rsquo;il voulait&hellip;\n","protected":false},"author":2,"featured_media":643391,"comment_status":"","ping_status":"","sticky":false,"template":"","format":"standard","meta":{"footnotes":""},"categories":[5],"tags":[11,1011,27,14,12,28],"class_list":{"0":"post-643390","1":"post","2":"type-post","3":"status-publish","4":"format-standard","5":"has-post-thumbnail","7":"category-international","8":"tag-actualites","9":"tag-fr","10":"tag-france","11":"tag-international","12":"tag-news","13":"tag-world"},"share_on_mastodon":{"url":"https:\/\/pubeurope.com\/@fr\/115844701650731160","error":""},"_links":{"self":[{"href":"https:\/\/www.europesays.com\/fr\/wp-json\/wp\/v2\/posts\/643390","targetHints":{"allow":["GET"]}}],"collection":[{"href":"https:\/\/www.europesays.com\/fr\/wp-json\/wp\/v2\/posts"}],"about":[{"href":"https:\/\/www.europesays.com\/fr\/wp-json\/wp\/v2\/types\/post"}],"author":[{"embeddable":true,"href":"https:\/\/www.europesays.com\/fr\/wp-json\/wp\/v2\/users\/2"}],"replies":[{"embeddable":true,"href":"https:\/\/www.europesays.com\/fr\/wp-json\/wp\/v2\/comments?post=643390"}],"version-history":[{"count":0,"href":"https:\/\/www.europesays.com\/fr\/wp-json\/wp\/v2\/posts\/643390\/revisions"}],"wp:featuredmedia":[{"embeddable":true,"href":"https:\/\/www.europesays.com\/fr\/wp-json\/wp\/v2\/media\/643391"}],"wp:attachment":[{"href":"https:\/\/www.europesays.com\/fr\/wp-json\/wp\/v2\/media?parent=643390"}],"wp:term":[{"taxonomy":"category","embeddable":true,"href":"https:\/\/www.europesays.com\/fr\/wp-json\/wp\/v2\/categories?post=643390"},{"taxonomy":"post_tag","embeddable":true,"href":"https:\/\/www.europesays.com\/fr\/wp-json\/wp\/v2\/tags?post=643390"}],"curies":[{"name":"wp","href":"https:\/\/api.w.org\/{rel}","templated":true}]}}