{"id":643396,"date":"2026-01-05T21:52:11","date_gmt":"2026-01-05T21:52:11","guid":{"rendered":"https:\/\/www.europesays.com\/fr\/643396\/"},"modified":"2026-01-05T21:52:11","modified_gmt":"2026-01-05T21:52:11","slug":"saint-etienne-un-rassemblement-pour-sopposer-a-lagression-imperialiste-contre-le-venezuela","status":"publish","type":"post","link":"https:\/\/www.europesays.com\/fr\/643396\/","title":{"rendered":"Saint-\u00c9tienne. Un rassemblement pour s\u2019opposer \u00e0 \u00ab\u00a0l\u2019agression imp\u00e9rialiste contre le Venezuela\u00a0\u00bb"},"content":{"rendered":"<p>\u00ab\u00a0Le peuple uni ne sera jamais vaincu.\u00a0\u00bb C\u2019est place du Peuple que plusieurs dizaines de manifestants ont r\u00e9pondu \u00e0 l\u2019appel d\u2019une vingtaine d\u2019organisations syndicales et politiques pour \u00ab\u00a0dire non \u00e0 l\u2019agression imp\u00e9rialiste contre le Venezuela\u00a0\u00bb, ce lundi 5\u00a0janvier \u00e0 Saint-\u00c9tienne.<\/p>\n<p>\u00a0<\/p>\n<p>Ce rassemblement fait suite aux op\u00e9rations militaires, du samedi 3\u00a0janvier, lanc\u00e9es par les \u00c9tats-Unis au Venezuela et <a href=\"https:\/\/www.leprogres.fr\/politique\/2026\/01\/03\/maduro-capture-les-etats-unis-vont-diriger-le-pays-donald-trump-a-mis-son-plan-a-execution\" target=\"_blank\" rel=\"noopener\">la capture du pr\u00e9sident Nicolas Maduro et de son \u00e9pouse<\/a>. Lors des prises de paroles, il a \u00e9t\u00e9 d\u00e9nonc\u00e9 le \u00ab\u00a0caract\u00e8re d\u00e9stabilisateur et putschiste\u00a0\u00bb de l\u2019op\u00e9ration \u00e9tasunienne qui pr\u00e9texte la lutte contre le narcotrafic pour \u00ab\u00a0accaparer <a href=\"https:\/\/www.leprogres.fr\/economie\/2026\/01\/04\/comment-donald-trump-veut-exploiter-les-reserves-de-petrole-du-pays-les-plus-grandes-du-monde\" target=\"_blank\" rel=\"noopener\">les ressources naturelles<\/a> \u00a0\u00bb du Venezuela. Les orateurs ont rappel\u00e9 le \u00ab\u00a0droit souverain \u00e0 l\u2019autod\u00e9termination des peuples\u00a0\u00bb et que cette op\u00e9ration bafouait le droit international, tout en exprimant leur solidarit\u00e9 avec le peuple v\u00e9n\u00e9zu\u00e9lien.<\/p>\n","protected":false},"excerpt":{"rendered":"\u00ab\u00a0Le peuple uni ne sera jamais vaincu.\u00a0\u00bb C\u2019est place du Peuple que plusieurs dizaines de manifestants ont r\u00e9pondu&hellip;\n","protected":false},"author":2,"featured_media":643397,"comment_status":"","ping_status":"","sticky":false,"template":"","format":"standard","meta":{"footnotes":""},"categories":[9653],"tags":[1111,11,2430,7539,1777,674,274,1011,27,3367,12,25,4001,7538,801,104],"class_list":{"0":"post-643396","1":"post","2":"type-post","3":"status-publish","4":"format-standard","5":"has-post-thumbnail","7":"category-saint-etienne","8":"tag-actu","9":"tag-actualites","10":"tag-auvergne-rhone-alpes","11":"tag-edition-loire-sud","12":"tag-eu","13":"tag-europe","14":"tag-faits-divers-justice","15":"tag-fr","16":"tag-france","17":"tag-loire","18":"tag-news","19":"tag-republique-francaise","20":"tag-saint-etienne","21":"tag-saint-etienne-ville","22":"tag-social","23":"tag-societe"},"share_on_mastodon":{"url":"https:\/\/pubeurope.com\/@fr\/115844713453382778","error":""},"_links":{"self":[{"href":"https:\/\/www.europesays.com\/fr\/wp-json\/wp\/v2\/posts\/643396","targetHints":{"allow":["GET"]}}],"collection":[{"href":"https:\/\/www.europesays.com\/fr\/wp-json\/wp\/v2\/posts"}],"about":[{"href":"https:\/\/www.europesays.com\/fr\/wp-json\/wp\/v2\/types\/post"}],"author":[{"embeddable":true,"href":"https:\/\/www.europesays.com\/fr\/wp-json\/wp\/v2\/users\/2"}],"replies":[{"embeddable":true,"href":"https:\/\/www.europesays.com\/fr\/wp-json\/wp\/v2\/comments?post=643396"}],"version-history":[{"count":0,"href":"https:\/\/www.europesays.com\/fr\/wp-json\/wp\/v2\/posts\/643396\/revisions"}],"wp:featuredmedia":[{"embeddable":true,"href":"https:\/\/www.europesays.com\/fr\/wp-json\/wp\/v2\/media\/643397"}],"wp:attachment":[{"href":"https:\/\/www.europesays.com\/fr\/wp-json\/wp\/v2\/media?parent=643396"}],"wp:term":[{"taxonomy":"category","embeddable":true,"href":"https:\/\/www.europesays.com\/fr\/wp-json\/wp\/v2\/categories?post=643396"},{"taxonomy":"post_tag","embeddable":true,"href":"https:\/\/www.europesays.com\/fr\/wp-json\/wp\/v2\/tags?post=643396"}],"curies":[{"name":"wp","href":"https:\/\/api.w.org\/{rel}","templated":true}]}}