{"id":643415,"date":"2026-01-05T22:08:23","date_gmt":"2026-01-05T22:08:23","guid":{"rendered":"https:\/\/www.europesays.com\/fr\/643415\/"},"modified":"2026-01-05T22:08:23","modified_gmt":"2026-01-05T22:08:23","slug":"accident-mortel-chutes-en-ille-et-vilaine-la-neige-a-fait-de-serieux-degats-revivez-cette-journee","status":"publish","type":"post","link":"https:\/\/www.europesays.com\/fr\/643415\/","title":{"rendered":"Accident mortel, chutes&#8230; En Ille-et-Vilaine, la neige a fait de s\u00e9rieux d\u00e9g\u00e2ts : revivez cette journ\u00e9e"},"content":{"rendered":"<p>                    Par<br \/>\n        <strong><br \/>\n            <a href=\"https:\/\/actu.fr\/auteur\/clemence-pays02-actu-fr\" title=\"Consulter tous les articles de Cl\u00e9mence Pays\" target=\"_blank\" rel=\"noopener\">Cl\u00e9mence Pays<\/a><br \/>\n                    <\/strong><\/p>\n<p>        Publi\u00e9 le<\/p>\n<p>            5 janv. 2026 \u00e0 16h25        <\/p>\n<p>En quelques minutes, <strong>Rennes s\u2019est couverte d\u2019un manteau blanc<\/strong> ce lundi 5 janvier 2026. D\u00e8s 14h30, la neige est tomb\u00e9e et ne s\u2019est pas arr\u00eat\u00e9e, entra\u00eenant des perturbations notamment au niveau de la circulation.<\/p>\n<p class=\" wall-content\">La r\u00e9daction d\u2019actu Rennes \u00e9tait mobilis\u00e9e pour vous faire vivre, en temps r\u00e9el, la situation.<\/p>\n<p>20h30 \u2013 Les moyens humains mobilis\u00e9s<\/p>\n<p class=\" wall-content\">La pr\u00e9fecture d\u2019Ille-et-Vilaine pr\u00e9cise qu\u2019ont \u00e9t\u00e9 mobilis\u00e9s\u2009:<\/p>\n<ul class=\" wall-content\">\n<li>80 gendarmes\u2009;<\/li>\n<li>40 policiers\u2009;<\/li>\n<li>160 sapeurs-pompiers, engag\u00e9s sur pr\u00e8s de 40 interventions li\u00e9es aux intemp\u00e9ries\u2009;<\/li>\n<li>50 agents de la Dir Ouest\u2009;<\/li>\n<li>100 agents mobilis\u00e9s par le D\u00e9partement\u2009;<\/li>\n<li>18 agents mobilis\u00e9s par Rennes M\u00e9tropole.<\/li>\n<\/ul>\n<p class=\" wall-content\">Au total,<strong> 13 chutes<\/strong> ont \u00e9t\u00e9 d\u00e9nombr\u00e9es,<strong> deux assistances \u00e0 personne, \u206026 accidents de la voie publique<\/strong> (dont 26 urgences relatives et une personne d\u00e9c\u00e9d\u00e9e).<\/p>\n<p class=\" wall-content\">Le pr\u00e9fet d\u2019Ille-et-Vilaine appelle \u00e0 <strong>la plus grande vigilance<\/strong> et invite tous les usagers de la route <strong>\u00e0 reporter leur d\u00e9placement<\/strong>.<\/p>\n<p>20h \u2013 Un accident sur les rails<\/p>\n<p class=\" wall-content\">La SNCF annonce qu\u2019en raison <strong>d\u2019un \u00ab\u2009accident routier\u2009\u00bb<\/strong> entre Vitr\u00e9 et Ch\u00e2teaubourg sur la ligne Rennes \u2013 Le\u00a0Mans, les circulations entres Rennes et Laval sont, dans les deux sens, supprim\u00e9es jusqu\u2019\u00e0 demain matin 5h.<\/p>\n<p class=\" wall-content\">\n<p class=\" wall-content\">En effet, <a href=\"https:\/\/actu.fr\/bretagne\/saint-aubin-des-landes_35252\/ille-et-vilaine-un-train-percute-une-voiture-des-passagers-bloques-a-bord-du-ter_63654649.html\" target=\"_blank\" rel=\"noopener\">un TER \u00e0 hauteur de la commune de Saint-Aubin-des-Landes (Ille-et-Vilaine) a heurt\u00e9 un v\u00e9hicule<\/a>. <strong>Aucun bless\u00e9<\/strong> n\u2019est \u00e0 d\u00e9plorer.<\/p>\n<p>Votre r\u00e9gion, votre actu !<\/p>\n<p>Recevez chaque jour les infos qui comptent pour vous.<\/p>\n<p>\t<a href=\"https:\/\/actu.fr\/newsletter\" class=\"ac-btn ac-btn--corner ac-btn--medium ac-btn--blue800\" target=\"_blank\" rel=\"noopener\">S&rsquo;incrire<\/a><\/p>\n<p class=\" wall-content\">Pour le moment, \u00ab\u2009les agents sont en cours d\u2019acheminement\u2009\u00bb pr\u00e9cise SNCF, contact\u00e9e par la r\u00e9daction. Le train est en effet bloqu\u00e9 car le v\u00e9hicule est encastr\u00e9 sous la rame, il faut pouvoir l\u2019en d\u00e9gager pour rouvrir la circulation.<\/p>\n<p>19h \u2013 La vigilance orange maintenue ce mardi<\/p>\n<p class=\" wall-content\">Comme nous vous l\u2019expliquons dans <a href=\"https:\/\/actu.fr\/bretagne\/rennes_35238\/neige-verglas-meteo-france-maintient-l-alerte-la-bretagne-reste-en-vigilance-orange-mardi_63649859.html\" target=\"_blank\" rel=\"noopener\">cet article<\/a>, M\u00e9t\u00e9o France maintient <strong>la vigilance orange<\/strong> pour neige-verglas dans les quatre d\u00e9partements bretons\u2009: l\u2019Ille-et-Vilaine, le Morbihan, les C\u00f4tes-d\u2019Armor et le Finist\u00e8re, et cela, <strong>au moins jusqu\u2019\u00e0 10h<\/strong>.<\/p>\n<p>18h \u2013 Plusieurs incidents, dont un mortel<\/p>\n<p class=\" wall-content\">Dans un point de situation, \u00e0 18h, la pr\u00e9fecture rel\u00e8ve que les services de secours et de s\u00e9curit\u00e9 ont recens\u00e9\u2009:<\/p>\n<ul class=\" wall-content\">\n<li><strong>11 chutes de pi\u00e9tons<\/strong>, principalement li\u00e9es aux surfaces glissantes\u2009;<\/li>\n<li><strong>21 accidents de la route<\/strong>, dont <strong>un accident mortel\u2009;<\/strong><\/li>\n<li>6\u00a0personnes impliqu\u00e9es, 17\u00a0personnes en urgence relative.<\/li>\n<\/ul>\n<p>17h45 \u2013 \u00ab\u2009Faire preuve de patience\u2009\u00bb<\/p>\n<p class=\" wall-content\">Alors que la circulation se complique, la pr\u00e9fecture de Bretagne \u00ab\u2009les usagers de la route \u00e0 faire preuve de patience et \u00e0<strong> ne pas abandonner leur v\u00e9hicule pour poursuivre leur trajet \u00e0 pied\u2009\u00bb,<\/strong> cela pr\u00e9sente en effet \u00ab\u2009un risque pour leur s\u00e9curit\u00e9 comme pour celle des \u00e9quipes d\u2019intervention\u2009\u00bb.<\/p>\n<p>17h30 \u2013 Pas de transports scolaires<\/p>\n<p class=\" wall-content\">La R\u00e9gion Bretagne informe que <strong>les transports scolaires<\/strong> seront <strong>suspendus ce mardi 6\u00a0janvier<\/strong> \u00ab\u2009en raison d\u2019un risque important <strong>de gel et de verglas<\/strong> suite \u00e0 l\u2019\u00e9pisode neigeux\u2009\u00bb de ce lundi 5\u00a0janvier.<\/p>\n<p class=\" wall-content\">Les quatre d\u00e9partements du Finist\u00e8re, des C\u00f4tes d\u2019Armor, du Morbihan et de l\u2019Ille-et-Vilaine.<\/p>\n<p class=\" wall-content\">\u00ab\u2009La circulation des transports interurbains est pour l\u2019heure maintenue mais des difficult\u00e9s de circulation sont \u00e0 pr\u00e9voir\u2009\u00bb, pr\u00e9cise La R\u00e9gion, appelant chacun \u00ab\u2009\u00e0 la plus grande vigilance\u2009\u00bb.<\/p>\n<p>16h38 \u2013 La rocade compl\u00e8tement bouch\u00e9e<\/p>\n<p class=\" wall-content\">Les voitures roulent au pas sur la rocade de Rennes entra\u00eenant de forts ralentissements. Bison Fut\u00e9 fait part de 30,7 kilom\u00e8tres de bouchons.<\/p>\n<p>    <img   decoding=\"async\" loading=\"lazy\" src=\"https:\/\/www.europesays.com\/fr\/wp-content\/uploads\/2026\/01\/bouchons-rennes-960x640.png\" alt=\"Plus de 30km de ralentissements sont enregistr\u00e9s sur la rocade.\" width=\"960\" height=\"640\"\/><br \/>\n    Plus de 30km de ralentissements sont enregistr\u00e9s sur la rocade. (\u00a9Capture d\u2019\u00e9cran Bison Fut\u00e9)<\/p>\n<p class=\" wall-content\">En centre-ville, la circulation est \u00e9galement au ralenti. C\u2019est notamment le cas rue de Saint-Malo o\u00f9 c\u2019est \u00ab\u2009tr\u00e8s compliqu\u00e9\u2009\u00bb rapporte un automobiliste \u00e0 actu Rennes.<\/p>\n<p>    <img   decoding=\"async\" loading=\"lazy\" src=\"https:\/\/www.europesays.com\/fr\/wp-content\/uploads\/2026\/01\/rennes-neige-rue-saint-malo-bouchons-circulation-960x640.jpeg\" alt=\"La rue de Saint-Malo est compl\u00e8tement bouch\u00e9e \u00e0 Rennes.\" width=\"960\" height=\"640\"\/><br \/>\n    La rue de Saint-Malo est compl\u00e8tement bouch\u00e9e \u00e0 Rennes. (\u00a9Brian Le Goff\/actu Rennes)16h20 \u2013 Les bus ne circulent pas<\/p>\n<p class=\" wall-content\"><a href=\"https:\/\/actu.fr\/bretagne\/rennes_35238\/neige-a-rennes-le-reseau-star-annonce-des-perturbations-les-bus-ne-circulent-plus_63652540.html\" target=\"_blank\" rel=\"noopener\">Le r\u00e9seau STAR a annonc\u00e9 que l\u2019ensemble des bus rentrent au d\u00e9p\u00f4t<\/a> jusqu\u2019\u00e0 nouvel ordre \u00e0 cause des conditions de circulation.<\/p>\n<p>    <img   decoding=\"async\" loading=\"lazy\" src=\"https:\/\/www.europesays.com\/fr\/wp-content\/uploads\/2026\/01\/whatsapp-image-2026-01-05-at-164938-1-960x640.jpeg\" alt=\"xx\" width=\"960\" height=\"640\"\/><br \/>\n    Les bus d\u00e9posent les voyageurs \u00e0 R\u00e9publique, avant de rentrer au d\u00e9p\u00f4t. (\u00a9Laur\u00e8ne Fertin\/actu Rennes)16h15 \u2013 D\u00e9but du direct<\/p>\n<p class=\" wall-content\">Bonjour \u00e0 toutes et tous, la r\u00e9daction d\u2019<a href=\"https:\/\/actu.fr\/rennes\/\" target=\"_blank\" rel=\"noopener\">actu Rennes<\/a> se mobilise et ouvre ce direct consacr\u00e9 \u00e0 la neige \u00e0 Rennes, ce lundi 5\u00a0janvier 2026.<\/p>\n<p class=\" wall-content\">Personnalisez votre actualit\u00e9 en ajoutant vos villes et m\u00e9dias en favori avec <a href=\"https:\/\/moncompte.actu.fr\" title=\"D\u00e9couvez Mon Actu\" rel=\"nofollow noopener\" data-trk=\"{&quot;cta&quot;:{&quot;action&quot;:&quot;https:\\\/\\\/moncompte.actu.fr&quot;,&quot;category&quot;:&quot;mon compte&quot;,&quot;from&quot;:&quot;article footer&quot;,&quot;name&quot;:&quot;Mon actu&quot;,&quot;type&quot;:&quot;cta&quot;}}\" target=\"_blank\">Mon Actu<\/a>.<\/p>\n","protected":false},"excerpt":{"rendered":"Par Cl\u00e9mence Pays Publi\u00e9 le 5 janv. 2026 \u00e0 16h25 En quelques minutes, Rennes s\u2019est couverte d\u2019un manteau&hellip;\n","protected":false},"author":2,"featured_media":643416,"comment_status":"","ping_status":"","sticky":false,"template":"","format":"standard","meta":{"footnotes":""},"categories":[2821],"tags":[1111,11,829,1777,674,1011,27,803,2487,2357,10584,12,584,25],"class_list":{"0":"post-643415","1":"post","2":"type-post","3":"status-publish","4":"format-standard","5":"has-post-thumbnail","7":"category-rennes","8":"tag-actu","9":"tag-actualites","10":"tag-bretagne","11":"tag-eu","12":"tag-europe","13":"tag-fr","14":"tag-france","15":"tag-info-trafic","16":"tag-meteo","17":"tag-meteo-france","18":"tag-neige","19":"tag-news","20":"tag-rennes","21":"tag-republique-francaise"},"share_on_mastodon":{"url":"https:\/\/pubeurope.com\/@fr\/115844776335769755","error":""},"_links":{"self":[{"href":"https:\/\/www.europesays.com\/fr\/wp-json\/wp\/v2\/posts\/643415","targetHints":{"allow":["GET"]}}],"collection":[{"href":"https:\/\/www.europesays.com\/fr\/wp-json\/wp\/v2\/posts"}],"about":[{"href":"https:\/\/www.europesays.com\/fr\/wp-json\/wp\/v2\/types\/post"}],"author":[{"embeddable":true,"href":"https:\/\/www.europesays.com\/fr\/wp-json\/wp\/v2\/users\/2"}],"replies":[{"embeddable":true,"href":"https:\/\/www.europesays.com\/fr\/wp-json\/wp\/v2\/comments?post=643415"}],"version-history":[{"count":0,"href":"https:\/\/www.europesays.com\/fr\/wp-json\/wp\/v2\/posts\/643415\/revisions"}],"wp:featuredmedia":[{"embeddable":true,"href":"https:\/\/www.europesays.com\/fr\/wp-json\/wp\/v2\/media\/643416"}],"wp:attachment":[{"href":"https:\/\/www.europesays.com\/fr\/wp-json\/wp\/v2\/media?parent=643415"}],"wp:term":[{"taxonomy":"category","embeddable":true,"href":"https:\/\/www.europesays.com\/fr\/wp-json\/wp\/v2\/categories?post=643415"},{"taxonomy":"post_tag","embeddable":true,"href":"https:\/\/www.europesays.com\/fr\/wp-json\/wp\/v2\/tags?post=643415"}],"curies":[{"name":"wp","href":"https:\/\/api.w.org\/{rel}","templated":true}]}}