{"id":643417,"date":"2026-01-05T22:09:11","date_gmt":"2026-01-05T22:09:11","guid":{"rendered":"https:\/\/www.europesays.com\/fr\/643417\/"},"modified":"2026-01-05T22:09:11","modified_gmt":"2026-01-05T22:09:11","slug":"a-rennes-les-automobilistes-appellent-a-la-prudence-sur-les-routes-enneigees","status":"publish","type":"post","link":"https:\/\/www.europesays.com\/fr\/643417\/","title":{"rendered":"\u00e0 Rennes, les automobilistes appellent \u00e0 la prudence sur les routes enneig\u00e9es"},"content":{"rendered":"<p class=\"intro \">Alors que la France a \u00e9t\u00e9 touch\u00e9e par un important \u00e9pisode neigeux ce lundi, les automobilistes bretons ou normands ont connu des difficult\u00e9s \u00e0 regagner leur domicile. Avec parfois m\u00eame, des incidents plus ou moins impactants sur la route.<\/p>\n<p>Comme \u00e0 <a href=\"https:\/\/www.europe1.fr\/societe\/meteo-la-vigilance-orange-a-la-neige-et-au-verglas-setend-a-26-departements-877496\" target=\"_blank\" rel=\"noopener\">beaucoup d&rsquo;autres endroits en France<\/a>, \u00e0 Rennes ce lundi soir, les trottoirs sont recouverts d&rsquo;un \u00e9pais manteau blanc. Suffisant pour chausser les apr\u00e8s-ski, mais aussi pour cr\u00e9er une belle pagaille sur les routes, car en sortant du travail, les automobilistes ont \u00e9t\u00e9 contraints de rouler au pas.<\/p>\n<p>    La suite apr\u00e8s cette publicit\u00e9<\/p>\n<p>    La suite apr\u00e8s cette publicit\u00e9<\/p>\n<p>Les saleuses n&rsquo;ont pas eu le temps de traiter les routes<\/p>\n<p>\u00ab\u00a0J&rsquo;ai mis deux heures pour faire 7-8 km et il m&rsquo;en reste 30\u00a0\u00bb, t\u00e9moigne David, confirmant que la route est tr\u00e8s glissante. \u00ab\u00a0Il faut bien que \u00e7a arrive, la neige, donc on fait avec, mais c&rsquo;est s\u00fbr qu&rsquo;on n&rsquo;est pas \u00e9quip\u00e9s pour. On va rouler doucement, j&rsquo;ai failli tamponner quelqu&rsquo;un\u00a0\u00bb, confie-t-il \u00e9galement.<\/p>\n<p>De belles frayeurs, avec parfois m\u00eame, un v\u00e9hicule terminant sa course dans le foss\u00e9, notamment dans le Calvados sur l&rsquo;A84, ou dans le Finist\u00e8re. Les saleuses n&rsquo;ont pas eu le temps de traiter les routes, et alors que le tarif devrait \u00eatre le m\u00eame mardi, une commerciale a d\u00e9cid\u00e9 de prendre <a href=\"https:\/\/www.europe1.fr\/societe\/neige-froid-a-quoi-faut-il-sattendre-ces-prochains-jours-877530\" target=\"_blank\" rel=\"noopener\">ses dispositions pour la semaine<\/a>. \u00ab\u00a0Je r\u00e9duis aujourd&rsquo;hui, demain et mercredi, ils annoncent de la pluie vergla\u00e7ante. Donc on va faire beaucoup de t\u00e9l\u00e9phone, c&rsquo;est bien aussi le t\u00e9l\u00e9travail\u00a0\u00bb, assure cette derni\u00e8re.<\/p>\n<p>    La suite apr\u00e8s cette publicit\u00e9<\/p>\n<p>    La suite apr\u00e8s cette publicit\u00e9<\/p>\n<p>Les transports scolaires ne rouleront pas en Bretagne ni en Normandie ce mardi. Certains \u00e9tablissements avaient d&rsquo;ailleurs d\u00e9cid\u00e9 de fermer leurs portes d\u00e8s lundi apr\u00e8s-midi.<\/p>\n","protected":false},"excerpt":{"rendered":"Alors que la France a \u00e9t\u00e9 touch\u00e9e par un important \u00e9pisode neigeux ce lundi, les automobilistes bretons ou&hellip;\n","protected":false},"author":2,"featured_media":643418,"comment_status":"","ping_status":"","sticky":false,"template":"","format":"standard","meta":{"footnotes":""},"categories":[2821],"tags":[1111,11,829,1777,674,1011,27,12,584,25],"class_list":{"0":"post-643417","1":"post","2":"type-post","3":"status-publish","4":"format-standard","5":"has-post-thumbnail","7":"category-rennes","8":"tag-actu","9":"tag-actualites","10":"tag-bretagne","11":"tag-eu","12":"tag-europe","13":"tag-fr","14":"tag-france","15":"tag-news","16":"tag-rennes","17":"tag-republique-francaise"},"share_on_mastodon":{"url":"https:\/\/pubeurope.com\/@fr\/115844780293398001","error":""},"_links":{"self":[{"href":"https:\/\/www.europesays.com\/fr\/wp-json\/wp\/v2\/posts\/643417","targetHints":{"allow":["GET"]}}],"collection":[{"href":"https:\/\/www.europesays.com\/fr\/wp-json\/wp\/v2\/posts"}],"about":[{"href":"https:\/\/www.europesays.com\/fr\/wp-json\/wp\/v2\/types\/post"}],"author":[{"embeddable":true,"href":"https:\/\/www.europesays.com\/fr\/wp-json\/wp\/v2\/users\/2"}],"replies":[{"embeddable":true,"href":"https:\/\/www.europesays.com\/fr\/wp-json\/wp\/v2\/comments?post=643417"}],"version-history":[{"count":0,"href":"https:\/\/www.europesays.com\/fr\/wp-json\/wp\/v2\/posts\/643417\/revisions"}],"wp:featuredmedia":[{"embeddable":true,"href":"https:\/\/www.europesays.com\/fr\/wp-json\/wp\/v2\/media\/643418"}],"wp:attachment":[{"href":"https:\/\/www.europesays.com\/fr\/wp-json\/wp\/v2\/media?parent=643417"}],"wp:term":[{"taxonomy":"category","embeddable":true,"href":"https:\/\/www.europesays.com\/fr\/wp-json\/wp\/v2\/categories?post=643417"},{"taxonomy":"post_tag","embeddable":true,"href":"https:\/\/www.europesays.com\/fr\/wp-json\/wp\/v2\/tags?post=643417"}],"curies":[{"name":"wp","href":"https:\/\/api.w.org\/{rel}","templated":true}]}}