{"id":643419,"date":"2026-01-05T22:10:21","date_gmt":"2026-01-05T22:10:21","guid":{"rendered":"https:\/\/www.europesays.com\/fr\/643419\/"},"modified":"2026-01-05T22:10:21","modified_gmt":"2026-01-05T22:10:21","slug":"comment-sinscrire-sur-les-listes-electorales-a-strasbourg","status":"publish","type":"post","link":"https:\/\/www.europesays.com\/fr\/643419\/","title":{"rendered":"comment s\u2019inscrire sur les listes \u00e9lectorales \u00e0 Strasbourg ?"},"content":{"rendered":"<p>    <img loading=\"lazy\" width=\"1800\" height=\"900\" src=\"https:\/\/www.europesays.com\/fr\/wp-content\/uploads\/2025\/11\/jeanne-callthepolice.jpg\" class=\"attachment-full size-full\" alt=\"\" id=\"imageLove\" decoding=\"async\"  \/><\/p>\n<p id=\"breadcrumbs\"><a href=\"https:\/\/pokaa.fr\/\" target=\"_blank\" rel=\"noopener\">Accueil<\/a> \/ <a href=\"https:\/\/pokaa.fr\/categories\/municipales-2026\/\" target=\"_blank\" rel=\"noopener\">Municipales 2026<\/a> \/ \u00c9lections municipales 2026 : comment s\u2019inscrire sur les listes \u00e9lectorales \u00e0 Strasbourg ?<\/p>\n<p>                    Municipales 2026<\/p>\n<p><strong>\u00c0 l\u2019approche des \u00e9lections municipales des 15 et 22 mars 2026, la Ville de Strasbourg rappelle l\u2019importance d\u2019\u00eatre inscrit(e) sur les listes \u00e9lectorales pour pouvoir voter. D\u00e9marches, pi\u00e8ces \u00e0 fournir, d\u00e9lais : on fait le point sur tout ce qu\u2019il faut savoir pour s\u2019inscrire ou v\u00e9rifier son inscription, et participer au scrutin !\u00a0<\/strong><\/p>\n<p>\u00c0 chaque \u00e9lection, la m\u00eame question : <strong>comment s\u2019inscrire sur les listes \u00e9lectorales ?<\/strong> \u00c7a tombe bien, car la Ville de Strasbourg vient de communiquer sur les modalit\u00e9s d\u00e9di\u00e9es aux \u00e9lections municipales 2026.<\/p>\n<p>Voici donc<strong> un petit guide pour conna\u00eetre toutes les marches \u00e0 suivre et pouvoir voter<\/strong> les 15 et 22 mars prochains.<\/p>\n<p>                <a href=\"https:\/\/pokaa.fr\/2025\/12\/10\/municipales-2026-un-nouveau-sondage-place-trautmann-largement-en-tete-a-strasbourg\/\" target=\"_blank\" rel=\"noopener\"><br \/>\n                    <img width=\"450\" height=\"270\" src=\"https:\/\/www.europesays.com\/fr\/wp-content\/uploads\/2025\/12\/b4-450x270.jpg\" class=\"attachment-card-horizontal--same-subject size-card-horizontal--same-subject wp-post-image\" alt=\"\" decoding=\"async\" loading=\"lazy\"\/>                <\/a><\/p>\n<p>    <img width=\"800\" height=\"533\" src=\"https:\/\/www.europesays.com\/fr\/wp-content\/uploads\/2026\/01\/vote-strasbourg-3.jpg\" class=\"attachment-image-size-L size-image-size-L\" alt=\"vote strasbourg 3\" decoding=\"async\" loading=\"lazy\"  \/>         \u00a9 ML \/ Pokaa <\/p>\n<p>Avant toute chose, quelques informations<\/p>\n<p>Si c\u2019est la premi\u00e8re fois que vous vous inscrivez sur les listes \u00e9lectorales \u00e0 Strasbourg, pas de panique, le proc\u00e9d\u00e9 est plut\u00f4t simple. <strong>D\u00e9j\u00e0<\/strong>, <strong>si vous venez d\u2019avoir 18 ans, vous vous retrouvez automatiquement sur les listes \u00e9lectorales si vous avez effectu\u00e9 la d\u00e9marche de recensement citoyen \u00e0 partir de 16 ans<\/strong>.<\/p>\n<p>    <img width=\"800\" height=\"457\" src=\"https:\/\/www.europesays.com\/fr\/wp-content\/uploads\/2026\/01\/a11-800x457.png\" class=\"attachment-image-size-L size-image-size-L\" alt=\"strasbourg cath\u00e9drale Petite France\" decoding=\"async\" loading=\"lazy\"  \/>         \u00a9 Anthony Jilli \/ Pokaa <\/p>\n<p>Pour les Strasbourgeoises et Strasbourgeois qui ont d\u00e9m\u00e9nag\u00e9, par exemple du quartier Laiterie \u00e0 celui du Conseil des XV, <strong>il est \u00e9galement important de se r\u00e9inscrire dans son nouveau bureau de vote (plus d\u2019informations en dessous).\u00a0<\/strong><\/p>\n<p style=\"font-weight: 400;\">\u00c0 noter : la d\u00e9marche de s\u2019inscrire sur les listes \u00e9lectorales est ouverte \u00e0<strong> toute personne majeure de nationalit\u00e9 fran\u00e7aise<\/strong> jouissant de ses droits civils et politiques, ainsi qu\u2019aux<strong> ressortissant(e)s de l\u2019Union europ\u00e9enne<\/strong> <strong>r\u00e9sidant \u00e0 Strasbourg<\/strong> !<\/p>\n<p>    <img width=\"800\" height=\"580\" src=\"https:\/\/www.europesays.com\/fr\/wp-content\/uploads\/2026\/01\/carte-electorale-francaise-recto.jpg\" class=\"attachment-image-size-L size-image-size-L\" alt=\"Carte electorale francaise recto\" decoding=\"async\" loading=\"lazy\"  \/>         \u00a9 Domaine public \/ Photo d&rsquo;illustration <\/p>\n<p>Comment s&rsquo;inscrire ? <\/p>\n<p>Tout d\u2019abord, la Ville rappelle que les habitant(e)s \u00ab peuvent v\u00e9rifier en ligne leur inscription ou localiser leur bureau de vote \u00bb. Pour cela, <strong><a href=\"https:\/\/www.strasbourg.eu\/rechercher-bureau-vote?p_p_id=eu_strasbourg_portlet_felec_portlet_FelecWebPortlet&amp;p_p_lifecycle=1&amp;p_p_state=normal&amp;p_p_mode=view\" target=\"_blank\" rel=\"noopener\">il suffit de cliquer ici<\/a><\/strong>. Si le site web ne vous trouve pas, <strong>cela veut dire qu\u2019il faut normalement s\u2019inscrire sur les listes \u00e9lectorales<\/strong>.<\/p>\n<p>Tr\u00e8s important : pour gagner du temps,<strong> munissez-vous d\u2019un document d\u2019identit\u00e9, ainsi que d\u2019un justificatif de domicile <\/strong>(facture d\u2019eau, d\u2019\u00e9lectricit\u00e9, de t\u00e9l\u00e9phone) <strong>de moins de trois mois<\/strong>.<\/p>\n<p>    <img width=\"800\" height=\"601\" src=\"https:\/\/www.europesays.com\/fr\/wp-content\/uploads\/2025\/08\/pexels-photo-821721-1-e1568366757843.jpeg\" class=\"attachment-image-size-L size-image-size-L\" alt=\"ordinateur CC\" decoding=\"async\" loading=\"lazy\"\/>         \u00a9 Pokaa <\/p>\n<p>Ensuite, il y a 3 options :<\/p>\n<ul>\n<li><strong>Vous inscrire en ligne, <\/strong><a href=\"https:\/\/www.authentification.service-public.fr\/auth\/realms\/service-public\/protocol\/openid-connect\/auth?client_id=dile&amp;scope=openid&amp;response_type=code&amp;code_challenge=RLB5ef83SKBk1hk8l7xJR5MsK8ctaBcXUxBFuenDuUo&amp;code_challenge_method=S256&amp;response_mode=fragment&amp;redirect_uri=https%3A%2F%2Fwww.inscriptionelectorale.service-public.fr%2Flogin&amp;nonce=test&amp;state=Lw%3D%3D\" target=\"_blank\" rel=\"noopener\">juste ici<\/a>. C\u2019est la solution la plus simple et la plus rapide, mais il faut ma\u00eetriser les outils num\u00e9riques.<\/li>\n<li><strong>Vous rendre dans l\u2019une des mairies de quartier<\/strong> (<a href=\"https:\/\/www.strasbourg.eu\/centre-administratif-mairies-quartier\" target=\"_blank\" rel=\"noopener\">\u00e0 localiser sur ce site<\/a>) <strong>ou au centre administratif,<\/strong> \u00e0 c\u00f4t\u00e9 de la place de l\u2019\u00c9toile.<\/li>\n<li><strong>Envoyer votre demande par courrier<\/strong> \u00e0 cette adresse : Eurom\u00e9tropole de Strasbourg \u2013 Centre administratif \/ Service \u00e9tat civil et \u00e9lections \u2013 Bureau des \u00e9lections \/ Parc de l\u2019\u00c9toile, 67076 Strasbourg cedex.<\/li>\n<\/ul>\n<p>En outre, pour les demandes en mairie et par courrier, il faut \u00e9galement fournir<strong><a href=\"https:\/\/www.service-public.gouv.fr\/particuliers\/vosdroits\/R16024\" target=\"_blank\" rel=\"noopener\"> le formulaire de demande d\u2019inscription<\/a><\/strong>. La Ville pr\u00e9cise \u00e9galement que les \u00ab citoyennes et citoyens peuvent s\u2019inscrire <strong>jusqu\u2019au 4 f\u00e9vrier 2026 par voie \u00e9lectronique <\/strong>et <strong>jusqu\u2019au 6 f\u00e9vrier 2026 en mairie <\/strong>(date de r\u00e9ception) \u00bb. Concernant la procuration, on en reparlera bient\u00f4t, \u00a0mais les informations importantes sont disponibles <a href=\"https:\/\/www.maprocuration.gouv.fr\" target=\"_blank\" rel=\"noopener\">en cliquant ici<\/a>.<\/p>\n<p><strong>Voil\u00e0, maintenant vous savez tout, et si vous avez besoin d\u2019une aide suppl\u00e9mentaire, rendez-vous sur <a href=\"https:\/\/www.strasbourg.eu\/elections\" target=\"_blank\" rel=\"noopener\">la page web d\u00e9di\u00e9e<\/a> ou au 03 98 68 94.\u00a0<\/strong><\/p>\n","protected":false},"excerpt":{"rendered":"Accueil \/ Municipales 2026 \/ \u00c9lections municipales 2026 : comment s\u2019inscrire sur les listes \u00e9lectorales \u00e0 Strasbourg ?&hellip;\n","protected":false},"author":2,"featured_media":643420,"comment_status":"","ping_status":"","sticky":false,"template":"","format":"standard","meta":{"footnotes":""},"categories":[2820],"tags":[1111,11,4188,1777,674,1011,27,775,65449,12,25,640,58524,5995],"class_list":{"0":"post-643419","1":"post","2":"type-post","3":"status-publish","4":"format-standard","5":"has-post-thumbnail","7":"category-strasbourg","8":"tag-actu","9":"tag-actualites","10":"tag-elections-municipales","11":"tag-eu","12":"tag-europe","13":"tag-fr","14":"tag-france","15":"tag-grand-est","16":"tag-listes-electorales","17":"tag-news","18":"tag-republique-francaise","19":"tag-strasbourg","20":"tag-strasbourg-actualite","21":"tag-vote"},"share_on_mastodon":{"url":"https:\/\/pubeurope.com\/@fr\/115844784334755553","error":""},"_links":{"self":[{"href":"https:\/\/www.europesays.com\/fr\/wp-json\/wp\/v2\/posts\/643419","targetHints":{"allow":["GET"]}}],"collection":[{"href":"https:\/\/www.europesays.com\/fr\/wp-json\/wp\/v2\/posts"}],"about":[{"href":"https:\/\/www.europesays.com\/fr\/wp-json\/wp\/v2\/types\/post"}],"author":[{"embeddable":true,"href":"https:\/\/www.europesays.com\/fr\/wp-json\/wp\/v2\/users\/2"}],"replies":[{"embeddable":true,"href":"https:\/\/www.europesays.com\/fr\/wp-json\/wp\/v2\/comments?post=643419"}],"version-history":[{"count":0,"href":"https:\/\/www.europesays.com\/fr\/wp-json\/wp\/v2\/posts\/643419\/revisions"}],"wp:featuredmedia":[{"embeddable":true,"href":"https:\/\/www.europesays.com\/fr\/wp-json\/wp\/v2\/media\/643420"}],"wp:attachment":[{"href":"https:\/\/www.europesays.com\/fr\/wp-json\/wp\/v2\/media?parent=643419"}],"wp:term":[{"taxonomy":"category","embeddable":true,"href":"https:\/\/www.europesays.com\/fr\/wp-json\/wp\/v2\/categories?post=643419"},{"taxonomy":"post_tag","embeddable":true,"href":"https:\/\/www.europesays.com\/fr\/wp-json\/wp\/v2\/tags?post=643419"}],"curies":[{"name":"wp","href":"https:\/\/api.w.org\/{rel}","templated":true}]}}