{"id":643443,"date":"2026-01-05T22:22:10","date_gmt":"2026-01-05T22:22:10","guid":{"rendered":"https:\/\/www.europesays.com\/fr\/643443\/"},"modified":"2026-01-05T22:22:10","modified_gmt":"2026-01-05T22:22:10","slug":"un-pharmacien-marseillais-condamne-a-10-000-e-damende-ferme-pour-avoir-accepte-des-cadeaux","status":"publish","type":"post","link":"https:\/\/www.europesays.com\/fr\/643443\/","title":{"rendered":"un pharmacien marseillais condamn\u00e9 \u00e0 10\u00a0000\u00a0\u20ac d\u2019amende ferme pour avoir accept\u00e9 des cadeaux"},"content":{"rendered":"<p>C\u2019est une histoire que les juges marseillais commencent \u00e0 bien conna\u00eetre. Ce lundi 5\u00a0janvier, a comparu devant le tribunal correctionnel <a href=\"https:\/\/www.laprovence.com\/article\/faits-divers-justice\/55326517769236\/iphone-champagne-et-bracelet-dior-les-petits-cadeaux-des-laboratoires-urgo-a-un-pharmacien-marseillais\" target=\"_blank\" rel=\"noopener\">l\u2019un des pharmaciens du scandale Urgo<\/a>, du nom du groupe pharmaceutique fran\u00e7ais \u00e9pingl\u00e9 en\u00a02021 par la Direction g\u00e9n\u00e9rale de la r\u00e9pression des fraudes (DGCCRF) pour avoir offert des cadeaux de luxes \u00e0 8\u00a0672\u00a0patrons d\u2019officines aux quatre coins de la France en \u00e9changes de remises sur leurs commandes. Une infraction \u00e0 la \u00ab\u00a0loi anti-cadeaux\u00a0\u00bb, qui interdit depuis\u00a01993 les professionnels de sant\u00e9 d\u2019accepter des pr\u00e9sents de fournisseurs.<\/p>\n<p>En janvier\u00a02023, le groupe Urgo via deux de ses filiales avait \u00e9t\u00e9 condamn\u00e9 \u00e0 une amende de 1,125\u00a0million d\u2019euros, dont 625\u00a0000\u00a0euros avec sursis, et la confiscation de plus de 5,4\u00a0millions d\u2019euros par le tribunal correctionnel de Dijon. Dans la foul\u00e9e, les enqu\u00eateurs de la r\u00e9pression des fraudes avaient transmis aux diff\u00e9rents parquets de France les dossiers des pharmaciens impliqu\u00e9s. Ils \u00e9taient <a href=\"https:\/\/www.laprovence.com\/article\/faits-divers-justice\/125610507274914\/des-pharmaciens-marseillais-condamnes-pour-avoir-recu-des-cadeaux-durgo\" target=\"_blank\" rel=\"noopener\">216\u00a0praticiens dans le ressort du parquet<\/a> de <a href=\"https:\/\/www.laprovence.com\/bouches-du-rhone\/marseille-13055\" target=\"_blank\" rel=\"noopener\">Marseille<\/a>, pour des montants de cadeaux allant de 62\u00a0euros \u00e0 83\u00a0000\u00a0euros, les plus larges b\u00e9n\u00e9ficiaires \u00e9tant poursuivis, les autres b\u00e9n\u00e9ficiant d\u2019alternatives aux poursuites.<\/p>\n<p>15\u00a0000\u00a0\u20ac d\u2019amende requis<\/p>\n<p>G\u00e9rant d\u2019une pharmacie du cours Belsunce (1er), \u00c9ric N. s\u2019\u00e9tait fait offrir cinq montres de luxe, des bonnes bouteilles et de l\u2019\u00e9lectrom\u00e9nager pour une valeur globale de 15\u00a0000\u00a0\u20ac entre\u00a02015 et\u00a02020. Se pr\u00e9sentant comme une \u00ab\u00a0victime\u00a0\u00bb du groupe Urgo, inventeur \u00ab\u00a0d\u2019un syst\u00e8me pour pi\u00e9ger les pharmaciens\u00a0\u00bb, il a plaid\u00e9 \u00e0 la barre l\u2019ignorance, soutenu par son avocate, Julie Requin-Tourret qui a mis en exergue la confiance que la profession accordait \u00e0 ce g\u00e9ant de l\u2019industrie pharmaceutique.<\/p>\n<p>Le pharmacien marseillais a \u00e9t\u00e9 condamn\u00e9 \u00e0 15\u00a0000\u00a0\u20ac d\u2019amende dont 5\u00a0000\u00a0\u20ac avec sursis. Une peine moins lourde que celle requise par le procureur Guillaume Bricier de 15\u00a0000\u00a0\u20ac ferme, mais une condamnation identique \u00e0 celle <a href=\"https:\/\/www.laprovence.com\/article\/faits-divers-justice\/2544519662870815\/marseille-10-000-e-d-amende-ferme-pour-le-pharmacien-trop-gate-par-un-laboratoire-pharmaceutique\" target=\"_blank\" rel=\"noopener\">de plusieurs praticiens<\/a> <a href=\"https:\/\/www.laprovence.com\/article\/faits-divers-justice\/63425491256348\/scandale-urgo-2-pharmaciens-marseillais-condamnes-pour-avoir-accepte-les-cadeaux-du-groupe-pharmaceutique\" target=\"_blank\" rel=\"noopener\">jug\u00e9s \u00e0 Marseille<\/a> ces derniers mois.<\/p>\n","protected":false},"excerpt":{"rendered":"C\u2019est une histoire que les juges marseillais commencent \u00e0 bien conna\u00eetre. Ce lundi 5\u00a0janvier, a comparu devant le&hellip;\n","protected":false},"author":2,"featured_media":643444,"comment_status":"","ping_status":"","sticky":false,"template":"","format":"standard","meta":{"footnotes":""},"categories":[2814],"tags":[75001,5734,1111,11,1102,8652,19089,1777,674,274,1011,27,761,884,12,75000,882,25,1747,74999],"class_list":{"0":"post-643443","1":"post","2":"type-post","3":"status-publish","4":"format-standard","5":"has-post-thumbnail","7":"category-marseille","8":"tag-10-000-e","9":"tag-5734","10":"tag-actu","11":"tag-actualites","12":"tag-breakingnews","13":"tag-condamne","14":"tag-damende","15":"tag-eu","16":"tag-europe","17":"tag-faits-divers-justice","18":"tag-fr","19":"tag-france","20":"tag-marseillais","21":"tag-marseille","22":"tag-news","23":"tag-pharmacien","24":"tag-provence-alpes-cote-dazur","25":"tag-republique-francaise","26":"tag-scandale","27":"tag-urgo"},"share_on_mastodon":{"url":"https:\/\/pubeurope.com\/@fr\/115844831284326287","error":""},"_links":{"self":[{"href":"https:\/\/www.europesays.com\/fr\/wp-json\/wp\/v2\/posts\/643443","targetHints":{"allow":["GET"]}}],"collection":[{"href":"https:\/\/www.europesays.com\/fr\/wp-json\/wp\/v2\/posts"}],"about":[{"href":"https:\/\/www.europesays.com\/fr\/wp-json\/wp\/v2\/types\/post"}],"author":[{"embeddable":true,"href":"https:\/\/www.europesays.com\/fr\/wp-json\/wp\/v2\/users\/2"}],"replies":[{"embeddable":true,"href":"https:\/\/www.europesays.com\/fr\/wp-json\/wp\/v2\/comments?post=643443"}],"version-history":[{"count":0,"href":"https:\/\/www.europesays.com\/fr\/wp-json\/wp\/v2\/posts\/643443\/revisions"}],"wp:featuredmedia":[{"embeddable":true,"href":"https:\/\/www.europesays.com\/fr\/wp-json\/wp\/v2\/media\/643444"}],"wp:attachment":[{"href":"https:\/\/www.europesays.com\/fr\/wp-json\/wp\/v2\/media?parent=643443"}],"wp:term":[{"taxonomy":"category","embeddable":true,"href":"https:\/\/www.europesays.com\/fr\/wp-json\/wp\/v2\/categories?post=643443"},{"taxonomy":"post_tag","embeddable":true,"href":"https:\/\/www.europesays.com\/fr\/wp-json\/wp\/v2\/tags?post=643443"}],"curies":[{"name":"wp","href":"https:\/\/api.w.org\/{rel}","templated":true}]}}