{"id":643464,"date":"2026-01-05T22:34:17","date_gmt":"2026-01-05T22:34:17","guid":{"rendered":"https:\/\/www.europesays.com\/fr\/643464\/"},"modified":"2026-01-05T22:34:17","modified_gmt":"2026-01-05T22:34:17","slug":"le-gouvernement-reduit-le-nombre-de-vaccins-recommandes-pour-les-enfants","status":"publish","type":"post","link":"https:\/\/www.europesays.com\/fr\/643464\/","title":{"rendered":"Le gouvernement r\u00e9duit le nombre de vaccins recommand\u00e9s pour les enfants"},"content":{"rendered":"<p>La politique am\u00e9ricaine en mati\u00e8re de sant\u00e9 continue d\u2019inqui\u00e9ter les sp\u00e9cialistes. Ce lundi, le minist\u00e8re am\u00e9ricain de la Sant\u00e9, dirig\u00e9 par le vaccinosceptique <a href=\"https:\/\/www.20minutes.fr\/monde\/robert-kennedy-jr\/\" class=\"c-link c-link--is-underlined\" target=\"_blank\" rel=\"noopener\">Robert Kennedy\u00a0Jr<\/a>, a annonc\u00e9 r\u00e9duire le nombre de vaccins recommand\u00e9s pour l\u2019ensemble des enfants, une d\u00e9cision lourde de cons\u00e9quences d\u00e9j\u00e0 critiqu\u00e9e par le secteur.<\/p>\n<p>Avec cette r\u00e9forme, six <a href=\"https:\/\/www.20minutes.fr\/dossier\/vaccin\" class=\"c-link c-link--is-underlined\" target=\"_blank\" rel=\"noopener\">vaccins<\/a> pr\u00e9c\u00e9demment recommand\u00e9s \u00e0 tous les enfants ne le seront d\u00e9sormais plus que pour ceux particuli\u00e8rement \u00e0 risque. Cela concerne les vaccins contre la <a href=\"https:\/\/www.20minutes.fr\/dossier\/grippe\" class=\"c-link c-link--is-underlined\" target=\"_blank\" rel=\"noopener\">grippe<\/a>, l\u2019h\u00e9patite A et B, les m\u00e9ningocoques (\u00e0 l\u2019origine de m\u00e9ningites), ainsi que contre les rotavirus, responsable de gastro-ent\u00e9rites. Celui contre le <a href=\"https:\/\/www.20minutes.fr\/societe\/covid-19\/\" class=\"c-link c-link--is-underlined\" target=\"_blank\" rel=\"noopener\">Covid-19<\/a> avait d\u00e9j\u00e0 \u00e9t\u00e9 retir\u00e9 de la liste des vaccins recommand\u00e9s \u00e0 tous les enfants il y a quelques mois.<\/p>\n<p>La r\u00e9vision de la politique vaccinale\u00a0: une demande de Trump<\/p>\n<p>Le pr\u00e9sident <a href=\"https:\/\/www.20minutes.fr\/dossier\/donald_trump\" class=\"c-link c-link--is-underlined\" target=\"_blank\" rel=\"noopener\">Donald Trump<\/a> avait demand\u00e9 \u00e0 son ministre de revoir la politique vaccinale am\u00e9ricaine \u00e0 l\u2019aune des pratiques des autres pays d\u00e9velopp\u00e9s.<\/p>\n<p>\u00ab\u00a0Apr\u00e8s un passage en revue exhaustif des connaissances\u00a0\u00bb, a d\u00e9clar\u00e9 le ministre Robert Kennedy\u00a0Jr dans un communiqu\u00e9, \u00ab\u00a0nous alignons le calendrier am\u00e9ricain des vaccinations p\u00e9diatriques avec le consensus international, tout en am\u00e9liorant la transparence et le consentement \u00e9clair\u00e9.\u00a0\u00bb Mais de nombreux m\u00e9decins s\u2019inqui\u00e8tent.<\/p>\n<\/p>\n<p>\u00ab\u00a0Le calendrier am\u00e9ricain pour les vaccins pour enfants est l\u2019un des outils les plus minutieusement \u00e9tudi\u00e9s que nous ayons pour prot\u00e9ger les enfants de maladies graves, parfois mortelles\u00a0\u00bb, a r\u00e9agi Sean O\u2019Leary, sp\u00e9cialiste en maladies infectieuses et p\u00e9diatrie.<\/p>\n<p>\u00ab\u00a0Il est crucial que toute d\u00e9cision\u00a0\u00bb \u00e0 ce sujet \u00ab\u00a0soit bas\u00e9e sur des preuves\u00a0\u00bb et \u00ab\u00a0non des comparaisons qui ne tiennent pas compte de diff\u00e9rences majeures entre pays et syst\u00e8mes de sant\u00e9,\u00a0\u00bb a-t-il ajout\u00e9.<\/p>\n<p>Une politique de sant\u00e9 qui suscite l\u2019inqui\u00e9tude<\/p>\n<p>Cette d\u00e9cision intervient apr\u00e8s de nombreuses autres, toutes allant dans le m\u00eame sens critique envers la vaccination. En d\u00e9cembre, l\u2019Agence am\u00e9ricaine du m\u00e9dicament (FDA) a dit enqu\u00eater sur de possibles morts li\u00e9es aux vaccins contre le Covid-19, quand bien m\u00eame l\u2019efficacit\u00e9 et la s\u00e9curit\u00e9 des <a href=\"https:\/\/www.20minutes.fr\/sante\/vaccin-anti-covid\/\" class=\"c-link c-link--is-underlined\" target=\"_blank\" rel=\"noopener\">vaccins anti-Covid<\/a> ont \u00e9t\u00e9 document\u00e9es par de nombreuses \u00e9tudes.<\/p>\n<p>Plus t\u00f4t ce m\u00eame mois, un groupe d\u2019experts enti\u00e8rement remani\u00e9 par le ministre a d\u00e9cid\u00e9 de cesser de recommander le vaccin contre l\u2019h\u00e9patite B \u00e0 l\u2019ensemble des nouveau-n\u00e9s, et ce contre l\u2019avis de nombreux soignants.<\/p>\n<p>Ces initiatives suscitent l\u2019inqui\u00e9tude au sein de la communaut\u00e9 m\u00e9dicale am\u00e9ricaine, qui accuse ces experts de chercher \u00e0 restreindre les acc\u00e8s aux vaccins, alors m\u00eame que les taux de vaccination du pays \u00e9voluent \u00e0 la baisse depuis la pand\u00e9mie de Covid-19 et font craindre le retour de maladies contagieuses mortelles, comme la <a href=\"https:\/\/www.20minutes.fr\/dossier\/rougeole\" class=\"c-link c-link--is-underlined\" target=\"_blank\" rel=\"noopener\">rougeole<\/a>.<\/p>\n","protected":false},"excerpt":{"rendered":"La politique am\u00e9ricaine en mati\u00e8re de sant\u00e9 continue d\u2019inqui\u00e9ter les sp\u00e9cialistes. Ce lundi, le minist\u00e8re am\u00e9ricain de la&hellip;\n","protected":false},"author":2,"featured_media":643465,"comment_status":"","ping_status":"","sticky":false,"template":"","format":"standard","meta":{"footnotes":""},"categories":[1589],"tags":[47,11,13974,75,73,1866,29786,74,12,13973,6405,71,1864,1865,1863,308,773,148],"class_list":{"0":"post-643464","1":"post","2":"type-post","3":"status-publish","4":"format-standard","5":"has-post-thumbnail","7":"category-etats-unis","8":"tag-actualite","9":"tag-actualites","10":"tag-antivaccin","11":"tag-donald-trump","12":"tag-etats-unis","13":"tag-etats-unis-damerique","14":"tag-grippe","15":"tag-monde","16":"tag-news","17":"tag-robert-kennedy-jr","18":"tag-rougeole","19":"tag-sante","20":"tag-united-states","21":"tag-united-states-of-america","22":"tag-us","23":"tag-usa","24":"tag-vaccin","25":"tag-vaccination"},"share_on_mastodon":{"url":"https:\/\/pubeurope.com\/@fr\/115844878381307025","error":""},"_links":{"self":[{"href":"https:\/\/www.europesays.com\/fr\/wp-json\/wp\/v2\/posts\/643464","targetHints":{"allow":["GET"]}}],"collection":[{"href":"https:\/\/www.europesays.com\/fr\/wp-json\/wp\/v2\/posts"}],"about":[{"href":"https:\/\/www.europesays.com\/fr\/wp-json\/wp\/v2\/types\/post"}],"author":[{"embeddable":true,"href":"https:\/\/www.europesays.com\/fr\/wp-json\/wp\/v2\/users\/2"}],"replies":[{"embeddable":true,"href":"https:\/\/www.europesays.com\/fr\/wp-json\/wp\/v2\/comments?post=643464"}],"version-history":[{"count":0,"href":"https:\/\/www.europesays.com\/fr\/wp-json\/wp\/v2\/posts\/643464\/revisions"}],"wp:featuredmedia":[{"embeddable":true,"href":"https:\/\/www.europesays.com\/fr\/wp-json\/wp\/v2\/media\/643465"}],"wp:attachment":[{"href":"https:\/\/www.europesays.com\/fr\/wp-json\/wp\/v2\/media?parent=643464"}],"wp:term":[{"taxonomy":"category","embeddable":true,"href":"https:\/\/www.europesays.com\/fr\/wp-json\/wp\/v2\/categories?post=643464"},{"taxonomy":"post_tag","embeddable":true,"href":"https:\/\/www.europesays.com\/fr\/wp-json\/wp\/v2\/tags?post=643464"}],"curies":[{"name":"wp","href":"https:\/\/api.w.org\/{rel}","templated":true}]}}