{"id":643468,"date":"2026-01-05T22:36:11","date_gmt":"2026-01-05T22:36:11","guid":{"rendered":"https:\/\/www.europesays.com\/fr\/643468\/"},"modified":"2026-01-05T22:36:11","modified_gmt":"2026-01-05T22:36:11","slug":"harry-kane-nen-peut-plus-de-lallemagne","status":"publish","type":"post","link":"https:\/\/www.europesays.com\/fr\/643468\/","title":{"rendered":"Harry Kane n&rsquo;en peut plus de l&rsquo;Allemagne"},"content":{"rendered":"<p>\u00c0 Munich, Harry Kane d\u00e9couvre une autre<br \/>\nfacette de l\u2019exil : celle qui ne se joue ni sur le terrain, ni sur<br \/>\nla feuille de match.<\/p>\n<p>L\u2019adaptation \u00e0 l\u2019\u00e9tranger ne se mesure pas uniquement en buts ou<br \/>\nen troph\u00e9es. Pour Harry Kane, install\u00e9 au Bayern Munich depuis<br \/>\nl\u2019\u00e9t\u00e9 2023, l\u2019int\u00e9gration passe aussi par un d\u00e9fi bien moins<br \/>\nm\u00e9diatis\u00e9 : la langue. Malgr\u00e9 sa volont\u00e9 affich\u00e9e de s\u2019immerger<br \/>\npleinement dans la culture bavaroise, le capitaine anglais admet<br \/>\nque l\u2019apprentissage de l\u2019allemand s\u2019av\u00e8re plus compliqu\u00e9 que<br \/>\npr\u00e9vu.<\/p>\n<p>L\u2019allemand, point noir de Kane<\/p>\n<p>\u00ab C\u2019est tr\u00e8s difficile, honn\u00eatement \u00bb, reconna\u00eet Kane,<br \/>\nqui suit pourtant deux cours par semaine. Le buteur de 32 ans<br \/>\nprogresse, comprend davantage les \u00e9changes dans le vestiaire, mais<br \/>\npeine encore \u00e0 se sentir totalement \u00e0 l\u2019aise. Cette barri\u00e8re<br \/>\nlinguistique, souvent sous-estim\u00e9e, rappelle que m\u00eame les stars les<br \/>\nplus aguerries doivent composer avec une r\u00e9alit\u00e9 quotidienne<br \/>\nparfois pesante, loin de leur zone de confort.<\/p>\n<p>Pour autant, pas question de parler de malaise sportif. Kane se<br \/>\nmontre toujours \u00e9logieux envers le Bayern et son environnement. Son<br \/>\nrendement en Bundesliga reste \u00e0 la hauteur des attentes, et son<br \/>\nimplication dans le projet bavarois ne semble pas remise en cause.<br \/>\nAu contraire, l\u2019attaquant se fixe d\u00e9j\u00e0 un objectif symbolique :<br \/>\n\u00eatre capable de donner une interview en allemand avant la fin de la<br \/>\nsaison.<\/p>\n<p>Un d\u00e9tail r\u00e9v\u00e9lateur, mais pas anodin<\/p>\n<p>Ces confidences offrent n\u00e9anmoins un \u00e9clairage int\u00e9ressant sur<br \/>\nle long terme. Si Kane reste concentr\u00e9 sur ses performances et son<br \/>\nr\u00f4le de leader, ce type de fatigue invisible peut compter dans la<br \/>\ndur\u00e9e. En Allemagne, il apprend que l\u2019exil ne se vit pas uniquement<br \/>\nballon au pied. Un apprentissage exigeant, qui teste autant la<br \/>\npatience que la motivation d\u2019un joueur habitu\u00e9 \u00e0 \u00e9voluer dans un<br \/>\ncadre familier.<\/p>\n","protected":false},"excerpt":{"rendered":"\u00c0 Munich, Harry Kane d\u00e9couvre une autre facette de l\u2019exil : celle qui ne se joue ni sur&hellip;\n","protected":false},"author":2,"featured_media":643469,"comment_status":"","ping_status":"","sticky":false,"template":"","format":"standard","meta":{"footnotes":""},"categories":[1587],"tags":[11,672,1804,1805,1803,1777,674,1801,12,1802],"class_list":{"0":"post-643468","1":"post","2":"type-post","3":"status-publish","4":"format-standard","5":"has-post-thumbnail","7":"category-allemagne","8":"tag-actualites","9":"tag-allemagne","10":"tag-bundesrepublik-deutschland","11":"tag-de","12":"tag-deutschland","13":"tag-eu","14":"tag-europe","15":"tag-germany","16":"tag-news","17":"tag-republique-federale-dallemagne"},"share_on_mastodon":{"url":"https:\/\/pubeurope.com\/@fr\/115844886324765130","error":""},"_links":{"self":[{"href":"https:\/\/www.europesays.com\/fr\/wp-json\/wp\/v2\/posts\/643468","targetHints":{"allow":["GET"]}}],"collection":[{"href":"https:\/\/www.europesays.com\/fr\/wp-json\/wp\/v2\/posts"}],"about":[{"href":"https:\/\/www.europesays.com\/fr\/wp-json\/wp\/v2\/types\/post"}],"author":[{"embeddable":true,"href":"https:\/\/www.europesays.com\/fr\/wp-json\/wp\/v2\/users\/2"}],"replies":[{"embeddable":true,"href":"https:\/\/www.europesays.com\/fr\/wp-json\/wp\/v2\/comments?post=643468"}],"version-history":[{"count":0,"href":"https:\/\/www.europesays.com\/fr\/wp-json\/wp\/v2\/posts\/643468\/revisions"}],"wp:featuredmedia":[{"embeddable":true,"href":"https:\/\/www.europesays.com\/fr\/wp-json\/wp\/v2\/media\/643469"}],"wp:attachment":[{"href":"https:\/\/www.europesays.com\/fr\/wp-json\/wp\/v2\/media?parent=643468"}],"wp:term":[{"taxonomy":"category","embeddable":true,"href":"https:\/\/www.europesays.com\/fr\/wp-json\/wp\/v2\/categories?post=643468"},{"taxonomy":"post_tag","embeddable":true,"href":"https:\/\/www.europesays.com\/fr\/wp-json\/wp\/v2\/tags?post=643468"}],"curies":[{"name":"wp","href":"https:\/\/api.w.org\/{rel}","templated":true}]}}