{"id":643470,"date":"2026-01-05T22:37:25","date_gmt":"2026-01-05T22:37:25","guid":{"rendered":"https:\/\/www.europesays.com\/fr\/643470\/"},"modified":"2026-01-05T22:37:25","modified_gmt":"2026-01-05T22:37:25","slug":"leurope-se-mouillera-t-elle-pour-le-groenland","status":"publish","type":"post","link":"https:\/\/www.europesays.com\/fr\/643470\/","title":{"rendered":"\u00abL\u2019Europe se mouillera-t-elle pour le Groenland\u00a0?\u00bb"},"content":{"rendered":"<p>\n    <strong>CHRONIQUE &#8211;<\/strong> Si les \u00c9tats-Unis intervenaient militairement au Groenland, il y a fort \u00e0 parier que les Europ\u00e9ens ne montreraient pas la moindre solidarit\u00e9 militaire avec le Danemark, et ne sanctionneraient m\u00eame pas l\u2019\u00e9conomie am\u00e9ricaine.<\/p>\n<p class=\"fig-paragraph\">Le lendemain de\u00a0<a href=\"http:\/\/www.lefigaro.fr\/international\/dossier\/attaque-americaine-au-venezuela-tous-nos-articles-pour-comprendre\" data-fig-type=\"Topic\" data-gtm-custom-categorie=\"navigation\" data-gtm-custom-action=\"crossclick\" data-gtm-custom-label=\"Contextuel\" data-gtm-event=\"customEventSPE\" data-fig-domain=\"LEFIGARO\" target=\"_blank\" rel=\"noopener\">l\u2019op\u00e9ration militaire am\u00e9ricaine d\u2019enl\u00e8vement \u00e0 Caracas du pr\u00e9sident v\u00e9n\u00e9zu\u00e9lien<\/a>, Katie Miller, l\u2019\u00e9pouse du secr\u00e9taire g\u00e9n\u00e9ral adjoint de la Maison-Blanche, a partag\u00e9, sur le r\u00e9seau social X, le 3\u00a0janvier 2026, une carte du Groenland aux couleurs du drapeau am\u00e9ricain, assortie d\u2019une l\u00e9gende lapidaire\u00a0: \u00ab\u00a0SOON\u00a0\u00bb (bient\u00f4t).<\/p>\n<p class=\"fig-paragraph\">Le message de\u00a0<a href=\"http:\/\/madame.lefigaro.fr\/celebrites\/actu-people\/qui-est-katie-miller-l-epouse-du-conseiller-a-la-maison-blanche-prise-dans-la-querelle-entre-donald-trump-et-elon-musk-20250607\" data-fig-type=\"Article\" data-gtm-custom-categorie=\"navigation\" data-gtm-custom-action=\"crossclick\" data-gtm-custom-label=\"Contextuel\" data-gtm-event=\"customEventSPE\" data-fig-domain=\"MADAME\" target=\"_blank\" rel=\"noopener\">Katie Miller<\/a>\u00a0doit \u00eatre pris s\u00e9rieux. Ce n\u2019est pas une fofolle textant les lubies qui lui passent par la t\u00eate. C\u2019est une militante r\u00e9publicaine de haut niveau, dipl\u00f4m\u00e9e de deux universit\u00e9s am\u00e9ricaines, qui travailla pour le parti d\u00e8s 2014, pour parvenir \u00e0 la fonction importante de patronne de la communication de la vice-pr\u00e9sidence, sous la premi\u00e8re Administration Trump. En f\u00e9vrier 2025, le 47e\u00a0pr\u00e9sident des \u00c9tats-Unis la nomma membre du PIAB (President\u2019s Intelligence Advisory Board), la structure d\u2019une douzaine de personnes qui le conseille, au sein de la Maison-Blanche, sur les questions de renseignement.<\/p>\n<p class=\"fig-body-link\">\n            \u00c0 lire aussi<br \/>\n        <a class=\"fig-body-link__link fig-premium-mark\" href=\"http:\/\/www.lefigaro.fr\/vox\/monde\/elizabeth-burgos-les-etats-unis-n-ont-pas-envahi-le-venezuela-ils-sont-intervenus-contre-une-bande-de-mercenaires-20260105\" data-fig-type=\"Article\" data-gtm-custom-categorie=\"navigation\" data-gtm-custom-action=\"crossclick\" data-gtm-custom-label=\"Contextuel\" data-gtm-event=\"customEventSPE\" data-fig-domain=\"LEFIGARO\" target=\"_blank\" rel=\"noopener\"><\/p>\n<p>        Elizabeth Burgos\u00a0: \u00abLes \u00c9tats-Unis n\u2019ont pas envahi le Venezuela, ils sont intervenus contre une bande de mercenaires\u00bb<br \/>\n    <\/a>\n<\/p>\n<p class=\"fig-paragraph\">En r\u00e9action \u00e0 ce tweet provocateur\u2026<\/p>\n<p class=\"fig-premium-paywall__infos\">\n        Cet article est r\u00e9serv\u00e9 aux abonn\u00e9s.        Il vous reste 83% \u00e0 d\u00e9couvrir.\n    <\/p>\n<p>                <img  data- alt=\"Le Figaro\" class=\"fig-img--complete fig-img\"\/><\/p>\n<p class=\"fig-premium-paywall__title\">Vous avez envie de lire la suite ?<\/p>\n<p class=\"fig-premium-paywall__subtitle\">D\u00e9bloquez tous les articles imm\u00e9diatement.<\/p>\n<p class=\"fig-premium-paywall__connect\">\n                D\u00e9j\u00e0 abonn\u00e9\u00a0?                <a class=\"fig-premium-paywall__connect-link\" href=\"https:\/\/connect.lefigaro.fr\/login?client=horizon_web&amp;type=main&amp;redirect_uri=https%3A%2F%2Fwww.lefigaro.fr%2Fvox%2Fmonde%2Frenaud-girard-l-europe-se-mouillera-t-elle-pour-le-groenland-20260105\" data-js-gtm=\"{&quot;customCategorie&quot;: &quot;conversion&quot;, &quot;customAction&quot;: &quot;before_Landing_Connexion_paywall_auto&quot;, &quot;customLabel&quot;: &quot;bGVmaWdhcm8uZnJfXzFmMGVhNWE1LWY3MDktNjhlYy05NDM1LTlkZWVlMzJlZGM4N19fQXJ0aWNsZQ==_Renaud Girard\u00a0: \u00abL\u2019Europe se mouillera-t-elle pour le Groenland\u00a0?\u00bb_25&quot;, &quot;customIDSPE&quot;: &quot;bGVmaWdhcm8uZnJfXzFmMGVhNWE1LWY3MDktNjhlYy05NDM1LTlkZWVlMzJlZGM4N19fQXJ0aWNsZQ==&quot;, &quot;event&quot;: &quot;customEventSPE&quot;}\" target=\"_blank\" rel=\"noopener\"><br \/>\n                    Connectez-vous<br \/>\n                <\/a>\n            <\/p>\n","protected":false},"excerpt":{"rendered":"CHRONIQUE &#8211; Si les \u00c9tats-Unis intervenaient militairement au Groenland, il y a fort \u00e0 parier que les Europ\u00e9ens&hellip;\n","protected":false},"author":2,"featured_media":643471,"comment_status":"","ping_status":"","sticky":false,"template":"","format":"standard","meta":{"footnotes":""},"categories":[1586],"tags":[11,75,1777,674,1011,27,146,12,25],"class_list":{"0":"post-643470","1":"post","2":"type-post","3":"status-publish","4":"format-standard","5":"has-post-thumbnail","7":"category-europe","8":"tag-actualites","9":"tag-donald-trump","10":"tag-eu","11":"tag-europe","12":"tag-fr","13":"tag-france","14":"tag-groenland","15":"tag-news","16":"tag-republique-francaise"},"share_on_mastodon":{"url":"https:\/\/pubeurope.com\/@fr\/115844890159879403","error":""},"_links":{"self":[{"href":"https:\/\/www.europesays.com\/fr\/wp-json\/wp\/v2\/posts\/643470","targetHints":{"allow":["GET"]}}],"collection":[{"href":"https:\/\/www.europesays.com\/fr\/wp-json\/wp\/v2\/posts"}],"about":[{"href":"https:\/\/www.europesays.com\/fr\/wp-json\/wp\/v2\/types\/post"}],"author":[{"embeddable":true,"href":"https:\/\/www.europesays.com\/fr\/wp-json\/wp\/v2\/users\/2"}],"replies":[{"embeddable":true,"href":"https:\/\/www.europesays.com\/fr\/wp-json\/wp\/v2\/comments?post=643470"}],"version-history":[{"count":0,"href":"https:\/\/www.europesays.com\/fr\/wp-json\/wp\/v2\/posts\/643470\/revisions"}],"wp:featuredmedia":[{"embeddable":true,"href":"https:\/\/www.europesays.com\/fr\/wp-json\/wp\/v2\/media\/643471"}],"wp:attachment":[{"href":"https:\/\/www.europesays.com\/fr\/wp-json\/wp\/v2\/media?parent=643470"}],"wp:term":[{"taxonomy":"category","embeddable":true,"href":"https:\/\/www.europesays.com\/fr\/wp-json\/wp\/v2\/categories?post=643470"},{"taxonomy":"post_tag","embeddable":true,"href":"https:\/\/www.europesays.com\/fr\/wp-json\/wp\/v2\/tags?post=643470"}],"curies":[{"name":"wp","href":"https:\/\/api.w.org\/{rel}","templated":true}]}}