{"id":643505,"date":"2026-01-05T23:02:13","date_gmt":"2026-01-05T23:02:13","guid":{"rendered":"https:\/\/www.europesays.com\/fr\/643505\/"},"modified":"2026-01-05T23:02:13","modified_gmt":"2026-01-05T23:02:13","slug":"le-survetement-de-maduro-entre-coup-marketing-involontaire-et-symbole-de-resistance-lequipe","status":"publish","type":"post","link":"https:\/\/www.europesays.com\/fr\/643505\/","title":{"rendered":"Le surv\u00eatement de Maduro, entre coup marketing involontaire et symbole de r\u00e9sistance &#8211; L&#039;\u00c9quipe"},"content":{"rendered":"<ol>\n<li><a href=\"https:\/\/news.google.com\/rss\/articles\/CBMi2wFBVV95cUxOQ1c5ZkRzV19Dc2liWkVPVFZzRk03SGdNSlV0TnJyX3BTOG9wTFpkNTdUTVVXMWZCN2JETE05U3dnRXJKM1VWcU5kTVp5RExENEVWWFctN1ktNmtCWjlfLW5mcVp2MmZKd3ZRclR6TVVjd0E3NzFHNU1wbExTanBaTXV4dU9IU1dKTlVvR25Nd090VjVuRXVmeEJJZmtwUEZoTmtWTHpyVXJOMjVwUFR2ZzYyczhQd20teUVFY21yUGREX0RaTmw0djk1OHI0ckdmaG1RdXpaamxlT1E?oc=5\" target=\"_blank\" rel=\"noopener\">Le surv\u00eatement de Maduro, entre coup marketing involontaire et symbole de r\u00e9sistance<\/a>&nbsp;&nbsp;L&rsquo;\u00c9quipe<\/li>\n<li><a href=\"https:\/\/news.google.com\/rss\/articles\/CBMi6gFBVV95cUxQN2lMMlB6TUVJZUVKR3A3Q2JRTUdnZlNPRW1GYUJaanpiMktrMGlQdTAzSHFDSXc2T1gyX3hVUlJvVkQ3TzRVeDlScGdZTXZnTEUtQ0l5TmVFVnZ2NVZUbWdwWGVNV0JmcEhyNGkyWGRVSHRJdkVwWmpLWkFLSkdqai1WTkZuVE1tTl9EVmV1VjJESlcxenJWdGh1Y05FdHhuYmVYVkJzRno2a09VRkNpOGdtQWN2QUY5ZzJiU2pwNy14N1RBX1JTd01qaFJnajVpWFUxeW1UMVdaSWw5ekZNamlKZVREd1NaS1E?oc=5\" target=\"_blank\" rel=\"noopener\">De Truth Social \u00e0 Google Trends, comment le surv\u00eatement gris de Nicolas Maduro est devenu viral dans le monde entier<\/a>&nbsp;&nbsp;Le Figaro<\/li>\n<li><a href=\"https:\/\/news.google.com\/rss\/articles\/CBMitgFBVV95cUxOeHR5X1IwWlpZazBWSmRkV0tYVWhseUhYem56ZmRfX2VxR3gtdy1uMUtJMHpEUFRnWVRyU3lXd1JKU0w3TXlXS0swT1lPck0xN2lfbXZsbHNXQndSSEN5SHBONDJfeFdYNlA0aXpYZTdnTEl3S3loQkJtaWdxNlhfQS03dm1HLTB5UURyRm9OT2docUk4VmVXY21WRGl4c1ZiWGZvQ2ExeEZ3dlIzS1dZdnBEckhOUQ?oc=5\" target=\"_blank\" rel=\"noopener\">Venezuela : Gros retour de hype pour le surv\u00eat Nike de Nicol\u00e1s Maduro<\/a>&nbsp;&nbsp;20 Minutes<\/li>\n<li><a href=\"https:\/\/news.google.com\/rss\/articles\/CBMinAJBVV95cUxOYXMzUUIxdkUtUTZEN1RiSUcwQjRSeXRHRjdHM20zcnZwR0dNZjdkTnRHQ184YnVCU1lCQ0RJZTU5Y1lJZ2ZuWTVlYVowbV9ZbVhjMk56N2JNb3lvaFd6UG1pdW5ab3ZZeXhKLVNRX2tjeGtVT3RmYUpUclIxM3JnbkV4MHZRcHFfODJBdXJ2TjJiM0ZfZmJOaDVBOEppZm9RNHRwRGJvQS1PNklRZk9kaTNQeGlKSnBhMGRDYUEzUjE2OHlqRUZKbTRHX2EteGlveURlcjhPTE13MTFZd1ZmQ29YVFZIclN3NGQ0TWgzNWRsVTlManpyRVpWdl9BWDdDSkhUQ2UtUm9haVB3cGxHcUpILTcxbE5aWHhwQw?oc=5\" target=\"_blank\" rel=\"noopener\">La tenue de Nicol\u00e1s Maduro a capt\u00e9 l\u2019attention du monde entier lors de son arrestation, voici pourquoi<\/a>&nbsp;&nbsp;Ouest-France<\/li>\n<li><a href=\"https:\/\/news.google.com\/rss\/articles\/CBMiwgFBVV95cUxNcE96S3VtRDBweE01Q1RSSURZN3lDblZjc2wyWEtnU1RPamdxWTBpcWkwR2JTNWd3bTJRWk1BQ2pKNGJudmNWYzVVNnZCbGhkR3QwOWhXdFJURHBKUW9yVXhKS3doMkJfOWp2djZiTlFhcmNEeDAtMkd5WWVMZkx5YWJRRFlZSWxiUUZMN1o2em1iZW50RGNfQ2kzSXJ1b0s3QkFpc3dsYUk3am1uNk02Y1hCa3AxWHpuNmEzdk9HQ0Jndw?oc=5\" target=\"_blank\" rel=\"noopener\">De la pr\u00e9sidence \u00e0 la prison, le jogging \u00ab gris Maduro \u00bb enflamme le Web<\/a>&nbsp;&nbsp;Le Point<\/li>\n<\/ol>\n","protected":false},"excerpt":{"rendered":"Le surv\u00eatement de Maduro, entre coup marketing involontaire et symbole de r\u00e9sistance&nbsp;&nbsp;L&rsquo;\u00c9quipe De Truth Social \u00e0 Google Trends,&hellip;\n","protected":false},"author":2,"featured_media":643506,"comment_status":"","ping_status":"","sticky":false,"template":"","format":"standard","meta":{"footnotes":""},"categories":[5],"tags":[11,1011,27,14,12,28],"class_list":{"0":"post-643505","1":"post","2":"type-post","3":"status-publish","4":"format-standard","5":"has-post-thumbnail","7":"category-international","8":"tag-actualites","9":"tag-fr","10":"tag-france","11":"tag-international","12":"tag-news","13":"tag-world"},"share_on_mastodon":{"url":"https:\/\/pubeurope.com\/@fr\/115844988570106472","error":""},"_links":{"self":[{"href":"https:\/\/www.europesays.com\/fr\/wp-json\/wp\/v2\/posts\/643505","targetHints":{"allow":["GET"]}}],"collection":[{"href":"https:\/\/www.europesays.com\/fr\/wp-json\/wp\/v2\/posts"}],"about":[{"href":"https:\/\/www.europesays.com\/fr\/wp-json\/wp\/v2\/types\/post"}],"author":[{"embeddable":true,"href":"https:\/\/www.europesays.com\/fr\/wp-json\/wp\/v2\/users\/2"}],"replies":[{"embeddable":true,"href":"https:\/\/www.europesays.com\/fr\/wp-json\/wp\/v2\/comments?post=643505"}],"version-history":[{"count":0,"href":"https:\/\/www.europesays.com\/fr\/wp-json\/wp\/v2\/posts\/643505\/revisions"}],"wp:featuredmedia":[{"embeddable":true,"href":"https:\/\/www.europesays.com\/fr\/wp-json\/wp\/v2\/media\/643506"}],"wp:attachment":[{"href":"https:\/\/www.europesays.com\/fr\/wp-json\/wp\/v2\/media?parent=643505"}],"wp:term":[{"taxonomy":"category","embeddable":true,"href":"https:\/\/www.europesays.com\/fr\/wp-json\/wp\/v2\/categories?post=643505"},{"taxonomy":"post_tag","embeddable":true,"href":"https:\/\/www.europesays.com\/fr\/wp-json\/wp\/v2\/tags?post=643505"}],"curies":[{"name":"wp","href":"https:\/\/api.w.org\/{rel}","templated":true}]}}