{"id":643516,"date":"2026-01-05T23:11:10","date_gmt":"2026-01-05T23:11:10","guid":{"rendered":"https:\/\/www.europesays.com\/fr\/643516\/"},"modified":"2026-01-05T23:11:10","modified_gmt":"2026-01-05T23:11:10","slug":"le-marche-de-noel-ferme-trop-tot-cette-annee-a-toulon","status":"publish","type":"post","link":"https:\/\/www.europesays.com\/fr\/643516\/","title":{"rendered":"Le march\u00e9 de No\u00ebl ferm\u00e9 trop t\u00f4t cette ann\u00e9e \u00e0 Toulon ?"},"content":{"rendered":"<p class=\"fs-5 \">Les march\u00e9s de No\u00ebl de la place de la Libert\u00e9 et de la place d\u2019Armes ont jou\u00e9 de malchance cette ann\u00e9e. Juste avant No\u00ebl, plusieurs jours de pluie ont <strong>oblig\u00e9 les autorit\u00e9s \u00e0 fermer <\/strong>les chalets pour \u00e9viter des incidents. \u00ab Manque de chance : c\u2019\u00e9tait juste les jours les plus charg\u00e9s d\u2019habitude. Et ceux o\u00f9 on vend le plus \u00bb, regrette un commer\u00e7ant.<\/p>\n<p class=\"fs-5 \">R\u00e9sultat : <strong>la fr\u00e9quentation en a forc\u00e9ment p\u00e2ti<\/strong>. \u00ab Mais le bilan des exposants est quand m\u00eame positif \u00bb, objecte Christophe Moreno, adjoint charg\u00e9 de la dynamisation commerciale. \u00ab Le bilan laisse appara\u00eetre, comme l\u2019an dernier, cinq semaines d\u2019exploitation compl\u00e8tes. Et une bonne fr\u00e9quentation. \u00bb<\/p>\n<p>                                                                                \u00ab Pas de dates \u00e0 la carte ! \u00bb<\/p>\n<p class=\"fs-5 \">Sur la place de la Libert\u00e9, la dur\u00e9e s\u2019est \u00e9tal\u00e9e du vendredi 21 novembre au dimanche 28 d\u00e9cembre.<\/p>\n<p class=\"fs-5 \">Une fermeture trop pr\u00e9coce ? \u00ab Il est vrai qu\u2019apr\u00e8s le mauvais temps d\u2019avant No\u00ebl, il aurait \u00e9t\u00e9 judicieux de prolonger jusqu\u2019au d\u00e9but de l\u2019ann\u00e9e 2026. \u00bb Ce fut le cas sur la place d\u2019Armes dont les festivit\u00e9s ont dur\u00e9 <strong>du 28 novembre au 4 janvier<\/strong>. \u00ab Et \u00e7a a march\u00e9 puisque la patinoire \u00e9tait pleine jusqu\u2019\u00e0 la fin du week-end avant la rentr\u00e9e. \u00bb<\/p>\n<p class=\"fs-5 \">Du coup, ne serait-il pas temps de prolonger la dur\u00e9e des march\u00e9s de No\u00ebl toulonnais partout pour l\u2019ann\u00e9e prochaine ? \u00ab Oui et non \u00bb, r\u00e9pond l\u2019adjoint. \u00ab Car les ventes concernant l\u2019artisanat local s\u2019essoufflent une fois No\u00ebl pass\u00e9. Sur les 53 chalets de la place de la Libert\u00e9, 19 sont consacr\u00e9s \u00e0 cet artisanat de proximit\u00e9. Prolonger la pr\u00e9sence de ces chalets plus tard ne serait pas forc\u00e9ment opportun. Et puis on a l\u2019habitude de s\u2019arr\u00eater en semaine pleine. On ne peut pas faire des dates \u00e0 la carte ! \u00bb<\/p>\n","protected":false},"excerpt":{"rendered":"Les march\u00e9s de No\u00ebl de la place de la Libert\u00e9 et de la place d\u2019Armes ont jou\u00e9 de&hellip;\n","protected":false},"author":2,"featured_media":643517,"comment_status":"","ping_status":"","sticky":false,"template":"","format":"standard","meta":{"footnotes":""},"categories":[9619],"tags":[1111,11,1777,674,1011,27,12,882,25,2310],"class_list":{"0":"post-643516","1":"post","2":"type-post","3":"status-publish","4":"format-standard","5":"has-post-thumbnail","7":"category-toulon","8":"tag-actu","9":"tag-actualites","10":"tag-eu","11":"tag-europe","12":"tag-fr","13":"tag-france","14":"tag-news","15":"tag-provence-alpes-cote-dazur","16":"tag-republique-francaise","17":"tag-toulon"},"share_on_mastodon":{"url":"https:\/\/pubeurope.com\/@fr\/115845023904700385","error":""},"_links":{"self":[{"href":"https:\/\/www.europesays.com\/fr\/wp-json\/wp\/v2\/posts\/643516","targetHints":{"allow":["GET"]}}],"collection":[{"href":"https:\/\/www.europesays.com\/fr\/wp-json\/wp\/v2\/posts"}],"about":[{"href":"https:\/\/www.europesays.com\/fr\/wp-json\/wp\/v2\/types\/post"}],"author":[{"embeddable":true,"href":"https:\/\/www.europesays.com\/fr\/wp-json\/wp\/v2\/users\/2"}],"replies":[{"embeddable":true,"href":"https:\/\/www.europesays.com\/fr\/wp-json\/wp\/v2\/comments?post=643516"}],"version-history":[{"count":0,"href":"https:\/\/www.europesays.com\/fr\/wp-json\/wp\/v2\/posts\/643516\/revisions"}],"wp:featuredmedia":[{"embeddable":true,"href":"https:\/\/www.europesays.com\/fr\/wp-json\/wp\/v2\/media\/643517"}],"wp:attachment":[{"href":"https:\/\/www.europesays.com\/fr\/wp-json\/wp\/v2\/media?parent=643516"}],"wp:term":[{"taxonomy":"category","embeddable":true,"href":"https:\/\/www.europesays.com\/fr\/wp-json\/wp\/v2\/categories?post=643516"},{"taxonomy":"post_tag","embeddable":true,"href":"https:\/\/www.europesays.com\/fr\/wp-json\/wp\/v2\/tags?post=643516"}],"curies":[{"name":"wp","href":"https:\/\/api.w.org\/{rel}","templated":true}]}}