{"id":643518,"date":"2026-01-05T23:12:16","date_gmt":"2026-01-05T23:12:16","guid":{"rendered":"https:\/\/www.europesays.com\/fr\/643518\/"},"modified":"2026-01-05T23:12:16","modified_gmt":"2026-01-05T23:12:16","slug":"toulon-meteo-mardi-le-ciel-reste-degage-sur-la-provence-alpes-cote-dazur","status":"publish","type":"post","link":"https:\/\/www.europesays.com\/fr\/643518\/","title":{"rendered":"TOULON : M\u00e9t\u00e9o &#8211; Mardi, le ciel reste d\u00e9gag\u00e9 sur la Provence-Alpes-C\u00f4te d&rsquo;Azur"},"content":{"rendered":"<p><strong>Ce mardi, le ciel reste d\u00e9gag\u00e9 sur la r\u00e9gion Provence-Alpes-C\u00f4te d\u2019Azur, le froid reste vif, surtout \u00e0 l\u2019int\u00e9rieur des terres et dans les Alpes du Sud. <\/strong><\/p>\n<p>Le vent de nord-ouest souffle jusqu\u2019\u00e0 60 km\/h. Le matin, comptez de \u22125\u00b0 \u00e0 6\u00b0, puis de 4\u00b0 \u00e0 10\u00b0 l\u2019apr\u00e8s-midi : 3\u00b0 \u00e0\u00a0<strong data-start=\"422\" data-end=\"432\">Orange<\/strong>\u00a0et\u00a0<strong data-start=\"436\" data-end=\"447\">Avignon<\/strong>, 4\u00b0 \u00e0\u00a0<strong data-start=\"454\" data-end=\"473\">Digne-les-Bains<\/strong>, 5\u00b0 \u00e0\u00a0<strong data-start=\"480\" data-end=\"487\">Apt<\/strong>, 6\u00b0 \u00e0\u00a0<strong data-start=\"494\" data-end=\"507\">Marseille<\/strong>, 7\u00b0 \u00e0\u00a0<strong data-start=\"514\" data-end=\"533\">Aix-en-Provence<\/strong>, 8\u00b0 \u00e0\u00a0<strong data-start=\"540\" data-end=\"550\">Cassis<\/strong>, 9\u00b0 \u00e0\u00a0<strong data-start=\"557\" data-end=\"578\">Saint-Cyr-sur-Mer<\/strong>\u00a0et\u00a0<strong data-start=\"582\" data-end=\"592\">Bandol<\/strong>, 10\u00b0 \u00e0\u00a0<strong data-start=\"600\" data-end=\"610\">Toulon<\/strong>,\u00a0<strong data-start=\"612\" data-end=\"635\">Hy\u00e8res-les-Palmiers\u00a0<\/strong>et\u00a0<strong data-start=\"639\" data-end=\"662\">La Londe-les-Maures<\/strong>.<\/p>\n<p><strong>ComLaRadio\u00a0<\/strong><br \/><strong>Thierry CARI<\/strong><br \/><strong>Voix Off<\/strong><br \/><strong>Animateur \/ pr\u00e9sentateur<\/strong><br \/><strong>\u00a0<a href=\"https:\/\/presseagence.fr\/toulon-meteo-mardi-le-ciel-reste-degage-sur-la-provence-alpes-cote-dazur\/mailto:Contact@thierrycari.com\" target=\"_blank\" rel=\"noopener\">Contact@thierrycari.com<\/a><\/strong><br \/><strong><a href=\"http:\/\/www.thierrycari.com\" target=\"_blank\" rel=\"noopener\">www.thierrycari.com<\/a><\/strong><\/p>\n","protected":false},"excerpt":{"rendered":"Ce mardi, le ciel reste d\u00e9gag\u00e9 sur la r\u00e9gion Provence-Alpes-C\u00f4te d\u2019Azur, le froid reste vif, surtout \u00e0 l\u2019int\u00e9rieur&hellip;\n","protected":false},"author":2,"featured_media":252142,"comment_status":"","ping_status":"","sticky":false,"template":"","format":"standard","meta":{"footnotes":""},"categories":[9619],"tags":[1111,11,1777,674,1011,27,12,882,25,2310],"class_list":{"0":"post-643518","1":"post","2":"type-post","3":"status-publish","4":"format-standard","5":"has-post-thumbnail","7":"category-toulon","8":"tag-actu","9":"tag-actualites","10":"tag-eu","11":"tag-europe","12":"tag-fr","13":"tag-france","14":"tag-news","15":"tag-provence-alpes-cote-dazur","16":"tag-republique-francaise","17":"tag-toulon"},"share_on_mastodon":{"url":"https:\/\/pubeurope.com\/@fr\/115845027889517899","error":""},"_links":{"self":[{"href":"https:\/\/www.europesays.com\/fr\/wp-json\/wp\/v2\/posts\/643518","targetHints":{"allow":["GET"]}}],"collection":[{"href":"https:\/\/www.europesays.com\/fr\/wp-json\/wp\/v2\/posts"}],"about":[{"href":"https:\/\/www.europesays.com\/fr\/wp-json\/wp\/v2\/types\/post"}],"author":[{"embeddable":true,"href":"https:\/\/www.europesays.com\/fr\/wp-json\/wp\/v2\/users\/2"}],"replies":[{"embeddable":true,"href":"https:\/\/www.europesays.com\/fr\/wp-json\/wp\/v2\/comments?post=643518"}],"version-history":[{"count":0,"href":"https:\/\/www.europesays.com\/fr\/wp-json\/wp\/v2\/posts\/643518\/revisions"}],"wp:featuredmedia":[{"embeddable":true,"href":"https:\/\/www.europesays.com\/fr\/wp-json\/wp\/v2\/media\/252142"}],"wp:attachment":[{"href":"https:\/\/www.europesays.com\/fr\/wp-json\/wp\/v2\/media?parent=643518"}],"wp:term":[{"taxonomy":"category","embeddable":true,"href":"https:\/\/www.europesays.com\/fr\/wp-json\/wp\/v2\/categories?post=643518"},{"taxonomy":"post_tag","embeddable":true,"href":"https:\/\/www.europesays.com\/fr\/wp-json\/wp\/v2\/tags?post=643518"}],"curies":[{"name":"wp","href":"https:\/\/api.w.org\/{rel}","templated":true}]}}