{"id":643525,"date":"2026-01-05T23:17:16","date_gmt":"2026-01-05T23:17:16","guid":{"rendered":"https:\/\/www.europesays.com\/fr\/643525\/"},"modified":"2026-01-05T23:17:16","modified_gmt":"2026-01-05T23:17:16","slug":"grenoble-une-voiture-fait-un-tonneau-sur-la-voie-sur-berge-un-blesse-leger","status":"publish","type":"post","link":"https:\/\/www.europesays.com\/fr\/643525\/","title":{"rendered":"Grenoble . Une voiture fait un tonneau sur la voie sur berge : un bless\u00e9 l\u00e9ger"},"content":{"rendered":"<p>La voie de Corato (la voie sur berge qui longe les quais de l&rsquo;Is\u00e8re) \u00e0 Grenoble, a \u00e9t\u00e9 momentan\u00e9ment coup\u00e9e \u00e0 la circulation ce lundi 5 janvier entre 20 heures et 21 heures pour permettre aux secours d&rsquo;intervenir en toute s\u00e9curit\u00e9 apr\u00e8s un accident de la circulation.<\/p>\n<p>Un automobiliste a en effet perdu le contr\u00f4le de sa voiture qui a fait un tonneau, dans des circonstances ind\u00e9termin\u00e9es.<\/p>\n<p>Un bless\u00e9 l\u00e9ger a \u00e9t\u00e9 pris en charge et conduit au CHU Grenoble Alpes.<\/p>\n","protected":false},"excerpt":{"rendered":"La voie de Corato (la voie sur berge qui longe les quais de l&rsquo;Is\u00e8re) \u00e0 Grenoble, a \u00e9t\u00e9&hellip;\n","protected":false},"author":2,"featured_media":643526,"comment_status":"","ping_status":"","sticky":false,"template":"","format":"standard","meta":{"footnotes":""},"categories":[9566],"tags":[119,1111,11,2430,112,1777,674,274,107,1011,27,2731,108,12,25],"class_list":{"0":"post-643525","1":"post","2":"type-post","3":"status-publish","4":"format-standard","5":"has-post-thumbnail","7":"category-grenoble","8":"tag-accident","9":"tag-actu","10":"tag-actualites","11":"tag-auvergne-rhone-alpes","12":"tag-edition-grenoble-agglomeration","13":"tag-eu","14":"tag-europe","15":"tag-faits-divers-justice","16":"tag-fil-info","17":"tag-fr","18":"tag-france","19":"tag-grenoble","20":"tag-isere","21":"tag-news","22":"tag-republique-francaise"},"share_on_mastodon":{"url":"https:\/\/pubeurope.com\/@fr\/115845047570887336","error":""},"_links":{"self":[{"href":"https:\/\/www.europesays.com\/fr\/wp-json\/wp\/v2\/posts\/643525","targetHints":{"allow":["GET"]}}],"collection":[{"href":"https:\/\/www.europesays.com\/fr\/wp-json\/wp\/v2\/posts"}],"about":[{"href":"https:\/\/www.europesays.com\/fr\/wp-json\/wp\/v2\/types\/post"}],"author":[{"embeddable":true,"href":"https:\/\/www.europesays.com\/fr\/wp-json\/wp\/v2\/users\/2"}],"replies":[{"embeddable":true,"href":"https:\/\/www.europesays.com\/fr\/wp-json\/wp\/v2\/comments?post=643525"}],"version-history":[{"count":0,"href":"https:\/\/www.europesays.com\/fr\/wp-json\/wp\/v2\/posts\/643525\/revisions"}],"wp:featuredmedia":[{"embeddable":true,"href":"https:\/\/www.europesays.com\/fr\/wp-json\/wp\/v2\/media\/643526"}],"wp:attachment":[{"href":"https:\/\/www.europesays.com\/fr\/wp-json\/wp\/v2\/media?parent=643525"}],"wp:term":[{"taxonomy":"category","embeddable":true,"href":"https:\/\/www.europesays.com\/fr\/wp-json\/wp\/v2\/categories?post=643525"},{"taxonomy":"post_tag","embeddable":true,"href":"https:\/\/www.europesays.com\/fr\/wp-json\/wp\/v2\/tags?post=643525"}],"curies":[{"name":"wp","href":"https:\/\/api.w.org\/{rel}","templated":true}]}}