{"id":643529,"date":"2026-01-05T23:20:11","date_gmt":"2026-01-05T23:20:11","guid":{"rendered":"https:\/\/www.europesays.com\/fr\/643529\/"},"modified":"2026-01-05T23:20:11","modified_gmt":"2026-01-05T23:20:11","slug":"verglas-et-neige-vingt-six-accidents-ce-lundi-a-19-h","status":"publish","type":"post","link":"https:\/\/www.europesays.com\/fr\/643529\/","title":{"rendered":"Verglas et neige : vingt-six accidents ce lundi, \u00e0 19 h"},"content":{"rendered":"<p style=\"text-align: justify;\" data-start=\"113\" data-end=\"613\">Comme annonc\u00e9 par M\u00e9t\u00e9o Bretagne, la neige est tomb\u00e9e sur une partie de la Bretagne ce lundi 5 janvier 2026. Les cumuls les plus importants ont \u00e9t\u00e9 observ\u00e9s sur les hauteurs des C\u00f4tes-d\u2019Armor, avec jusqu\u2019\u00e0 8 cm localement. Sur l\u2019est du Morbihan, le bassin rennais et la moiti\u00e9 sud de l\u2019Ille-et-Vilaine, les \u00e9paisseurs relev\u00e9es varient g\u00e9n\u00e9ralement de 1 \u00e0 5 cm. Ces pr\u00e9cipitations, combin\u00e9es \u00e0 des temp\u00e9ratures n\u00e9gatives, ont fortement d\u00e9grad\u00e9 les conditions de circulation.<\/p>\n<blockquote>\n<p style=\"text-align: justify;\" data-start=\"1126\" data-end=\"1559\">un drame s\u2019est produit dans l\u2019apr\u00e8s-midi. \u00c0 Br\u00e9al-sous-Montfort, pr\u00e8s de <strong data-start=\"1219\" data-end=\"1260\">Rennes<\/strong>. un jeune motard a mortellement chut\u00e9 apr\u00e8s avoir gliss\u00e9 sur la chauss\u00e9e. \u00a0<\/p>\n<\/blockquote>\n<p style=\"text-align: justify;\" data-start=\"1126\" data-end=\"1559\">Ce soir, le pr\u00e9fet a appel\u00e9 l\u2019ensemble des usagers \u00e0 la plus grande vigilance, en invitant clairement \u00e0 reporter les d\u00e9placements non indispensables. Face \u00e0 cet \u00e9pisode neigeux, d\u2019importants moyens humains ont \u00e9t\u00e9 mobilis\u00e9s tout au long de la journ\u00e9e. \u00c0 19 h, 80 gendarmes, 40 policiers et 160 sapeurs-pompiers avaient d\u00e9j\u00e0 \u00e9t\u00e9 engag\u00e9s sur pr\u00e8s de 40 interventions li\u00e9es aux intemp\u00e9ries. Cinquante agents de la DIR Ouest, une centaine d\u2019agents d\u00e9partementaux et 18 agents de Rennes M\u00e9tropole \u00e9taient \u00e9galement \u00e0 pied d\u2019\u0153uvre pour s\u00e9curiser le r\u00e9seau routier.<\/p>\n<p style=\"text-align: justify;\" data-start=\"1932\" data-end=\"2490\">En d\u00e9but d\u2019apr\u00e8s-midi, la circulation des poids lourds de plus de 7,5 tonnes a \u00e9t\u00e9 interdite sur le r\u00e9seau routier national et sur plusieurs axes d\u00e9partementaux majeurs, notamment la RD 137 (Rennes\u2013Saint-Malo), la RD 173 (Rennes\u2013Angers) et la RD 177 (Rennes\u2013Redon). Des aires de stockage ont \u00e9t\u00e9 activ\u00e9es \u00e0 Erbr\u00e9e, Montauban \/ La Hucherais et sur le barreau de Foug\u00e8res. La pr\u00e9fecture a par ailleurs d\u00e9clench\u00e9 la mobilisation de la Croix-Rouge fran\u00e7aise, de la Protection civile et des associations de secours afin d\u2019\u00e9valuer les besoins des conducteurs de poids lourds immobilis\u00e9s.<\/p>\n<blockquote>\n<p data-start=\"1932\" data-end=\"2490\">bilan de la journ\u00e9e : 13 chutes, deux assistantes \u00e0 personne, 26 accidents (avec 26 urgences relatives)<\/p>\n<\/blockquote>\n<p style=\"text-align: justify;\" data-start=\"2492\" data-end=\"2999\">La Bretagne et les Pays de la Loire restent plac\u00e9s en vigilance orange neige-verglas. Le risque principal concerne d\u00e9sormais le verglas, annonc\u00e9 comme tr\u00e8s marqu\u00e9 dans la nuit et jusqu\u2019en matin\u00e9e de mardi. Les sols enneig\u00e9s et les temp\u00e9ratures largement n\u00e9gatives favoriseront la formation de plaques de glace, rendant les r\u00e9seaux secondaires, souvent peu ou pas sal\u00e9s, localement impraticables. Seuls le littoral de la Manche et la pointe bretonne devraient conserver des temp\u00e9ratures l\u00e9g\u00e8rement positives.<\/p>\n<p style=\"text-align: justify;\" data-start=\"3001\" data-end=\"3601\">Pour ce mardi 6 janvier 2026, la pr\u00e9fecture d\u2019Ille-et-Vilaine a pris un nouvel arr\u00eat\u00e9 interdisant le transport scolaire. Les autorit\u00e9s rappellent quelques r\u00e8gles essentielles : ne pas d\u00e9passer les engins de salage, adapter sa vitesse et augmenter les distances de s\u00e9curit\u00e9. Dans ce contexte, les conditions de circulation sont annonc\u00e9es comme difficiles, voire impossibles par endroits, et la plus grande prudence est vivement recommand\u00e9e.<\/p>\n","protected":false},"excerpt":{"rendered":"Comme annonc\u00e9 par M\u00e9t\u00e9o Bretagne, la neige est tomb\u00e9e sur une partie de la Bretagne ce lundi 5&hellip;\n","protected":false},"author":2,"featured_media":643530,"comment_status":"","ping_status":"","sticky":false,"template":"","format":"standard","meta":{"footnotes":""},"categories":[2821],"tags":[1111,11,829,1777,674,1011,27,12,584,25],"class_list":{"0":"post-643529","1":"post","2":"type-post","3":"status-publish","4":"format-standard","5":"has-post-thumbnail","7":"category-rennes","8":"tag-actu","9":"tag-actualites","10":"tag-bretagne","11":"tag-eu","12":"tag-europe","13":"tag-fr","14":"tag-france","15":"tag-news","16":"tag-rennes","17":"tag-republique-francaise"},"share_on_mastodon":{"url":"https:\/\/pubeurope.com\/@fr\/115845059366817859","error":""},"_links":{"self":[{"href":"https:\/\/www.europesays.com\/fr\/wp-json\/wp\/v2\/posts\/643529","targetHints":{"allow":["GET"]}}],"collection":[{"href":"https:\/\/www.europesays.com\/fr\/wp-json\/wp\/v2\/posts"}],"about":[{"href":"https:\/\/www.europesays.com\/fr\/wp-json\/wp\/v2\/types\/post"}],"author":[{"embeddable":true,"href":"https:\/\/www.europesays.com\/fr\/wp-json\/wp\/v2\/users\/2"}],"replies":[{"embeddable":true,"href":"https:\/\/www.europesays.com\/fr\/wp-json\/wp\/v2\/comments?post=643529"}],"version-history":[{"count":0,"href":"https:\/\/www.europesays.com\/fr\/wp-json\/wp\/v2\/posts\/643529\/revisions"}],"wp:featuredmedia":[{"embeddable":true,"href":"https:\/\/www.europesays.com\/fr\/wp-json\/wp\/v2\/media\/643530"}],"wp:attachment":[{"href":"https:\/\/www.europesays.com\/fr\/wp-json\/wp\/v2\/media?parent=643529"}],"wp:term":[{"taxonomy":"category","embeddable":true,"href":"https:\/\/www.europesays.com\/fr\/wp-json\/wp\/v2\/categories?post=643529"},{"taxonomy":"post_tag","embeddable":true,"href":"https:\/\/www.europesays.com\/fr\/wp-json\/wp\/v2\/tags?post=643529"}],"curies":[{"name":"wp","href":"https:\/\/api.w.org\/{rel}","templated":true}]}}