{"id":643531,"date":"2026-01-05T23:21:12","date_gmt":"2026-01-05T23:21:12","guid":{"rendered":"https:\/\/www.europesays.com\/fr\/643531\/"},"modified":"2026-01-05T23:21:12","modified_gmt":"2026-01-05T23:21:12","slug":"forte-attente-aux-urgences-des-hopitaux-ce-lundi","status":"publish","type":"post","link":"https:\/\/www.europesays.com\/fr\/643531\/","title":{"rendered":"forte attente aux urgences des h\u00f4pitaux ce lundi"},"content":{"rendered":"<p>Les sapeurs-pompiers du Bas-Rhin signalent une forte attente aux urgences des h\u00f4pitaux, ce lundi 5 janvier \u00e0 cause de <a href=\"https:\/\/www.dna.fr\/sante\/2026\/01\/05\/greve-des-medecins-liberaux-comment-s-organiser-si-le-votre-ferme-son-cabinet\" target=\"_blank\" rel=\"noopener\">la gr\u00e8ve des m\u00e9decins lib\u00e9raux et des cliniques<\/a>. \u00c0 Strasbourg, la clinique Rhena ne prenait pas de patients en urgence ce lundi, tout comme SOS M\u00e9decins. Par cons\u00e9quent, de nombreux patients se sont rabattus spontan\u00e9ment sur les services d&rsquo;urgence des h\u00f4pitaux.<\/p>\n<p>La gr\u00e8ve des m\u00e9decins et des cliniques, combin\u00e9e <a href=\"https:\/\/www.dna.fr\/sante\/2025\/12\/31\/l-epidemie-de-grippe-continue-de-progresser-avec-un-niveau-d-intensite\" target=\"_blank\" rel=\"noopener\">\u00e0 un pic d\u2019\u00e9pid\u00e9mie de grippe<\/a>, suscite un engorgement des urgences. Ce lundi matin, une ambulance des sapeurs-pompiers du Bas-Rhin a attendu quatre heures aux urgences du CHU de Hautepierre avant de pouvoir d\u00e9poser son patient. Ce soir, la situation est \u00e9galement compliqu\u00e9e aux urgences du Nouvel h\u00f4pital civil.<\/p>\n<p>La gr\u00e8ve des m\u00e9decins \u00e9tant nationale, des situations analogues sont susceptibles d&rsquo;affecter les autres services d&rsquo;urgence de la r\u00e9gion.<\/p>\n","protected":false},"excerpt":{"rendered":"Les sapeurs-pompiers du Bas-Rhin signalent une forte attente aux urgences des h\u00f4pitaux, ce lundi 5 janvier \u00e0 cause&hellip;\n","protected":false},"author":2,"featured_media":643532,"comment_status":"","ping_status":"","sticky":false,"template":"","format":"standard","meta":{"footnotes":""},"categories":[2820],"tags":[1111,11,2389,2649,2880,1777,674,107,1011,27,775,12,25,71,640],"class_list":{"0":"post-643531","1":"post","2":"type-post","3":"status-publish","4":"format-standard","5":"has-post-thumbnail","7":"category-strasbourg","8":"tag-actu","9":"tag-actualites","10":"tag-alsace","11":"tag-bas-rhin","12":"tag-edition-strasbourg","13":"tag-eu","14":"tag-europe","15":"tag-fil-info","16":"tag-fr","17":"tag-france","18":"tag-grand-est","19":"tag-news","20":"tag-republique-francaise","21":"tag-sante","22":"tag-strasbourg"},"share_on_mastodon":{"url":"https:\/\/pubeurope.com\/@fr\/115845063316439971","error":""},"_links":{"self":[{"href":"https:\/\/www.europesays.com\/fr\/wp-json\/wp\/v2\/posts\/643531","targetHints":{"allow":["GET"]}}],"collection":[{"href":"https:\/\/www.europesays.com\/fr\/wp-json\/wp\/v2\/posts"}],"about":[{"href":"https:\/\/www.europesays.com\/fr\/wp-json\/wp\/v2\/types\/post"}],"author":[{"embeddable":true,"href":"https:\/\/www.europesays.com\/fr\/wp-json\/wp\/v2\/users\/2"}],"replies":[{"embeddable":true,"href":"https:\/\/www.europesays.com\/fr\/wp-json\/wp\/v2\/comments?post=643531"}],"version-history":[{"count":0,"href":"https:\/\/www.europesays.com\/fr\/wp-json\/wp\/v2\/posts\/643531\/revisions"}],"wp:featuredmedia":[{"embeddable":true,"href":"https:\/\/www.europesays.com\/fr\/wp-json\/wp\/v2\/media\/643532"}],"wp:attachment":[{"href":"https:\/\/www.europesays.com\/fr\/wp-json\/wp\/v2\/media?parent=643531"}],"wp:term":[{"taxonomy":"category","embeddable":true,"href":"https:\/\/www.europesays.com\/fr\/wp-json\/wp\/v2\/categories?post=643531"},{"taxonomy":"post_tag","embeddable":true,"href":"https:\/\/www.europesays.com\/fr\/wp-json\/wp\/v2\/tags?post=643531"}],"curies":[{"name":"wp","href":"https:\/\/api.w.org\/{rel}","templated":true}]}}