{"id":643560,"date":"2026-01-05T23:36:21","date_gmt":"2026-01-05T23:36:21","guid":{"rendered":"https:\/\/www.europesays.com\/fr\/643560\/"},"modified":"2026-01-05T23:36:21","modified_gmt":"2026-01-05T23:36:21","slug":"maxime-machenaud-anthony-belleau-lyon-les-infos-du-lundi-5-janvier","status":"publish","type":"post","link":"https:\/\/www.europesays.com\/fr\/643560\/","title":{"rendered":"Maxime Machenaud, Anthony Belleau, Lyon, les infos du lundi 5 janvier"},"content":{"rendered":"<p style=\"text-align: justify;\" align=\"justify\"><strong>TRANSFERTS RUGBY \u2013 Maxime Machenaud sur les tablettes d\u2019un poids lourd, Anthony Belleau a le choix et Lyon piste deux joueurs confirm\u00e9s : les infos de ce lundi 5 janvier.<\/strong><\/p>\n<p>Pau : Maxime Machenaud en approche<\/p>\n<p style=\"text-align: justify;\"><a href=\"https:\/\/dicodusport.fr\/blog\/transferts-aviron-bayonnais-2026-recrues-departs-et-prolongations\/\" target=\"_blank\" rel=\"noopener\"><strong>Bayonne<\/strong><\/a> a beaucoup de probl\u00e8mes en ce moment, notamment en ce qui concerne les r\u00e9sultats. L\u2019Aviron a encaiss\u00e9 62 points samedi \u00e0 Montpellier, sous fond de climat de pression constante. Il y en aura un de plus avec la fin de contrat \u00e0 venir de <strong>Maxime Machenaud<\/strong>, qui est actuellement sur le carreau pour cause de rupture des ligaments crois\u00e9s.<\/p>\n<p style=\"text-align: justify;\">On ignore s\u2019il va rester \u00e0 Bayonne, mais s\u2019il venait \u00e0 partir, cela pourrait ne pas \u00eatre loin. La <a href=\"https:\/\/dicodusport.fr\/blog\/transferts-section-paloise-2026-arrivees-departs-et-prolongations\/\" target=\"_blank\" rel=\"noopener\"><strong>Section Paloise<\/strong><\/a> va perdre <strong>Dan Robson<\/strong> en fin de saison, mais si la piste de <a href=\"https:\/\/dicodusport.fr\/blog\/michael-ruru-de-retour-en-top-14-un-gros-club-francais-vise-le-demi-de-melee-de-vannes\/\" target=\"_blank\" rel=\"noopener\"><strong>Michael Ruru<\/strong><\/a> a \u00e9t\u00e9 \u00e9voqu\u00e9e r\u00e9cemment, celle de l\u2019ancien demi de m\u00eal\u00e9e international est \u00e9galement sur la table pour encadrer une \u00e9quipe en pleine ascension.<\/p>\n<p style=\"text-align: justify;\"><strong>L\u2019avis de Dicodusport<\/strong> : m\u00eame en fin de carri\u00e8re, Machenaud serait parfait en num\u00e9ro 2 d\u2019une \u00e9quipe de plus en plus ambitieuse. S\u2019il avait lieu, ce deal serait clairement gagnant-gagnant.\u00a0<\/p>\n<p>Anthony Belleau : stop ou encore \u00e0 Northampton ?<\/p>\n<p style=\"text-align: justify;\">C\u2019\u00e9tait l\u2019un des transferts les plus surprenants de la derni\u00e8re intersaison : <strong>Anthony Belleau<\/strong> avait quitt\u00e9 <a href=\"https:\/\/dicodusport.fr\/blog\/transferts-asm-clermont-2026-recrues-departs-et-prolongations\/\" target=\"_blank\" rel=\"noopener\"><strong>Clermont<\/strong><\/a> et le Top 14 pour rejoindre le vice-champion d\u2019Europe en titre, Northampton. Rapidement, il s\u2019est install\u00e9 avec quelques performances XXL, mais a r\u00e9trograd\u00e9 dans la hi\u00e9rarchie depuis. N\u00e9anmoins, les Saints souhaitent le conserver, lui qui n\u2019a sign\u00e9 qu\u2019une saison.<\/p>\n<p style=\"text-align: justify;\">Mais il avait \u00e9t\u00e9 \u00e9voqu\u00e9 du c\u00f4t\u00e9 de <a href=\"https:\/\/dicodusport.fr\/blog\/transferts-montpellier-2026-recrues-departs-et-prolongations\/\" target=\"_blank\" rel=\"noopener\"><strong>Montpellier<\/strong><\/a> pour le prochain exercice, avant que le MHR ne change son fusil d\u2019\u00e9paule. Toutefois, le Top 14 reste \u00e0 l\u2019aff\u00fbt, car il reste un demi d\u2019ouverture de haut niveau, qui s\u2019est laiss\u00e9 une chance de choisir son futur avec ce contrat d\u2019un an. Un dossier qui risque d\u2019animer le march\u00e9 des transferts pendant les prochains mois.<\/p>\n<p>\n<a href=\"https:\/\/dicodusport.fr\/blog\/offres\/abonnements-sans-pub\/\" target=\"_blank\" rel=\"noopener\"><img loading=\"lazy\" decoding=\"async\" class=\"alignnone size-full wp-image-501284 perfmatters-lazy\" alt=\"\" width=\"1200\" height=\"200\" src=\"https:\/\/www.europesays.com\/fr\/wp-content\/uploads\/2025\/04\/Abonnements-sans-pubs-Dicodusport.png\"\/><\/a><br \/><a href=\"https:\/\/dicodusport.fr\/blog\/offres\/abonnements-sans-pub\/\" target=\"_blank\" rel=\"noopener\"><img loading=\"lazy\" decoding=\"async\" class=\"alignnone size-full wp-image-501296 perfmatters-lazy\" alt=\"\" width=\"400\" height=\"400\" src=\"https:\/\/www.europesays.com\/fr\/wp-content\/uploads\/2025\/04\/Abonnements-sans-pubs-Dicodusport-mobile.png\"\/><\/a><\/p>\n<p style=\"text-align: justify;\"><strong>L\u2019avis de Dicodusport<\/strong> : une chose est s\u00fbre, Anthony Belleau sera extr\u00eamement convoit\u00e9 du fait de son statut d\u2019international n\u2019ayant pas encore 30 ans. Difficile de d\u00e9gager un favori toutefois\u2026<\/p>\n<p>Lyon : Brian Alainu\u2019uese et Thomas Gallo dans le viseur<\/p>\n<p style=\"text-align: justify;\">La saison est d\u00e9j\u00e0 quasiment rat\u00e9e pour <a href=\"https:\/\/dicodusport.fr\/blog\/transferts-lou-2026-arrivees-departs-et-prolongations\/\" target=\"_blank\" rel=\"noopener\"><strong>Lyon<\/strong><\/a>, qui compte 11 points de retard sur la zone de barrages. \u00c0 moins d\u2019une belle s\u00e9rie de victoires, les Rhodaniens auront bien du mal \u00e0 retrouver la phase finale. N\u00e9anmoins, le maintien n\u2019est pas en jeu, de quoi viser du renfort pour que la prochaine saison ne ressemble pas \u00e0 l\u2019actuelle.<\/p>\n<p style=\"text-align: justify;\"><strong>Thomas Gallo<\/strong> est sur le radar lyonnais, le pilier international argentin \u00e9tant clairement de qualit\u00e9 et possiblement une recrue de choix. Quant \u00e0 <a href=\"https:\/\/dicodusport.fr\/blog\/toulon-pourrait-perdre-un-cadre-brian-alainuuese-est-courtise-en-angleterre\/\" target=\"_blank\" rel=\"noopener\"><strong>Brian Alainu\u2019uese<\/strong><\/a>, qui doit quitter Toulon pour relever un nouveau challenge, il pourrait emprunter un axe fr\u00e9quent\u00e9 ces derni\u00e8res ann\u00e9es. Deux pistes chevronn\u00e9es pour tenter de relancer une formation aux abois depuis trois saisons.<\/p>\n<p style=\"text-align: justify;\"><strong>L\u2019avis de Dicodusport<\/strong> : des cibles coh\u00e9rentes pour Lyon, qui est au c\u0153ur d\u2019une p\u00e9riode peu r\u00e9jouissante sportivement parlant. Il en faudra plus pour refaire du LOU un candidat aux barrages.\u00a0<\/p>\n","protected":false},"excerpt":{"rendered":"TRANSFERTS RUGBY \u2013 Maxime Machenaud sur les tablettes d\u2019un poids lourd, Anthony Belleau a le choix et Lyon&hellip;\n","protected":false},"author":2,"featured_media":643561,"comment_status":"","ping_status":"","sticky":false,"template":"","format":"standard","meta":{"footnotes":""},"categories":[1889],"tags":[1111,11,2430,2113,1777,674,1011,27,2428,12,25,477],"class_list":{"0":"post-643560","1":"post","2":"type-post","3":"status-publish","4":"format-standard","5":"has-post-thumbnail","7":"category-lyon","8":"tag-actu","9":"tag-actualites","10":"tag-auvergne-rhone-alpes","11":"tag-breve","12":"tag-eu","13":"tag-europe","14":"tag-fr","15":"tag-france","16":"tag-lyon","17":"tag-news","18":"tag-republique-francaise","19":"tag-transferts-rugby"},"share_on_mastodon":{"url":"https:\/\/pubeurope.com\/@fr\/115845122227728907","error":""},"_links":{"self":[{"href":"https:\/\/www.europesays.com\/fr\/wp-json\/wp\/v2\/posts\/643560","targetHints":{"allow":["GET"]}}],"collection":[{"href":"https:\/\/www.europesays.com\/fr\/wp-json\/wp\/v2\/posts"}],"about":[{"href":"https:\/\/www.europesays.com\/fr\/wp-json\/wp\/v2\/types\/post"}],"author":[{"embeddable":true,"href":"https:\/\/www.europesays.com\/fr\/wp-json\/wp\/v2\/users\/2"}],"replies":[{"embeddable":true,"href":"https:\/\/www.europesays.com\/fr\/wp-json\/wp\/v2\/comments?post=643560"}],"version-history":[{"count":0,"href":"https:\/\/www.europesays.com\/fr\/wp-json\/wp\/v2\/posts\/643560\/revisions"}],"wp:featuredmedia":[{"embeddable":true,"href":"https:\/\/www.europesays.com\/fr\/wp-json\/wp\/v2\/media\/643561"}],"wp:attachment":[{"href":"https:\/\/www.europesays.com\/fr\/wp-json\/wp\/v2\/media?parent=643560"}],"wp:term":[{"taxonomy":"category","embeddable":true,"href":"https:\/\/www.europesays.com\/fr\/wp-json\/wp\/v2\/categories?post=643560"},{"taxonomy":"post_tag","embeddable":true,"href":"https:\/\/www.europesays.com\/fr\/wp-json\/wp\/v2\/tags?post=643560"}],"curies":[{"name":"wp","href":"https:\/\/api.w.org\/{rel}","templated":true}]}}