{"id":643562,"date":"2026-01-05T23:38:12","date_gmt":"2026-01-05T23:38:12","guid":{"rendered":"https:\/\/www.europesays.com\/fr\/643562\/"},"modified":"2026-01-05T23:38:12","modified_gmt":"2026-01-05T23:38:12","slug":"neige-en-ile-de-france-plus-de-1000-kilometres-de-bouchons-cumules-sur-les-routes-aujourdhui-un-record","status":"publish","type":"post","link":"https:\/\/www.europesays.com\/fr\/643562\/","title":{"rendered":"Neige en \u00cele-de-France : plus de 1000 kilom\u00e8tres de bouchons cumul\u00e9s sur les routes aujourd&rsquo;hui, un record"},"content":{"rendered":"<ul class=\"jsx-862013697 ArticleChapo__List\">\n<li class=\"jsx-862013697 ArticleChapo__List_Item flex\">Des chutes de neige ont provoqu\u00e9 une paralysie avec plus de 1.000 km de bouchons cumul\u00e9s ce lundi en \u00cele-de-France vers 18h.<\/li>\n<li class=\"jsx-862013697 ArticleChapo__List_Item flex\">Le pr\u00e9c\u00e9dent record datant de 2018 est tr\u00e8s nettement battu.<\/li>\n<\/ul>\n<p data-module=\"article-paragraph\" class=\"jsx-157965717 Paragraph\">Une <a href=\"https:\/\/www.tf1info.fr\/meteo\/direct-meteo-france-previsions-alerte-neige-verglas-7-departements-places-en-vigilance-orange-lundi-5-janvier-2026-transports-scolaires-suspendus-en-ille-et-vilaine-et-en-normandie-2416611.html\" target=\"_blank\" rel=\"noopener\">pagaille dans les transports en r\u00e9gion parisienne<\/a> \u00e0 l&rsquo;heure de la sortie des bureaux&#8230; et aussi sur les routes. Des chutes de neige ont provoqu\u00e9 une paralysie importante avec plus de 1.000 km de bouchons cumul\u00e9s ce lundi 5 janvier en \u00cele-de-France en d\u00e9but de soir\u00e9e. Le cumul des encombrements dans la r\u00e9gion francilienne a atteint un pic in\u00e9dit vers 18h : environ 1.020 km de bouchons. Il est ensuite redescendu avec un peu plus de 800 km vers 19h, <a href=\"https:\/\/www.sytadin.fr\/sys\/barometre_bouchon.jsp.html\" target=\"_blank\" rel=\"nofollow noopener\">selon le site d&rsquo;information routi\u00e8re Sytadin (nouvelle fen\u00eatre)<\/a>.<\/p>\n<p data-module=\"article-paragraph\" class=\"jsx-157965717 Paragraph Paragraph__End\"><a href=\"https:\/\/www.tf1info.fr\/societe\/ile-de-france-la-neige-est-a-l-origine-de-739-km-de-bouchon-2078107.html\" target=\"_blank\" rel=\"noopener\">Le pr\u00e9c\u00e9dent record<\/a> a \u00e9t\u00e9 tr\u00e8s nettement battu en r\u00e9gion parisienne : il \u00e9tait de 739 kilom\u00e8tres le 6 f\u00e9vrier 2018, l\u00e0 encore lors d&rsquo;un \u00e9pisode neigeux.<\/p>\n<p>Une vitesse limit\u00e9e \u00e0 80 km\/h sur les grands axes<\/p>\n<p data-module=\"article-paragraph\" class=\"jsx-157965717 Paragraph\">Ces perturbations interviennent alors que la RATP a d\u00fb interrompre totalement l&rsquo;exploitation de ses bus dans Paris intra-muros ce lundi vers 16h et que les a\u00e9roports parisiens r\u00e9duisaient la voilure. \u00a0<\/p>\n<p data-module=\"article-paragraph\" class=\"jsx-157965717 Paragraph Paragraph__End\">Face aux pr\u00e9visions, la pr\u00e9fecture de police avait pourtant activ\u00e9 le niveau 3 du plan \u00ab\u00a0Neige et Verglas\u00a0\u00bb et conseill\u00e9 d\u00e8s la mi-journ\u00e9e aux automobilistes d&rsquo;anticiper leur retour. En \u00cele-de-France, la vitesse a \u00e9t\u00e9 limit\u00e9e \u00e0 80 km\/h sur les grands axes et Vinci Autoroutes a appliqu\u00e9 cette restriction sur son r\u00e9seau, tandis que la circulation des poids lourds de plus de 3,5 tonnes est interdite sur les principales routes.<\/p>\n<p>J.C<\/p>\n","protected":false},"excerpt":{"rendered":"Des chutes de neige ont provoqu\u00e9 une paralysie avec plus de 1.000 km de bouchons cumul\u00e9s ce lundi&hellip;\n","protected":false},"author":2,"featured_media":643563,"comment_status":"","ping_status":"","sticky":false,"template":"","format":"standard","meta":{"footnotes":""},"categories":[1592],"tags":[1111,11,1921,1777,674,1011,27,662,1922,11007,10584,12,626,11008,25,72995,2803,12310,133,8191],"class_list":{"0":"post-643562","1":"post","2":"type-post","3":"status-publish","4":"format-standard","5":"has-post-thumbnail","7":"category-ile-de-france","8":"tag-actu","9":"tag-actualites","10":"tag-article-video","11":"tag-eu","12":"tag-europe","13":"tag-fr","14":"tag-france","15":"tag-ile-de-france","16":"tag-info","17":"tag-meteo-quotidienne","18":"tag-neige","19":"tag-news","20":"tag-paris","21":"tag-phenomenes-meteo","22":"tag-republique-francaise","23":"tag-route-nationale","24":"tag-transport","25":"tag-transports-en-commun-du-quotidien","26":"tag-video","27":"tag-video-transports"},"share_on_mastodon":{"url":"https:\/\/pubeurope.com\/@fr\/115845130072860868","error":""},"_links":{"self":[{"href":"https:\/\/www.europesays.com\/fr\/wp-json\/wp\/v2\/posts\/643562","targetHints":{"allow":["GET"]}}],"collection":[{"href":"https:\/\/www.europesays.com\/fr\/wp-json\/wp\/v2\/posts"}],"about":[{"href":"https:\/\/www.europesays.com\/fr\/wp-json\/wp\/v2\/types\/post"}],"author":[{"embeddable":true,"href":"https:\/\/www.europesays.com\/fr\/wp-json\/wp\/v2\/users\/2"}],"replies":[{"embeddable":true,"href":"https:\/\/www.europesays.com\/fr\/wp-json\/wp\/v2\/comments?post=643562"}],"version-history":[{"count":0,"href":"https:\/\/www.europesays.com\/fr\/wp-json\/wp\/v2\/posts\/643562\/revisions"}],"wp:featuredmedia":[{"embeddable":true,"href":"https:\/\/www.europesays.com\/fr\/wp-json\/wp\/v2\/media\/643563"}],"wp:attachment":[{"href":"https:\/\/www.europesays.com\/fr\/wp-json\/wp\/v2\/media?parent=643562"}],"wp:term":[{"taxonomy":"category","embeddable":true,"href":"https:\/\/www.europesays.com\/fr\/wp-json\/wp\/v2\/categories?post=643562"},{"taxonomy":"post_tag","embeddable":true,"href":"https:\/\/www.europesays.com\/fr\/wp-json\/wp\/v2\/tags?post=643562"}],"curies":[{"name":"wp","href":"https:\/\/api.w.org\/{rel}","templated":true}]}}