{"id":643590,"date":"2026-01-05T23:55:25","date_gmt":"2026-01-05T23:55:25","guid":{"rendered":"https:\/\/www.europesays.com\/fr\/643590\/"},"modified":"2026-01-05T23:55:25","modified_gmt":"2026-01-05T23:55:25","slug":"les-3-infos-rugby-du-jour","status":"publish","type":"post","link":"https:\/\/www.europesays.com\/fr\/643590\/","title":{"rendered":"les 3 infos rugby du jour"},"content":{"rendered":"<p>                    Par<br \/>\n        <strong><br \/>\n            <a href=\"https:\/\/actu.fr\/auteur\/redaction-rugby\" title=\"Consulter tous les articles de R\u00e9daction Rugby\" target=\"_blank\" rel=\"noopener\">R\u00e9daction Rugby<\/a><br \/>\n                    <\/strong><\/p>\n<p>        Publi\u00e9 le<\/p>\n<p>            5 janv. 2026 \u00e0 17h33        <\/p>\n<p>Une fin de carri\u00e8re \u00e0 seulement 27\u00a0ans, le retour sur le terrain d\u2019un cadre du <a href=\"https:\/\/actu.fr\/rugby\/xv-de-france\" target=\"_blank\" rel=\"noopener\">XV de France<\/a> et le pr\u00e9sident de <a href=\"https:\/\/actu.fr\/tag\/aviron-bayonnais\" target=\"_blank\" rel=\"noopener\">Bayonne<\/a> qui impose du changement dans le staff apr\u00e8s la d\u00e9sillusion \u00e0 Montpellier lors de la 14e journ\u00e9e du <a href=\"https:\/\/actu.fr\/rugby\/top-14\" target=\"_blank\" rel=\"noopener\">Top\u00a014<\/a>\u2026 \u00c7a bouge sur la plan\u00e8te <strong>rugby<\/strong> en ce d\u00e9but d\u2019ann\u00e9e\u2009: voici les 3 principales infos du jour.<\/p>\n<p class=\" wall-content\"><a href=\"https:\/\/actu.fr\/classements-resultats\/\" target=\"_blank\" rel=\"noopener\">Top\u00a014\u2009: R\u00e9sultats et classements<\/a><\/p>\n<p>Toulouse\u2009: Cros enfin de retour<\/p>\n<p class=\" wall-content\">Absent depuis la premi\u00e8re journ\u00e9e de Top\u00a014, Fran\u00e7ois Cros est enfin de retour. Op\u00e9r\u00e9 d\u2019un genou en novembre, le 3e ligne international a fait son retour \u00e0 l\u2019entra\u00eenement, comme \u00e9voqu\u00e9 par <a href=\"https:\/\/www.ladepeche.fr\/2026\/01\/05\/stade-toulousain-cros-et-lebel-de-retour-thomas-apte-ntamack-incertain-et-barassi-en-salle-dattente-avant-daller-aux-saracens-13144632.php\" target=\"_blank\" rel=\"noopener\">La D\u00e9p\u00eache du Midi<\/a>. Il s\u2019est entra\u00een\u00e9 normalement et postule pour le d\u00e9placement aux Saracens dimanche, pour le compte de la 3e journ\u00e9e de Champions Cup.<\/p>\n<p class=\" wall-content\">Touch\u00e9 \u00e0 une cuisse contre Perpignan, Teddy Thomas \u00e9tait bien pr\u00e9sent \u00e0 la s\u00e9ance du jour et s\u2019est entra\u00een\u00e9 sans souci. Op\u00e9r\u00e9 d\u2019une fracture d\u2019un doigt, l\u2019ailier Matthis Lebel a repris du service et postule lui aussi. Romain Ntamack demeure pour sa part incertain, devant passer en ce d\u00e9but de semaine des examens au niveau du dos. Remue, Mallia, Pouzelgues, Capuozzo, Barrasi et Cramont sont forfait. Les Dupont, Ramos, Jelonch, Willis et autres Flament, au repos le week-end dernier, sont de retour.<\/p>\n<p>Bayonne\u2009: Monribot et Boutaty dans le staff<\/p>\n<p class=\" wall-content\">L\u2019Aviron bayonnais a officialis\u00e9 ce lundi l\u2019arriv\u00e9e dans son staff de 2 anciens joueurs\u2009: l\u2019ancien 2e ligne Abdelatif Boutaty et l\u2019ex 3e ligne Jean Monribot Le premier \u00ab\u2009int\u00e8gre l\u2019\u00e9quipe intendance\u2009\u00bb tandis que l\u2019ancien Agenais \u00ab\u2009vient compl\u00e9ter l\u2019\u00e9quipe en place et travaillera sur la conqu\u00eate, plus sp\u00e9cifiquement sur le secteur de la touche\u2009\u00bb.<\/p>\n<p class=\" wall-content\">Actuel entra\u00eeneur des Espoirs, il travaillera aux c\u00f4t\u00e9s de St\u00e9phane Barberena, dont le contrat ne sera pas renouvel\u00e9 \u00e0 l\u2019issue de la saison. Des changements impos\u00e9s par le pr\u00e9sident Philippe Tayeb \u00e0 l\u2019issue de la 6e d\u00e9faite \u00e0 l\u2019ext\u00e9rieur du club basque samedi \u00e0 Montpellier, sur le lourd score de 62 \u00e0 22.<\/p>\n<p>Perpignan\u2009: Fin de carri\u00e8re \u00e0 27\u00a0ans pour Alistair Crossdale<\/p>\n<p class=\" wall-content\">Selon <a href=\"https:\/\/www.rugbyrama.fr\/2026\/01\/05\/exclu-midol-transferts-lancien-de-perpignan-alistair-crossdale-a-raccroche-les-crampons-a-27-ans-13144830.php\" target=\"_blank\" rel=\"noopener\">Rugbyrama<\/a>, l\u2019ailier anglais Alistair Crossdale a d\u00e9cid\u00e9 de mettre un terme \u00e0 sa carri\u00e8re. \u00c2g\u00e9 de seulement 27 ans, l\u2019ex-international U20 avait quitt\u00e9 l\u2019Usap l\u2019\u00e9t\u00e9 dernier, apr\u00e8s 3 saisons pass\u00e9es en Catalogne.<\/p>\n<p>Votre r\u00e9gion, votre actu !<\/p>\n<p>Recevez chaque jour les infos qui comptent pour vous.<\/p>\n<p>\t<a href=\"https:\/\/actu.fr\/newsletter\" class=\"ac-btn ac-btn--corner ac-btn--medium ac-btn--blue800\" target=\"_blank\" rel=\"noopener\">S&rsquo;incrire<\/a><\/p>\n<p class=\" wall-content\">Il cherchait \u00e0 se relancer dans un autre club apr\u00e8s une grave blessure \u00e0 un genou au printemps dernier mais il aurait d\u00e9cid\u00e9 d\u2019abandonner en raison de p\u00e9pins physiques \u00e0 r\u00e9p\u00e9tition.<\/p>\n<p class=\" wall-content\">Personnalisez votre actualit\u00e9 en ajoutant vos villes et m\u00e9dias en favori avec <a href=\"https:\/\/moncompte.actu.fr\" title=\"D\u00e9couvez Mon Actu\" rel=\"nofollow noopener\" data-trk=\"{&quot;cta&quot;:{&quot;action&quot;:&quot;https:\\\/\\\/moncompte.actu.fr&quot;,&quot;category&quot;:&quot;mon compte&quot;,&quot;from&quot;:&quot;article footer&quot;,&quot;name&quot;:&quot;Mon actu&quot;,&quot;type&quot;:&quot;cta&quot;}}\" target=\"_blank\">Mon Actu<\/a>.<\/p>\n","protected":false},"excerpt":{"rendered":"Par R\u00e9daction Rugby Publi\u00e9 le 5 janv. 2026 \u00e0 17h33 Une fin de carri\u00e8re \u00e0 seulement 27\u00a0ans, le&hellip;\n","protected":false},"author":2,"featured_media":643591,"comment_status":"","ping_status":"","sticky":false,"template":"","format":"standard","meta":{"footnotes":""},"categories":[1416],"tags":[1011,27,3788,479,1468,60],"class_list":{"0":"post-643590","1":"post","2":"type-post","3":"status-publish","4":"format-standard","5":"has-post-thumbnail","7":"category-rugby","8":"tag-fr","9":"tag-france","10":"tag-pro","11":"tag-rugby","12":"tag-rugby-football","13":"tag-sports"},"share_on_mastodon":{"url":"https:\/\/pubeurope.com\/@fr\/115845197246824361","error":""},"_links":{"self":[{"href":"https:\/\/www.europesays.com\/fr\/wp-json\/wp\/v2\/posts\/643590","targetHints":{"allow":["GET"]}}],"collection":[{"href":"https:\/\/www.europesays.com\/fr\/wp-json\/wp\/v2\/posts"}],"about":[{"href":"https:\/\/www.europesays.com\/fr\/wp-json\/wp\/v2\/types\/post"}],"author":[{"embeddable":true,"href":"https:\/\/www.europesays.com\/fr\/wp-json\/wp\/v2\/users\/2"}],"replies":[{"embeddable":true,"href":"https:\/\/www.europesays.com\/fr\/wp-json\/wp\/v2\/comments?post=643590"}],"version-history":[{"count":0,"href":"https:\/\/www.europesays.com\/fr\/wp-json\/wp\/v2\/posts\/643590\/revisions"}],"wp:featuredmedia":[{"embeddable":true,"href":"https:\/\/www.europesays.com\/fr\/wp-json\/wp\/v2\/media\/643591"}],"wp:attachment":[{"href":"https:\/\/www.europesays.com\/fr\/wp-json\/wp\/v2\/media?parent=643590"}],"wp:term":[{"taxonomy":"category","embeddable":true,"href":"https:\/\/www.europesays.com\/fr\/wp-json\/wp\/v2\/categories?post=643590"},{"taxonomy":"post_tag","embeddable":true,"href":"https:\/\/www.europesays.com\/fr\/wp-json\/wp\/v2\/tags?post=643590"}],"curies":[{"name":"wp","href":"https:\/\/api.w.org\/{rel}","templated":true}]}}