{"id":643600,"date":"2026-01-06T00:03:13","date_gmt":"2026-01-06T00:03:13","guid":{"rendered":"https:\/\/www.europesays.com\/fr\/643600\/"},"modified":"2026-01-06T00:03:13","modified_gmt":"2026-01-06T00:03:13","slug":"la-greve-au-louvre-arretee-avant-les-fetes-reprend-ce-lundi-la-lutte-continue","status":"publish","type":"post","link":"https:\/\/www.europesays.com\/fr\/643600\/","title":{"rendered":"La gr\u00e8ve au Louvre arr\u00eat\u00e9e avant les f\u00eates reprend ce lundi\u00a0: \u00ab\u00a0La lutte continue\u00a0\u00bb"},"content":{"rendered":"<p>        <img decoding=\"async\" loading=\"lazy\" src=\"https:\/\/www.europesays.com\/fr\/wp-content\/uploads\/2026\/01\/54e6d5d_upload-1-8lxvy0tebidi-afp-20251215-chobeaux-notitle251215-npn1b-v1-highres-thelouvremuseumcl.jpeg\"  width=\"728\" height=\"409\" alt=\"La gr\u00e8ve au Louvre arr\u00eat\u00e9e avant les f\u00eates (ici le 15\u00a0d\u00e9cembre 2025) reprend ce lundi\u00a0: \u00ab\u00a0La lutte continue en 2026\u00a0\u00bb.\"\/>  <\/p>\n<p>JEROME GILLES \/ NurPhoto via AFP<\/p>\n<p>La gr\u00e8ve au Louvre arr\u00eat\u00e9e avant les f\u00eates (ici le 15\u00a0d\u00e9cembre 2025) reprend ce lundi\u00a0: \u00ab\u00a0La lutte continue en 2026\u00a0\u00bb.<\/p>\n<p>      <strong>EN BREF<\/strong> <strong>\u2022 <\/strong>La gr\u00e8ve au Louvre reprend, causant une fermeture partielle du mus\u00e9e.<br \/><strong>\u2022 <\/strong>Les agents protestent contre les conditions de travail, les sous-effectifs et la hausse des tarifs pour les touristes non-Europ\u00e9ens.                         <\/p>\n<p class=\"asset asset-text\">\u00ab\u00a0La lutte continue en 2026.\u00a0\u00bb Les agents du Louvre, r\u00e9unis en assembl\u00e9e g\u00e9n\u00e9rale \u00e0 l\u2019appel d\u2019une intersyndicale, ont vot\u00e9 la gr\u00e8ve \u00e0 l\u2019unanimit\u00e9 ce lundi 5\u00a0janvier dans la matin\u00e9e, selon la CFDT et la CGT. <a href=\"https:\/\/www.huffingtonpost.fr\/culture\/video\/au-louvre-la-fronde-des-agents-en-greve-meprises-et-pas-ecoutes-pendant-des-annees_258243.html\" target=\"_blank\" rel=\"noopener\" title=\"Nouvelle fen\u00eatre\">Comme \u00e0 la mi-d\u00e9cembre<\/a>, ils protestent contre leurs conditions de travail dans le mus\u00e9e, qui reste \u00ab\u00a0ouvert partiellement\u00a0\u00bb. Un message affich\u00e9 <a href=\"https:\/\/www.louvre.fr\/\" target=\"_blank\" rel=\"noopener\" title=\"Nouvelle fen\u00eatre\">sur le site<\/a> de l\u2019institution parisienne pr\u00e9vient que \u00ab\u00a0certaines salles sont exceptionnellement ferm\u00e9es\u00a0\u00bb en raison d\u2019un \u00ab\u00a0mouvement social\u00a0\u00bb.<\/p>\n<p class=\"asset asset-text\">\u00ab\u00a0Environ 350 personnes, de diff\u00e9rents m\u00e9tiers \u2013 r\u00e9gie, conservation, fonctions supports \u2013 ont vot\u00e9, \u00e0 l\u2019unanimit\u00e9\u00a0\u00bb pour la reprise du mouvement, a d\u00e9clar\u00e9 \u00e0 l\u2019AFP Val\u00e9rie Baud, repr\u00e9sentante CFDT. \u00ab\u00a0Vote unanime en AG pour la reconduction\u00a0\u00bb, \u00ab\u00a0la lutte continue en 2026\u00a0\u00bb, a de son c\u00f4t\u00e9 \u00e9crit la CGT-Louvre dans <strong>une publication Instagram que vous pouvez voir ci-dessous<\/strong> et o\u00f9 elle promet une \u00ab\u00a0mobilisation [&#8230;] jusqu\u2019\u00e0 la victoire\u00a0\u00bb.<\/p>\n<p> La lecture de ce contenu est susceptible d\u2019entra\u00eener un d\u00e9p\u00f4t de cookies de la part de l\u2019op\u00e9rateur tiers qui l\u2019h\u00e9berge. Compte-tenu des choix que vous avez exprim\u00e9s en mati\u00e8re de d\u00e9p\u00f4t de cookies, nous avons bloqu\u00e9 l\u2019affichage de ce contenu. Si vous souhaitez y acc\u00e9der, vous devez accepter la cat\u00e9gorie de cookies \u201cContenus tiers\u201d en cliquant sur le bouton ci-dessous. <\/p>\n<p> Lire la Vid\u00e9o        <\/p>\n<p class=\"asset asset-text\">Contact\u00e9e par l\u2019AFP, la direction du Louvre a indiqu\u00e9 que le mus\u00e9e serait ouvert \u00ab\u00a0partiellement, avec le \u201cparcours chefs-d\u2019\u0153uvre\u201d\u00a0\u00bb, qui inclut la Joconde, la V\u00e9nus de Milo ou la Victoire de Samothrace. Le mouvement de gr\u00e8ve, tr\u00e8s comment\u00e9 <a href=\"https:\/\/www.huffingtonpost.fr\/culture\/article\/la-greve-au-louvre-passionne-deja-la-presse-etrangere-alors-que-sa-poursuite-doit-etre-discutee-ce-mercredi_258304.html\" target=\"_blank\" rel=\"noopener\">dans la presse internationale<\/a>, avait \u00e9t\u00e9 lanc\u00e9 le 15\u00a0d\u00e9cembre puis <a href=\"https:\/\/www.huffingtonpost.fr\/culture\/article\/la-greve-au-louvre-prend-fin-annoncent-les-syndicats-le-musee-a-reouvert-entierement_258427.html\" target=\"_blank\" rel=\"noopener\">suspendu le 19\u00a0d\u00e9cembre<\/a>.<\/p>\n<p>                     \u00ab\u00a0Pas d\u2019avanc\u00e9es\u00a0suffisantes\u00a0\u00bb dans les n\u00e9gociations    <\/p>\n<p class=\"asset asset-text\">L\u2019intersyndicale CGT-CFDT-Sud avait cependant donn\u00e9 rendez-vous aux personnels le lundi de la rentr\u00e9e pour d\u00e9cider des suites du mouvement, estimant qu\u2019\u00ab il n\u2019y avait pas eu d\u2019avanc\u00e9es suffisantes\u00a0\u00bb dans les n\u00e9gociations men\u00e9es avec le minist\u00e8re de la Culture. Les agents sont mobilis\u00e9s pour protester contre les sous-effectifs, notamment pour la surveillance des salles, ou encore contre la hausse des tarifs pour les touristes non-Europ\u00e9ens \u2013 une mesure entrant en vigueur le 14\u00a0janvier.<\/p>\n<p class=\"asset asset-text\">Ils protestent aussi contre <a href=\"https:\/\/www.huffingtonpost.fr\/france\/article\/le-louvre-se-veut-rassurant-apres-l-inondation-qui-a-endommage-des-ouvrages_257962.html\" target=\"_blank\" rel=\"noopener\">la d\u00e9gradation du b\u00e2timent<\/a>, mise en lumi\u00e8re par le vol spectaculaire de huit joyaux de la Couronne fran\u00e7aise le 19\u00a0octobre, mais aussi par d\u2019autres pol\u00e9miques. Une galerie a notamment d\u00fb <a href=\"https:\/\/www.huffingtonpost.fr\/culture\/article\/le-louvre-ferme-une-galerie-au-public-apres-un-rapport-alertant-sur-la-fragilite-d-une-partie-de-l-edifice_257242.html\" target=\"_blank\" rel=\"noopener\">\u00eatre ferm\u00e9e au public<\/a> apr\u00e8s un rapport alertant sur la \u00ab\u00a0fragilit\u00e9\u00a0\u00bb de l\u2019\u00e9difice. Le minist\u00e8re de la Culture a notamment promis l\u2019annulation d\u2019une baisse de 5,7\u00a0millions d\u2019euros des dotations publiques au Louvre et des recrutements et revalorisations indemnitaires, jug\u00e9s encore insuffisants par les syndicats.<\/p>\n","protected":false},"excerpt":{"rendered":"JEROME GILLES \/ NurPhoto via AFP La gr\u00e8ve au Louvre arr\u00eat\u00e9e avant les f\u00eates (ici le 15\u00a0d\u00e9cembre 2025)&hellip;\n","protected":false},"author":2,"featured_media":643601,"comment_status":"","ping_status":"","sticky":false,"template":"","format":"standard","meta":{"footnotes":""},"categories":[1358],"tags":[1348,1384,1385,251,1386,58,59,1011,27,6151,11274,626],"class_list":{"0":"post-643600","1":"post","2":"type-post","3":"status-publish","4":"format-standard","5":"has-post-thumbnail","7":"category-arts-et-design","8":"tag-arts","9":"tag-arts-and-design","10":"tag-arts-et-design","11":"tag-culture","12":"tag-design","13":"tag-divertissement","14":"tag-entertainment","15":"tag-fr","16":"tag-france","17":"tag-greve","18":"tag-louvre","19":"tag-paris"},"share_on_mastodon":{"url":"https:\/\/pubeurope.com\/@fr\/115845228352766239","error":""},"_links":{"self":[{"href":"https:\/\/www.europesays.com\/fr\/wp-json\/wp\/v2\/posts\/643600","targetHints":{"allow":["GET"]}}],"collection":[{"href":"https:\/\/www.europesays.com\/fr\/wp-json\/wp\/v2\/posts"}],"about":[{"href":"https:\/\/www.europesays.com\/fr\/wp-json\/wp\/v2\/types\/post"}],"author":[{"embeddable":true,"href":"https:\/\/www.europesays.com\/fr\/wp-json\/wp\/v2\/users\/2"}],"replies":[{"embeddable":true,"href":"https:\/\/www.europesays.com\/fr\/wp-json\/wp\/v2\/comments?post=643600"}],"version-history":[{"count":0,"href":"https:\/\/www.europesays.com\/fr\/wp-json\/wp\/v2\/posts\/643600\/revisions"}],"wp:featuredmedia":[{"embeddable":true,"href":"https:\/\/www.europesays.com\/fr\/wp-json\/wp\/v2\/media\/643601"}],"wp:attachment":[{"href":"https:\/\/www.europesays.com\/fr\/wp-json\/wp\/v2\/media?parent=643600"}],"wp:term":[{"taxonomy":"category","embeddable":true,"href":"https:\/\/www.europesays.com\/fr\/wp-json\/wp\/v2\/categories?post=643600"},{"taxonomy":"post_tag","embeddable":true,"href":"https:\/\/www.europesays.com\/fr\/wp-json\/wp\/v2\/tags?post=643600"}],"curies":[{"name":"wp","href":"https:\/\/api.w.org\/{rel}","templated":true}]}}