{"id":643604,"date":"2026-01-06T00:06:12","date_gmt":"2026-01-06T00:06:12","guid":{"rendered":"https:\/\/www.europesays.com\/fr\/643604\/"},"modified":"2026-01-06T00:06:12","modified_gmt":"2026-01-06T00:06:12","slug":"des-mots-pour-panser-rfj","status":"publish","type":"post","link":"https:\/\/www.europesays.com\/fr\/643604\/","title":{"rendered":"Des mots pour panser &#8211; RFJ"},"content":{"rendered":"<ol>\n<li><a href=\"https:\/\/news.google.com\/rss\/articles\/CBMif0FVX3lxTE9hWUFpdWh4Wks2NlBLUnpxMmcybjB6dWxhNDJUbDBTYkx6VEpCSFhfZFdBTVR0N0FRcVdVbWFPN1h0S2VoOC10M2kyMDBPcmlxMHFLc1pnaTVYejVTRWZVV2pVMkN0Z3dPQTVqcWhxaVdnTHFvMjFYV3JxM3ZPOTQ?oc=5\" target=\"_blank\" rel=\"noopener\">Des mots pour panser<\/a>&nbsp;&nbsp;RFJ<\/li>\n<li><a href=\"https:\/\/news.google.com\/rss\/articles\/CBMi4gFBVV95cUxOaE1KVU5yclFfRTJXMTBJY0FzTEp3bTdWQnhDZHRZZ2M4NEFTSzV4ZW9zVHkwblhGWENHSVZpS2JzTVhxMlhjQ09zVVZ3SW1TTXoxbzZFcnBoWHVTSnJRNXJaeWpIU3puaHY5dGJNUnZQUG1UcXhLdTN5LVExeVo5VGpGUC04LVBqa3JyLWdrc0tENGlHS2N6ejU4NmZxWlVySUFmZlRHbWM5VWRsRDFLeGItaWxDWjZSdUZaZUVGaDU4RU5OdDEyTFQ4d0FRZWdrTmxtYllsblVGWmF0Q1Q2Y09B?oc=5\" target=\"_blank\" rel=\"noopener\">Incendie \u00e0 Crans-Montana : la justice du Valais sous pression internationale<\/a>&nbsp;&nbsp;Le Monde.fr<\/li>\n<li><a href=\"https:\/\/news.google.com\/rss\/articles\/CBMiwgJBVV95cUxOTWd2SldlNWNIWk5VRUphSGh4MWkzX0FMX2hnWUE3WWEzZWRyQ0pKM1pQalRBUFNJeWVCbWIyTTE5eTNuNXpxVlJsMlJlUUZlR3pNOEZjZGNpLUZYdnRqSURSTTZxdFJRMmZYYzMycXBya1Y2VEhIeDRBRlg5b0dKR3BMWmk3cnp0Y1hmb0xoaDBDckxvNlYwQk4wdlZRdnBINC00NEpUMlFrNG5URU50RlBCejFMZjRfWGNRY05oZlg1NnV3LWE2YXhybEROVk5UUTB3QUFFQjFfRUJHVHl0RnBocDBZY190dDJ1SFlKVDFITXRvdnVBOVFCZXRiQ2lNak1xUU91NHNMVFJXLTZfelJHUXdtM0kyLWNQRVg3eU44cnpqbDFYc05HcUdwcVQwSlpaNWJybVBqNnE5T3dKVHdB?oc=5\" target=\"_blank\" rel=\"noopener\">\u00ab\u00a0Mon fils a perdu plusieurs de ses amis\u00a0\u00bb: Amira, maman du meilleur ami de Tristan Pidoux d\u00e9c\u00e9d\u00e9, t\u00e9moigne sur BFMTV apr\u00e8s l&rsquo;incendie \u00e0 Crans-Montana<\/a>&nbsp;&nbsp;BFM<\/li>\n<li><a href=\"https:\/\/news.google.com\/rss\/articles\/CBMivAFBVV95cUxNbWVFR1dGemRlUi1ITTRMSk1uTlY0bTlRalJGeGkwLW5mWC1uRmsyVFpZX3pKcTZQSkFEMm1KT09rV00wSy1sZ2tNajA2WXZHazZkaVRMbXJJTTlxcUNrSWg0a3RhMUFHYXE1M1BLT1pTZXZUckpyV2RsZXFNNkhWMXFSUDZEY0c2NmM4ZDRsX05RbnJuXzdWZDkyYl8yWE11MFlYVXFuc3gwcHY0SEczZTRhWHRNaXgwd2s1aQ?oc=5\" target=\"_blank\" rel=\"noopener\">Drame de Crans-Montana : quand la moraline m\u00e9diatique s\u2019abat sur les jeunes victimes<\/a>&nbsp;&nbsp;Marianne<\/li>\n<li><a href=\"https:\/\/news.google.com\/rss\/articles\/CBMizgJBVV95cUxNQUJWUVpHTGZIQTJzTDQtbXRqTXktOWI1TUwwODB1Q1VNdEtCdHBVUTIwYjFZLXVhX3pQQ0h0OEZuam1rY1pZOGtvOERILWpOOEFfRmx4U2RLQ0tVRXdXdzVjeTJzbUY4WE9mVHdrb1J4SG0wUUIzRXFtSFRUa05UeS1ENzBwRU9ETWFhZXV4NHloakdlQjJBSVFtMUFPeVVIWGZqY2hjSjloUG50TExaZENSREdNSDhhM3VBcWFMeWs3dU5MSmJuV0FrUlpEM0VOdVljd2RRREhDMGRySDZZSFBwTHRiZUJuckhjZmF1VEhHMEE5OFVlakkzdmVQZXpuU0ZDc0Q4bzJ0ZFJjWUFvdDd5T1hsYUl1bUF0VmRkNzNVbjh4bkI3V05taWV1aTBGUVkzd2R5Q1Nxc2RTNFFjUUt5RHdFLTI1a29zaU93?oc=5\" target=\"_blank\" rel=\"noopener\">Incendie de Crans-Montana : le g\u00e9rant du bar de la station de ski d\u00e9j\u00e0 connu de la justice fran\u00e7aise pour des faits de prox\u00e9n\u00e9tisme<\/a>&nbsp;&nbsp;France Info<\/li>\n<\/ol>\n","protected":false},"excerpt":{"rendered":"Des mots pour panser&nbsp;&nbsp;RFJ Incendie \u00e0 Crans-Montana : la justice du Valais sous pression internationale&nbsp;&nbsp;Le Monde.fr \u00ab\u00a0Mon fils&hellip;\n","protected":false},"author":2,"featured_media":643605,"comment_status":"","ping_status":"","sticky":false,"template":"","format":"standard","meta":{"footnotes":""},"categories":[1355],"tags":[1829,1832,1836,1827,58,59,1011,27,1830,1831,1826,1844,1840,1839,1361,873,1841,1838,1843,1828,1834,1825,1833,1822,1823,1824,1837,1835,1842],"class_list":{"0":"post-643604","1":"post","2":"type-post","3":"status-publish","4":"format-standard","5":"has-post-thumbnail","7":"category-musique","8":"tag-ajoie","9":"tag-animation","10":"tag-bienne","11":"tag-delemont","12":"tag-divertissement","13":"tag-entertainment","14":"tag-fr","15":"tag-france","16":"tag-franches-montagnes","17":"tag-frequence","18":"tag-jura","19":"tag-jura-bernois","20":"tag-la-chaux-de-fonds","21":"tag-moutier","22":"tag-music","23":"tag-musique","24":"tag-neuchatel","25":"tag-neuveville","26":"tag-payerne","27":"tag-porrentruy","28":"tag-publicite","29":"tag-radio","30":"tag-redaction","31":"tag-rfj","32":"tag-rjb","33":"tag-rtn","34":"tag-tavannes","35":"tag-vallon-de-st-imier","36":"tag-yverdon"},"share_on_mastodon":{"url":"https:\/\/pubeurope.com\/@fr\/115845240225517926","error":""},"_links":{"self":[{"href":"https:\/\/www.europesays.com\/fr\/wp-json\/wp\/v2\/posts\/643604","targetHints":{"allow":["GET"]}}],"collection":[{"href":"https:\/\/www.europesays.com\/fr\/wp-json\/wp\/v2\/posts"}],"about":[{"href":"https:\/\/www.europesays.com\/fr\/wp-json\/wp\/v2\/types\/post"}],"author":[{"embeddable":true,"href":"https:\/\/www.europesays.com\/fr\/wp-json\/wp\/v2\/users\/2"}],"replies":[{"embeddable":true,"href":"https:\/\/www.europesays.com\/fr\/wp-json\/wp\/v2\/comments?post=643604"}],"version-history":[{"count":0,"href":"https:\/\/www.europesays.com\/fr\/wp-json\/wp\/v2\/posts\/643604\/revisions"}],"wp:featuredmedia":[{"embeddable":true,"href":"https:\/\/www.europesays.com\/fr\/wp-json\/wp\/v2\/media\/643605"}],"wp:attachment":[{"href":"https:\/\/www.europesays.com\/fr\/wp-json\/wp\/v2\/media?parent=643604"}],"wp:term":[{"taxonomy":"category","embeddable":true,"href":"https:\/\/www.europesays.com\/fr\/wp-json\/wp\/v2\/categories?post=643604"},{"taxonomy":"post_tag","embeddable":true,"href":"https:\/\/www.europesays.com\/fr\/wp-json\/wp\/v2\/tags?post=643604"}],"curies":[{"name":"wp","href":"https:\/\/api.w.org\/{rel}","templated":true}]}}