{"id":64361,"date":"2025-04-30T12:28:10","date_gmt":"2025-04-30T12:28:10","guid":{"rendered":"https:\/\/www.europesays.com\/fr\/64361\/"},"modified":"2025-04-30T12:28:10","modified_gmt":"2025-04-30T12:28:10","slug":"lorraine-emmanuel-macron-sera-bien-a-nancy-le-9-mai-pour-signer-un-traite-historique-avec-la-pologne","status":"publish","type":"post","link":"https:\/\/www.europesays.com\/fr\/64361\/","title":{"rendered":"Lorraine. Emmanuel Macron sera bien \u00e0 Nancy le 9 mai pour signer un trait\u00e9 historique avec la Pologne"},"content":{"rendered":"<p>C\u2019est d\u00e9sormais officiel. <a href=\"https:\/\/www.estrepublicain.fr\/p\/emmanuel-macron\" target=\"_blank\" rel=\"nofollow noopener\">Emmanuel Macron<\/a>, Pr\u00e9sident de la R\u00e9publique fran\u00e7aise, et Donald Tusk, Premier ministre polonais, sont attendus <a href=\"https:\/\/www.estrepublicain.fr\/defense-guerre-conflit\/2025\/04\/13\/le-president-emmanuel-macron-bientot-en-deplacement-a-nancy\" target=\"_blank\" rel=\"nofollow noopener\">le 9 mai \u00e0 Nancy<\/a>, date de la Journ\u00e9e de l\u2019Europe, pour y signer un <a href=\"https:\/\/www.estrepublicain.fr\/politique\/2025\/01\/22\/france-pologne-un-traite-historique-sera-signe-a-nancy-au-printemps\" target=\"_blank\" rel=\"nofollow noopener\">trait\u00e9 d\u2019amiti\u00e9 entre la France et la Pologne<\/a>.<\/p>\n<p>\u00c0 l\u2019image des trait\u00e9s d\u2019amiti\u00e9 sign\u00e9s par la France avec l\u2019Allemagne en 1963 (trait\u00e9 de l\u2019Elys\u00e9e renforc\u00e9 en 2019 par celui d\u2019Aix-la-Chapelle), l\u2019Italie en 2021 (trait\u00e9 du Quirinal) et l\u2019Espagne en 2023 (trait\u00e9 de Barcelone), le futur trait\u00e9 de Nancy officialisera de mani\u00e8re symbolique le renforcement de la coop\u00e9ration dans de nombreux domaines (soutien \u00e0 l\u2019Ukraine, d\u00e9veloppement du partenariat \u00e9conomique,\u00a0etc) entre la France et la Pologne, place forte de l\u2019OTAN depuis l\u2019invasion de l\u2019Ukraine par la Russie.<\/p>\n<p>  Pourquoi le choix de Nancy\u00a0?<\/p>\n<p>La ville de Nancy n\u2019a pas \u00e9t\u00e9 choisie au hasard. Le choix d\u2019y signer un trait\u00e9 bilat\u00e9ral entre les deux pays a \u00e9t\u00e9 motiv\u00e9 par des raisons historiques et g\u00e9opolitiques. Nancy et Lun\u00e9ville ont \u00e9t\u00e9 les ultimes lieux de r\u00e9sidence de l\u2019ancien roi de Pologne, Stanislas Leszczynski (1737-1766), qui fut le dernier duc de Lorraine.<\/p>\n<p>La cit\u00e9 ducale, dont la place porte le nom de son dernier duc de Lorraine, a aussi accueilli, les 7\u00a0mai 1999 et 19\u00a0mai 2005, deux sommets du <a href=\"https:\/\/www.estrepublicain.fr\/edition-de-nancy-ville\/2019\/09\/26\/photos-jacques-chirac-a-nancy-l-apotheose-pour-l-inauguration-de-la-place-stanislas\" target=\"_blank\" rel=\"nofollow noopener\">Triangle de Weimar<\/a> d\u00e9finissant la coop\u00e9ration trilat\u00e9rale entre la France, l\u2019Allemagne et la Pologne. Ces deux sommets avaient r\u00e9uni \u00e0 Nancy le pr\u00e9sident <a href=\"https:\/\/www.estrepublicain.fr\/p\/jacques-chirac\" target=\"_blank\" rel=\"nofollow noopener\">Jacques Chirac<\/a>, le chancelier allemand Gerhard Schr\u00f6der, et le pr\u00e9sident polonais Aleksander Kwasniewski.<\/p>\n<p>La coop\u00e9ration franco-polonaise s\u2019exprime aussi dans un jumelage liant depuis 37 ans Nancy et Lublin, ville polonaise frontali\u00e8re avec l\u2019Ukraine, distante de quelques centaines de kilom\u00e8tres de Lviv, la ville de naissance du roi Stanislas qui fut d\u2019abord polonaise avant de devenir ukrainienne. En juin\u00a02022, le maire de Nancy, <a href=\"https:\/\/www.estrepublicain.fr\/p\/mathieu-klein\" target=\"_blank\" rel=\"nofollow noopener\">Mathieu Klein<\/a>, s\u2019\u00e9tait rendu dans les deux villes pour exprimer sa solidarit\u00e9 avec les Ukrainiens r\u00e9fugi\u00e9s.<\/p>\n<p>Enfin, Nancy, qui compte un centre europ\u00e9en universitaire, est situ\u00e9 dans la plus grande r\u00e9gion transfrontali\u00e8re fran\u00e7aise, le Grand Est, partageant quatre fronti\u00e8res avec le Luxembourg, l\u2019Allemagne, la Belgique et la Suisse\u2026<\/p>\n","protected":false},"excerpt":{"rendered":"C\u2019est d\u00e9sormais officiel. Emmanuel Macron, Pr\u00e9sident de la R\u00e9publique fran\u00e7aise, et Donald Tusk, Premier ministre polonais, sont attendus&hellip;\n","protected":false},"author":2,"featured_media":64362,"comment_status":"","ping_status":"","sticky":false,"template":"","format":"standard","meta":{"footnotes":""},"categories":[9635],"tags":[1111,11,1704,1777,674,107,1011,27,775,3457,1702,12,316,3456,25],"class_list":{"0":"post-64361","1":"post","2":"type-post","3":"status-publish","4":"format-standard","5":"has-post-thumbnail","7":"category-nancy","8":"tag-actu","9":"tag-actualites","10":"tag-edition-nancy-et-agglomeration","11":"tag-eu","12":"tag-europe","13":"tag-fil-info","14":"tag-fr","15":"tag-france","16":"tag-grand-est","17":"tag-meurthe-et-moselle","18":"tag-nancy","19":"tag-news","20":"tag-politique","21":"tag-region-lorraine","22":"tag-republique-francaise"},"share_on_mastodon":{"url":"https:\/\/pubeurope.com\/@fr\/114426918002668503","error":""},"_links":{"self":[{"href":"https:\/\/www.europesays.com\/fr\/wp-json\/wp\/v2\/posts\/64361","targetHints":{"allow":["GET"]}}],"collection":[{"href":"https:\/\/www.europesays.com\/fr\/wp-json\/wp\/v2\/posts"}],"about":[{"href":"https:\/\/www.europesays.com\/fr\/wp-json\/wp\/v2\/types\/post"}],"author":[{"embeddable":true,"href":"https:\/\/www.europesays.com\/fr\/wp-json\/wp\/v2\/users\/2"}],"replies":[{"embeddable":true,"href":"https:\/\/www.europesays.com\/fr\/wp-json\/wp\/v2\/comments?post=64361"}],"version-history":[{"count":0,"href":"https:\/\/www.europesays.com\/fr\/wp-json\/wp\/v2\/posts\/64361\/revisions"}],"wp:featuredmedia":[{"embeddable":true,"href":"https:\/\/www.europesays.com\/fr\/wp-json\/wp\/v2\/media\/64362"}],"wp:attachment":[{"href":"https:\/\/www.europesays.com\/fr\/wp-json\/wp\/v2\/media?parent=64361"}],"wp:term":[{"taxonomy":"category","embeddable":true,"href":"https:\/\/www.europesays.com\/fr\/wp-json\/wp\/v2\/categories?post=64361"},{"taxonomy":"post_tag","embeddable":true,"href":"https:\/\/www.europesays.com\/fr\/wp-json\/wp\/v2\/tags?post=64361"}],"curies":[{"name":"wp","href":"https:\/\/api.w.org\/{rel}","templated":true}]}}