{"id":643613,"date":"2026-01-06T00:12:18","date_gmt":"2026-01-06T00:12:18","guid":{"rendered":"https:\/\/www.europesays.com\/fr\/643613\/"},"modified":"2026-01-06T00:12:18","modified_gmt":"2026-01-06T00:12:18","slug":"samsung-the-frame-version-2026-des-tv-tableaux-qui-passent-au-glare-free-frandroid","status":"publish","type":"post","link":"https:\/\/www.europesays.com\/fr\/643613\/","title":{"rendered":"Samsung The Frame, version 2026, des TV tableaux qui passent au Glare Free \u2014 Frandroid"},"content":{"rendered":"<p>Lors du CES 2026, Samsung a d\u00e9voil\u00e9 les caract\u00e9ristiques techniques de ses nouveaux t\u00e9l\u00e9viseurs The Frame. En voici tous les d\u00e9tails.<\/p>\n<p><a href=\"https:\/\/images.frandroid.com\/wp-content\/uploads\/2026\/01\/samsung-the-frame-pro-2026-ces-2026-pres.jpg\" target=\"_blank\" class=\"article-content__figure\" rel=\"noopener\"><img fetchpriority=\"high\" decoding=\"async\" loading=\"eager\" width=\"1200\" height=\"925\" src=\"https:\/\/www.europesays.com\/fr\/wp-content\/uploads\/2026\/01\/samsung-the-frame-pro-2026-ces-2026-pres.jpg\" alt=\"\" class=\"wp-image-2927263 wp-image wp-image\"  \/><\/a>Samsung TV The Frame Pro 2026 \/\/ Source : Sylvain Pichot \u2013 Frandroid<\/p>\n<p>Pionnier sur le segment des t\u00e9l\u00e9viseurs capables de se muer en v\u00e9ritable tableaux lorsqu\u2019ils ne sont pas utilis\u00e9s, les s\u00e9ries The Frame \u00e9voluent l\u00e9g\u00e8rement en 2026. <a href=\"https:\/\/www.frandroid.com\/marques\/samsung\/2458126_samsung-the-frame-pro-on-passe-en-mini-led-144-hz-sans-fil-et-a-partir-de-65-pouces\" target=\"_blank\" rel=\"noopener\">Au CES 2025, la marque avait \u00e9toff\u00e9 son offre avec les nouveaux The Frame Pro<\/a> embarquant une dalle Mini LED, une connectivit\u00e9 sans fil et une fr\u00e9quence de rafra\u00eechissement jusqu\u2019\u00e0 144 Hz.<\/p>\n<p><a href=\"https:\/\/images.frandroid.com\/wp-content\/uploads\/2026\/01\/samsung-the-frame-pro-2026-ces-2026-pres2.jpg\" target=\"_blank\" class=\"article-content__figure\" rel=\"noopener\"><img loading=\"lazy\" decoding=\"async\" width=\"1200\" height=\"903\" src=\"https:\/\/www.europesays.com\/fr\/wp-content\/uploads\/2026\/01\/samsung-the-frame-pro-2026-ces-2026-pres2-1200x903.jpg\" alt=\"\" class=\"wp-image-2927265 wp-image\"  \/><\/a>Samsung TV The Frame Pro 2026 \/\/ Source : Sylvain Pichot \u2013 Frandroid<\/p>\n<p>Cette ann\u00e9e, lors du CES 2026, Samsung a pr\u00e9sent\u00e9 les nouveaux The Frame Pro avec un syst\u00e8me de r\u00e9tro\u00e9clairage Neo QLED donc avec un panneau de Quantum Dots et des Mini LED (Neo) mais aussi les TV The Frame 2026 en LED.<\/p>\n<p>Toujours mieux pour les \u0153uvres avec du Glare Free et \u00e0 partir de 55 pouces pour la s\u00e9rie Pro<\/p>\n<p>Les versions 2026 des t\u00e9l\u00e9viseurs The Frame et The Frame Pro diff\u00e8rent de la g\u00e9n\u00e9ration 2025 de par leur dalle. En effet, d\u00e9sormais, ces mod\u00e8les sont dot\u00e9s du traitement antireflet Glare Free permettant de gommer toutes les sources de lumi\u00e8re qui viendraient se poser dessus. Ce rev\u00eatement est d\u00e9j\u00e0 utilis\u00e9 sur plusieurs s\u00e9ries de t\u00e9l\u00e9viseurs de la marque dont les mod\u00e8les les plus haut de gamme. Fini donc la dalle matte utilis\u00e9e jusqu\u2019ici. Le rendu reste tout de m\u00eame extr\u00eamement qualitatif.<\/p>\n<p><a href=\"https:\/\/images.frandroid.com\/wp-content\/uploads\/2026\/01\/samsung-the-frame-pro-2026-ces-2026-pres3.jpg\" target=\"_blank\" class=\"article-content__figure\" rel=\"noopener\"><img loading=\"lazy\" decoding=\"async\" width=\"1200\" height=\"765\" src=\"https:\/\/www.europesays.com\/fr\/wp-content\/uploads\/2026\/01\/samsung-the-frame-pro-2026-ces-2026-pres3-1200x765.jpg\" alt=\"\" class=\"wp-image-2927267 wp-image\"  \/><\/a>Samsung TV The Frame Pro 2026 \/\/ Source : Sylvain Pichot \u2013 Frandroid<\/p>\n<p>Les deux s\u00e9ries sont concern\u00e9es. La s\u00e9rie The Frame Pro est d\u00e9sormais disponible en 55 pouces mais aussi en 65, 75, 85 et 98 pouces tandis que la s\u00e9rie The Frame est disponible du 32 pouces jusqu\u2019\u00e0 65 pouces.<\/p>\n<p><a href=\"https:\/\/images.frandroid.com\/wp-content\/uploads\/2026\/01\/samsung-the-frame-2026-ces-2026-pres.jpg\" target=\"_blank\" class=\"article-content__figure\" rel=\"noopener\"><img loading=\"lazy\" decoding=\"async\" width=\"1200\" height=\"795\" src=\"https:\/\/www.europesays.com\/fr\/wp-content\/uploads\/2026\/01\/samsung-the-frame-2026-ces-2026-pres-1200x795.jpg\" alt=\"\" class=\"wp-image-2927261 wp-image\"  \/><\/a>Samsung TV The Frame 2026 \/\/ Source : Sylvain Pichot \u2013 Frandroid<\/p>\n<p>En outre, on peut toujours compter sur une connectivit\u00e9 toujours sans fil pour la s\u00e9rie The Frame Pro ainsi qu\u2019un design similaire, particuli\u00e8rement fin, une qualit\u00e9 d\u2019affichage artistique, la possibilit\u00e9 de personnaliser le cadre et bien entendu l\u2019application Art Store pour acc\u00e9der \u00e0 toutes les \u0153uvres propos\u00e9es par Samsung et ses tr\u00e8s nombreux partenaires.<\/p>\n<p>Retrouvez tous les articles de Frandroid directement sur Google. Abonnez-vous \u00e0 <a target=\"_blank\" href=\"https:\/\/shop.frandroid.com\/gpfrandroid\" rel=\"noopener\">notre profil Google<\/a> pour ne rien manquer !<\/p>\n<p class=\"title\">\n            Retrouvez toutes les nouveaut\u00e9s du             <a href=\"https:\/\/www.frandroid.com\/events\/ces\" target=\"_blank\" rel=\"noopener\"><br \/>\n                CES 2026            <\/a>\n        <\/p>\n","protected":false},"excerpt":{"rendered":"Lors du CES 2026, Samsung a d\u00e9voil\u00e9 les caract\u00e9ristiques techniques de ses nouveaux t\u00e9l\u00e9viseurs The Frame. En voici&hellip;\n","protected":false},"author":2,"featured_media":643614,"comment_status":"","ping_status":"","sticky":false,"template":"","format":"standard","meta":{"footnotes":""},"categories":[6],"tags":[35,73358,33,34,1011,27],"class_list":{"0":"post-643613","1":"post","2":"type-post","3":"status-publish","4":"format-standard","5":"has-post-thumbnail","7":"category-economie","8":"tag-business","9":"tag-ces-2026","10":"tag-economie","11":"tag-economy","12":"tag-fr","13":"tag-france"},"share_on_mastodon":{"url":"https:\/\/pubeurope.com\/@fr\/115845263939840594","error":""},"_links":{"self":[{"href":"https:\/\/www.europesays.com\/fr\/wp-json\/wp\/v2\/posts\/643613","targetHints":{"allow":["GET"]}}],"collection":[{"href":"https:\/\/www.europesays.com\/fr\/wp-json\/wp\/v2\/posts"}],"about":[{"href":"https:\/\/www.europesays.com\/fr\/wp-json\/wp\/v2\/types\/post"}],"author":[{"embeddable":true,"href":"https:\/\/www.europesays.com\/fr\/wp-json\/wp\/v2\/users\/2"}],"replies":[{"embeddable":true,"href":"https:\/\/www.europesays.com\/fr\/wp-json\/wp\/v2\/comments?post=643613"}],"version-history":[{"count":0,"href":"https:\/\/www.europesays.com\/fr\/wp-json\/wp\/v2\/posts\/643613\/revisions"}],"wp:featuredmedia":[{"embeddable":true,"href":"https:\/\/www.europesays.com\/fr\/wp-json\/wp\/v2\/media\/643614"}],"wp:attachment":[{"href":"https:\/\/www.europesays.com\/fr\/wp-json\/wp\/v2\/media?parent=643613"}],"wp:term":[{"taxonomy":"category","embeddable":true,"href":"https:\/\/www.europesays.com\/fr\/wp-json\/wp\/v2\/categories?post=643613"},{"taxonomy":"post_tag","embeddable":true,"href":"https:\/\/www.europesays.com\/fr\/wp-json\/wp\/v2\/tags?post=643613"}],"curies":[{"name":"wp","href":"https:\/\/api.w.org\/{rel}","templated":true}]}}