{"id":643615,"date":"2026-01-06T00:13:10","date_gmt":"2026-01-06T00:13:10","guid":{"rendered":"https:\/\/www.europesays.com\/fr\/643615\/"},"modified":"2026-01-06T00:13:10","modified_gmt":"2026-01-06T00:13:10","slug":"en-direct-guerre-en-ukraine-dintenses-combats-continuent-a-faire-rage-a-houliaipole-selon-larmee-ukrainienne-le-monde-fr","status":"publish","type":"post","link":"https:\/\/www.europesays.com\/fr\/643615\/","title":{"rendered":"EN DIRECT, guerre en Ukraine : d\u2019intenses combats continuent \u00e0 faire rage \u00e0 Houlia\u00efpole, selon l\u2019arm\u00e9e ukrainienne &#8211; Le Monde.fr"},"content":{"rendered":"<ol>\n<li><a href=\"https:\/\/news.google.com\/rss\/articles\/CBMijgJBVV95cUxQMkdTLUpveWI2RnVwZHBXNXktakd0VHNxanh0ejJuYm5vM0FVWTZqU3djNVNZN3ZObkRMTmRpbUdPTkpCZ0dlZEdTb09SdkpqNGpzQXZwT0xyQUxBUXowVEJuUUtpVUZGY0F2aGppeUNOcU4tbGpVYkV6YU0wdE5UUUNRYm44ZHRyT3JQVXNOTEJaMXVpeTJ6c0VtN29RdkxfdTJtSXI5VGlxQm1BVHlQYkVLNnMxanp5YVJZV0h5aGt2c2N2MzU1c3F6b200LVF0YmQ2NXpsMEtCbXZNTEdiY1ZJYmtSRmdRRUNWejJ0bE4xbjI4VS1HalU2dS0zRnJ4R196YW1GaGFGc2xrOWc?oc=5\" target=\"_blank\" rel=\"noopener\">EN DIRECT, guerre en Ukraine : d\u2019intenses combats continuent \u00e0 faire rage \u00e0 Houlia\u00efpole, selon l\u2019arm\u00e9e ukrainienne<\/a>&nbsp;&nbsp;Le Monde.fr<\/li>\n<li><a href=\"https:\/\/news.google.com\/rss\/articles\/CBMizAFBVV95cUxQN01vSjc2bzBneUl6c195WWxVSHA3cHVsR3l2SjRPblNOcXdGUnVLQzBHS3BPNDFERFYwRDMtSms0ZjJNbTU3cjhHNzN3SDlhT242RTRGOXVVNTRjTVNDS2RZVjhTUHA3alRYb1c1QXRHQk10MU95OUtHNk9RbzE4WWlwMk5CWURmQzN5QkVab2NTTFRDbkZxMWlsY3JaN0ZBcjFXdFdXclViTlFtbUR2U0tVZlo2eG1QNTNBRW9uTmZNUGl3RWhnRmdGT3U?oc=5\" target=\"_blank\" rel=\"noopener\">Guerre en Ukraine : Moscou revendique la capture d&rsquo;une localit\u00e9 dans la r\u00e9gion de Soumy<\/a>&nbsp;&nbsp;Le Figaro<\/li>\n<li><a href=\"https:\/\/news.google.com\/rss\/articles\/CBMiuwFBVV95cUxNUF9PMWFJWFFBdklHNXdHblhKU2RhQUM0TkJubmFEeTdxN1ptR3ZfOVBBU0dXdU1xR3AxVGpEcG5aVHpFWXBkMU54b3ZuS1NqMnhKazdyTjQ3dlZmLTk5TGtwUFNDdVRQRHRySVJDa0p1ZV9iLS1qdWk2bjZ6OTVwa0RBTWdzam5pby1YcEg0eXRwWExpYXZKTEt6M0ZmZ0llQTA2VGpCUllZdmVwaUVnSjVfb1FLSjAxYk4w?oc=5\" target=\"_blank\" rel=\"noopener\">Ukraine : avec l\u2019unit\u00e9 fant\u00f4me qui frappe la Russie dans la profondeur<\/a>&nbsp;&nbsp;Le Point<\/li>\n<li><a href=\"https:\/\/news.google.com\/rss\/articles\/CBMivwFBVV95cUxORFpDeEJUOHd3cnNJRkFvaEIxRjlSX1R6bkppLUJwYVFUdjZFOGZMbVB2OW9kd2d6dkJXYnBaOXAtdjNwVnFMXzVodUtXVWNMbjQ0VUFvVnliT1JubEIwZ0tNbl9xNE44VXl4bnRTNUFYUm9HWUUzQVRTN0NzTGtkamMzOFJ2RldxbEhEUFlOaHdBUTVrTWw2aVJ1Tzg0MWJQRzZpX3BGYXppWm9zS1U5NlBuNDlVc3N3Sng2YVdZWQ?oc=5\" target=\"_blank\" rel=\"noopener\">Poutine ordonne \u00e0 l&rsquo;arm\u00e9e russe de d\u00e9ployer tous ses efforts pour \u00ab\u00a0lib\u00e9rer\u00a0\u00bb Zaporijjia<\/a>&nbsp;&nbsp;Challenges<\/li>\n<li><a href=\"https:\/\/news.google.com\/rss\/articles\/CBMioAFBVV95cUxOZWxKNDluUXJKT1RsZUYzRGdUS0ZKLTRlMGk5Rm9zZzV0ZEtlVE1qZXlFa0NwTGpORy1MZU9WLXQ3NmtXenV0ZVJ2aWU0ZW9kQ2VZc2VKV0x6WG8xcWdCNi02dkhfdXB1bktxMnNrcDdTQ01QZUJIV09majczVlBCY2pKMXFmUzBuTGl3SU85YmdfRU95eTNmY2RFcTV5STZV?oc=5\" target=\"_blank\" rel=\"noopener\">En direct, Guerre en Ukraine \u2013 Moscou revendique la capture d\u2019une localit\u00e9 dans la r\u00e9gion de Soumy<\/a>&nbsp;&nbsp;Le Temps<\/li>\n<\/ol>\n","protected":false},"excerpt":{"rendered":"EN DIRECT, guerre en Ukraine : d\u2019intenses combats continuent \u00e0 faire rage \u00e0 Houlia\u00efpole, selon l\u2019arm\u00e9e ukrainienne&nbsp;&nbsp;Le Monde.fr&hellip;\n","protected":false},"author":2,"featured_media":643616,"comment_status":"","ping_status":"","sticky":false,"template":"","format":"standard","meta":{"footnotes":""},"categories":[5],"tags":[11,1011,27,14,12,28],"class_list":{"0":"post-643615","1":"post","2":"type-post","3":"status-publish","4":"format-standard","5":"has-post-thumbnail","7":"category-international","8":"tag-actualites","9":"tag-fr","10":"tag-france","11":"tag-international","12":"tag-news","13":"tag-world"},"share_on_mastodon":{"url":"https:\/\/pubeurope.com\/@fr\/115845267666190572","error":""},"_links":{"self":[{"href":"https:\/\/www.europesays.com\/fr\/wp-json\/wp\/v2\/posts\/643615","targetHints":{"allow":["GET"]}}],"collection":[{"href":"https:\/\/www.europesays.com\/fr\/wp-json\/wp\/v2\/posts"}],"about":[{"href":"https:\/\/www.europesays.com\/fr\/wp-json\/wp\/v2\/types\/post"}],"author":[{"embeddable":true,"href":"https:\/\/www.europesays.com\/fr\/wp-json\/wp\/v2\/users\/2"}],"replies":[{"embeddable":true,"href":"https:\/\/www.europesays.com\/fr\/wp-json\/wp\/v2\/comments?post=643615"}],"version-history":[{"count":0,"href":"https:\/\/www.europesays.com\/fr\/wp-json\/wp\/v2\/posts\/643615\/revisions"}],"wp:featuredmedia":[{"embeddable":true,"href":"https:\/\/www.europesays.com\/fr\/wp-json\/wp\/v2\/media\/643616"}],"wp:attachment":[{"href":"https:\/\/www.europesays.com\/fr\/wp-json\/wp\/v2\/media?parent=643615"}],"wp:term":[{"taxonomy":"category","embeddable":true,"href":"https:\/\/www.europesays.com\/fr\/wp-json\/wp\/v2\/categories?post=643615"},{"taxonomy":"post_tag","embeddable":true,"href":"https:\/\/www.europesays.com\/fr\/wp-json\/wp\/v2\/tags?post=643615"}],"curies":[{"name":"wp","href":"https:\/\/api.w.org\/{rel}","templated":true}]}}