{"id":643618,"date":"2026-01-06T00:15:12","date_gmt":"2026-01-06T00:15:12","guid":{"rendered":"https:\/\/www.europesays.com\/fr\/643618\/"},"modified":"2026-01-06T00:15:12","modified_gmt":"2026-01-06T00:15:12","slug":"transferts-top-14-clermont-officialise-larrivee-du-centre-neo-zelandais-aj-lam-en-provenance-des-auckland-blues","status":"publish","type":"post","link":"https:\/\/www.europesays.com\/fr\/643618\/","title":{"rendered":"Transferts \/ Top 14 &#8211; Clermont officialise l&rsquo;arriv\u00e9e du centre n\u00e9o-z\u00e9landais AJ Lam en provenance des Auckland Blues"},"content":{"rendered":"<p>\n                Clermont renforce son \u00e9quipe avec l&rsquo;arriv\u00e9e d&rsquo;AJ Lam pour 2026-2027. Le N\u00e9o-Z\u00e9landais, issu des Auckland Blues, apportera son explosivit\u00e9 et sa puissance \u00e0 la ligne de trois-quarts de l&rsquo;ASM o\u00f9 il retrouvera Harry Plummer, son ancien partenaire en club.\u00a0\n            <\/p>\n<p>Clermont tient sa premi\u00e8re recrue pour 2026-2027 et elle est tr\u00e8s prometteuse. Le club auvergnat vient d&rsquo;officialiser la signature du N\u00e9o-Z\u00e9landais AJ Lam (27 ans, 1,88 m, 100 kg) pour les trois prochaines saisons, en provenance des Auckland Blues. Comme annonc\u00e9 sur rugbyrama.fr d\u00e8s novembre dernier, les dirigeants de l&rsquo;ASM et Christophe Urios ont \u00e9t\u00e9 s\u00e9duits par le profil de l&rsquo;attaquant des Blues, l&rsquo;un des talents les plus complets du Super Rugby actuel. En fin de contrat en fin de saison, il viendra renforcer une ligne des trois-quarts clermontoise d\u00e9sireuse d&rsquo;\u00eatre renforc\u00e9e \u00e0 l&rsquo;intersaison.\u00a0<\/p>\n<p>\u00c0 Clermont,\u00a0AJ Lam retrouvera son ancien partenaire Harry Plummer, qui a r\u00e9ussi son adaptation au Top 14 et \u00e0 son nouveau club, et qui forme une des charni\u00e8res les plus comp\u00e9titives du championnat avec Baptiste Jauneau. \u00ab\u00a0C&rsquo;est une excellente nouvelle pour le club, se r\u00e9jouit le manager Christophe Urios.\u00a0C\u2019est exactement le profil que nous recherchions avec un joueur capable de gagner les collisions, avancer et br\u00e8cher les d\u00e9fenses mais aussi dot\u00e9 de tr\u00e8s bonnes mains permettant de faire vivre et donner de la vitesse au ballon. Nous avons h\u00e2te de voir comment les connexions qui existent d\u00e9j\u00e0 avec Harry (Plummer) vont \u00eatre capables de s\u2019inscrire dans notre syst\u00e8me de jeu.\u00a0\u00bb<\/p>\n<blockquote><p>\n\u00c0 la fois explosif et technique\n<\/p><\/blockquote>\n<p>Le N\u00e9o-Z\u00e9landais prendra la succession de George Moala, l&rsquo;un des visages de l&rsquo;ASM depuis huit ans, lui aussi arriv\u00e9 des Auckland Blues en 2018. V\u00e9ritable premier centre, il a d\u00e9j\u00e0 disput\u00e9 plus de 50 matchs en Super Rugby, et il peut aussi d\u00e9panner sur l&rsquo;aile. Form\u00e9 au prestigieux St Peter\u2019s College, son association avec Plummer pourrait faire des merveilles et les beaux jours des Auvergnats, actuellement huiti\u00e8mes du championnat \u00e0 deux points des places qualificatives. \u00ab\u00a0Il est \u00e0 la fois explosif et technique, et avec\u00a0l\u2019exp\u00e9rience qu\u2019il poss\u00e8de, il est capable de donner une nouvelle dimension \u00e0 notre ligne d\u2019attaque. De plus, il est tr\u00e8s proche d\u2019Harry qui nous l\u2019a fortement recommand\u00e9, raconte Urios. Quand on conna\u00eet son professionnalisme et son envie de porter le club vers de belles choses, on ne peut que lui faire confiance sur l\u2019\u00e9tat d\u2019esprit et la motivation de AJ \u00e0 nous rejoindre.\u00a0\u00bb<\/p>\n","protected":false},"excerpt":{"rendered":"Clermont renforce son \u00e9quipe avec l&rsquo;arriv\u00e9e d&rsquo;AJ Lam pour 2026-2027. Le N\u00e9o-Z\u00e9landais, issu des Auckland Blues, apportera son&hellip;\n","protected":false},"author":2,"featured_media":643619,"comment_status":"","ping_status":"","sticky":false,"template":"","format":"standard","meta":{"footnotes":""},"categories":[2],"tags":[11,1011,27,12,10662],"class_list":{"0":"post-643618","1":"post","2":"type-post","3":"status-publish","4":"format-standard","5":"has-post-thumbnail","7":"category-actualites","8":"tag-actualites","9":"tag-fr","10":"tag-france","11":"tag-news","12":"tag-transferts"},"share_on_mastodon":{"url":"https:\/\/pubeurope.com\/@fr\/115845275524197424","error":""},"_links":{"self":[{"href":"https:\/\/www.europesays.com\/fr\/wp-json\/wp\/v2\/posts\/643618","targetHints":{"allow":["GET"]}}],"collection":[{"href":"https:\/\/www.europesays.com\/fr\/wp-json\/wp\/v2\/posts"}],"about":[{"href":"https:\/\/www.europesays.com\/fr\/wp-json\/wp\/v2\/types\/post"}],"author":[{"embeddable":true,"href":"https:\/\/www.europesays.com\/fr\/wp-json\/wp\/v2\/users\/2"}],"replies":[{"embeddable":true,"href":"https:\/\/www.europesays.com\/fr\/wp-json\/wp\/v2\/comments?post=643618"}],"version-history":[{"count":0,"href":"https:\/\/www.europesays.com\/fr\/wp-json\/wp\/v2\/posts\/643618\/revisions"}],"wp:featuredmedia":[{"embeddable":true,"href":"https:\/\/www.europesays.com\/fr\/wp-json\/wp\/v2\/media\/643619"}],"wp:attachment":[{"href":"https:\/\/www.europesays.com\/fr\/wp-json\/wp\/v2\/media?parent=643618"}],"wp:term":[{"taxonomy":"category","embeddable":true,"href":"https:\/\/www.europesays.com\/fr\/wp-json\/wp\/v2\/categories?post=643618"},{"taxonomy":"post_tag","embeddable":true,"href":"https:\/\/www.europesays.com\/fr\/wp-json\/wp\/v2\/tags?post=643618"}],"curies":[{"name":"wp","href":"https:\/\/api.w.org\/{rel}","templated":true}]}}