{"id":643620,"date":"2026-01-06T00:16:21","date_gmt":"2026-01-06T00:16:21","guid":{"rendered":"https:\/\/www.europesays.com\/fr\/643620\/"},"modified":"2026-01-06T00:16:21","modified_gmt":"2026-01-06T00:16:21","slug":"nidec-asi-sur-un-marche-en-pleine-croissance","status":"publish","type":"post","link":"https:\/\/www.europesays.com\/fr\/643620\/","title":{"rendered":"Nidec-ASI sur un march\u00e9 en pleine croissance"},"content":{"rendered":"<p>D\u00e9j\u00e0 sur un rythme de 50 embauches par an depuis 2022, l\u2019entreprise Nidec-ASI, bas\u00e9e \u00e0 Roche-la-Moli\u00e8re et La Fouillouse, entend continuer sur sa lanc\u00e9e en 2026. \u00ab\u00a0Lors de l\u2019exercice actuel, qui va de d\u00e9but avril \u00e0 fin mars, nous avons fait la plupart des 53 embauches en CDI pr\u00e9vues pour porter nos effectifs \u00e0 335 personnes\u00a0\u00bb, explique Franck Girard, pr\u00e9sident du directoire de Nidec-ASI. \u00ab\u00a0En 2026, nous allons proc\u00e9der \u00e0 35 nouvelles embauches.\u00a0\u00bb<\/p>\n<p>Ing\u00e9nieurs \u00e9lectrotechniciens et automaticiens, techniciens, personnel d\u2019ateliers\u2026&#8230;<\/p>\n","protected":false},"excerpt":{"rendered":"D\u00e9j\u00e0 sur un rythme de 50 embauches par an depuis 2022, l\u2019entreprise Nidec-ASI, bas\u00e9e \u00e0 Roche-la-Moli\u00e8re et La&hellip;\n","protected":false},"author":2,"featured_media":643621,"comment_status":"","ping_status":"","sticky":false,"template":"","format":"standard","meta":{"footnotes":""},"categories":[9653],"tags":[1111,11,2430,33,7539,1777,674,1011,27,3367,12,25,4001,7538,216],"class_list":{"0":"post-643620","1":"post","2":"type-post","3":"status-publish","4":"format-standard","5":"has-post-thumbnail","7":"category-saint-etienne","8":"tag-actu","9":"tag-actualites","10":"tag-auvergne-rhone-alpes","11":"tag-economie","12":"tag-edition-loire-sud","13":"tag-eu","14":"tag-europe","15":"tag-fr","16":"tag-france","17":"tag-loire","18":"tag-news","19":"tag-republique-francaise","20":"tag-saint-etienne","21":"tag-saint-etienne-ville","22":"tag-vie-des-entreprises"},"share_on_mastodon":{"url":"https:\/\/pubeurope.com\/@fr\/115845279573292446","error":""},"_links":{"self":[{"href":"https:\/\/www.europesays.com\/fr\/wp-json\/wp\/v2\/posts\/643620","targetHints":{"allow":["GET"]}}],"collection":[{"href":"https:\/\/www.europesays.com\/fr\/wp-json\/wp\/v2\/posts"}],"about":[{"href":"https:\/\/www.europesays.com\/fr\/wp-json\/wp\/v2\/types\/post"}],"author":[{"embeddable":true,"href":"https:\/\/www.europesays.com\/fr\/wp-json\/wp\/v2\/users\/2"}],"replies":[{"embeddable":true,"href":"https:\/\/www.europesays.com\/fr\/wp-json\/wp\/v2\/comments?post=643620"}],"version-history":[{"count":0,"href":"https:\/\/www.europesays.com\/fr\/wp-json\/wp\/v2\/posts\/643620\/revisions"}],"wp:featuredmedia":[{"embeddable":true,"href":"https:\/\/www.europesays.com\/fr\/wp-json\/wp\/v2\/media\/643621"}],"wp:attachment":[{"href":"https:\/\/www.europesays.com\/fr\/wp-json\/wp\/v2\/media?parent=643620"}],"wp:term":[{"taxonomy":"category","embeddable":true,"href":"https:\/\/www.europesays.com\/fr\/wp-json\/wp\/v2\/categories?post=643620"},{"taxonomy":"post_tag","embeddable":true,"href":"https:\/\/www.europesays.com\/fr\/wp-json\/wp\/v2\/tags?post=643620"}],"curies":[{"name":"wp","href":"https:\/\/api.w.org\/{rel}","templated":true}]}}