{"id":643626,"date":"2026-01-06T00:22:31","date_gmt":"2026-01-06T00:22:31","guid":{"rendered":"https:\/\/www.europesays.com\/fr\/643626\/"},"modified":"2026-01-06T00:22:31","modified_gmt":"2026-01-06T00:22:31","slug":"le-bain-du-nouvel-an-a-fait-le-plein-la-seyne-sur-mer","status":"publish","type":"post","link":"https:\/\/www.europesays.com\/fr\/643626\/","title":{"rendered":"le bain du Nouvel An a fait le plein ! \u2013 La Seyne-sur-Mer"},"content":{"rendered":"<p><b>Des baigneurs de 7 \u00e0 87 ans !\u00a0<\/b><\/p>\n<p><img fetchpriority=\"high\" decoding=\"async\" class=\"size-medium wp-image-93642 alignright\" src=\"https:\/\/www.europesays.com\/fr\/wp-content\/uploads\/2026\/01\/tn_DSC_3952-300x200.jpg\" alt=\"\" width=\"300\" height=\"200\"  \/>Malgr\u00e9 un thermom\u00e8tre affichant 8 \u00b0C dans l\u2019air et 14 \u00b0C dans l\u2019eau, pr\u00e8s de 300 participants ont r\u00e9pondu \u00e0 l\u2019appel. Une immersion collective qui, \u00e0 en croire les habitu\u00e9s, r\u00e9serve bien des surprises : le froid se fait vite oublier une fois en mouvement, laissant place \u00e0 une sensation de vitalit\u00e9 intense. \u00c0 la sortie, le corps encore engourdi continue de lutter, avant de savourer la r\u00e9compense attendue : un verre de vin chaud partag\u00e9 dans une atmosph\u00e8re conviviale et joyeuse.<\/p>\n<p>Parmi les baigneurs, les g\u00e9n\u00e9rations se sont m\u00eal\u00e9es sans complexe. Iris, 7 ans, a impressionn\u00e9 par son aplomb, tandis que Jean, 87 ans, doyen de l\u2019\u00e9dition, a une nouvelle fois honor\u00e9 le rendez-vous. \u00ab Petit-fils et fils de p\u00eacheurs, je suis n\u00e9 dans l\u2019eau \u00bb, confie-t-il simplement. Une fid\u00e9lit\u00e9 sans faille \u00e0 un rituel qu\u2019il ne manquerait pour rien au monde.<\/p>\n<p><b>Un bain en janvier depuis 30 ann\u00e9es<\/b><\/p>\n<p><img loading=\"lazy\" decoding=\"async\" class=\"size-medium wp-image-93627 alignleft\" src=\"https:\/\/www.europesays.com\/fr\/wp-content\/uploads\/2026\/01\/tn_DSC_3877-300x200.jpg\" alt=\"\" width=\"300\" height=\"200\"  \/>Autre figure incontournable, Mariet\u00e9, 80 ans, incarne \u00e0 elle seule l\u2019esprit de cette tradition. Pr\u00e9sente depuis une trentaine d\u2019ann\u00e9es sur ces \u00e9v\u00e9nements, elle n\u2019h\u00e9site pas \u00e0 encha\u00eener plusieurs bains du Nouvel An en fonction des villes. Pour elle, ce plongeon hivernal est devenu un v\u00e9ritable art de vivre. \u00ab Avant, j\u2019\u00e9tais souvent enrhum\u00e9e. Depuis que je prends un bain glac\u00e9 en janvier, je n\u2019ai plus jamais attrap\u00e9 de maladie ! \u00bb, sourit-elle. C\u2019est dit !<\/p>\n<p><b>Une maman caneton et un b\u00e9b\u00e9 \u00e0 l\u2019eau\u00a0<\/b><\/p>\n<p><img loading=\"lazy\" decoding=\"async\" class=\"size-medium wp-image-93653 alignright\" src=\"https:\/\/www.europesays.com\/fr\/wp-content\/uploads\/2026\/01\/IMG_3895-300x217.jpg\" alt=\"\" width=\"300\" height=\"217\"  \/>La rel\u00e8ve \u00e9tait aussi de la partie. \u00c9lodie et Jules Mathos, n\u00e9 en 2023, tenaient \u00e0 vivre ce moment en famille. Le jeune gar\u00e7on a tremp\u00e9 ses petits pieds dans l\u2019eau, imitant les grands quelques instants, avant de retrouver le r\u00e9confort des bras de sa maman, d\u00e9guis\u00e9e pour l\u2019occasion en caneton g\u00e9ant, clin d\u2019\u0153il ludique \u00e0 un \u00e9v\u00e9nement o\u00f9 le s\u00e9rieux n\u2019exclut jamais la fantaisie.<\/p>\n<p><b>Le longe-c\u00f4te : une activit\u00e9 qui ne cesse pas l\u2019hiver !\u00a0<\/b><\/p>\n<p>Le bain du Nouvel An a \u00e9galement pris des allures sportives gr\u00e2ce \u00e0 la pr\u00e9sence de la section de longe-c\u00f4te du club des Randonneurs seynois. Chantal, Chacha et Corinne ont apport\u00e9 leur \u00e9nergie communicative, rappelant que l\u2019activit\u00e9 physique n\u2019a ni \u00e2ge ni saison. \u00c0 80 ans, Chantal, doyenne du club, s\u2019entra\u00eene trois fois par semaine et affiche un palmar\u00e8s impressionnant : championne de France de longe-c\u00f4te, elle n\u2019a pourtant d\u00e9couvert le sport qu\u2019\u00e0 la retraite, avant de se lancer, \u00e0 73 ans, sur son premier GR20. Au sein du club, le longe-c\u00f4te se pratique toute l\u2019ann\u00e9e, \u00e0 la base nautique de Saint-Elme, dans une ambiance conviviale et encadr\u00e9e, avec des groupes adapt\u00e9s \u00e0 tous les niveaux, du loisir \u00e0 la comp\u00e9tition. Un bel exemple de sport accessible, f\u00e9d\u00e9rateur et profond\u00e9ment ancr\u00e9 dans la vie locale.<\/p>\n<p>Entre d\u00e9fi personnel, esprit collectif et convivialit\u00e9, ce bain du Nouvel An a tenu toutes ses promesses : offrir un moment suspendu, o\u00f9 l\u2019on commence l\u2019ann\u00e9e ensemble, le sourire aux l\u00e8vres\u2026 et les pieds dans l\u2019eau.<\/p>\n","protected":false},"excerpt":{"rendered":"Des baigneurs de 7 \u00e0 87 ans !\u00a0 Malgr\u00e9 un thermom\u00e8tre affichant 8 \u00b0C dans l\u2019air et 14&hellip;\n","protected":false},"author":2,"featured_media":643627,"comment_status":"","ping_status":"","sticky":false,"template":"","format":"standard","meta":{"footnotes":""},"categories":[9619],"tags":[1111,11,1777,674,1011,27,12,882,25,2310],"class_list":{"0":"post-643626","1":"post","2":"type-post","3":"status-publish","4":"format-standard","5":"has-post-thumbnail","7":"category-toulon","8":"tag-actu","9":"tag-actualites","10":"tag-eu","11":"tag-europe","12":"tag-fr","13":"tag-france","14":"tag-news","15":"tag-provence-alpes-cote-dazur","16":"tag-republique-francaise","17":"tag-toulon"},"share_on_mastodon":{"url":"https:\/\/pubeurope.com\/@fr\/115845303247182536","error":""},"_links":{"self":[{"href":"https:\/\/www.europesays.com\/fr\/wp-json\/wp\/v2\/posts\/643626","targetHints":{"allow":["GET"]}}],"collection":[{"href":"https:\/\/www.europesays.com\/fr\/wp-json\/wp\/v2\/posts"}],"about":[{"href":"https:\/\/www.europesays.com\/fr\/wp-json\/wp\/v2\/types\/post"}],"author":[{"embeddable":true,"href":"https:\/\/www.europesays.com\/fr\/wp-json\/wp\/v2\/users\/2"}],"replies":[{"embeddable":true,"href":"https:\/\/www.europesays.com\/fr\/wp-json\/wp\/v2\/comments?post=643626"}],"version-history":[{"count":0,"href":"https:\/\/www.europesays.com\/fr\/wp-json\/wp\/v2\/posts\/643626\/revisions"}],"wp:featuredmedia":[{"embeddable":true,"href":"https:\/\/www.europesays.com\/fr\/wp-json\/wp\/v2\/media\/643627"}],"wp:attachment":[{"href":"https:\/\/www.europesays.com\/fr\/wp-json\/wp\/v2\/media?parent=643626"}],"wp:term":[{"taxonomy":"category","embeddable":true,"href":"https:\/\/www.europesays.com\/fr\/wp-json\/wp\/v2\/categories?post=643626"},{"taxonomy":"post_tag","embeddable":true,"href":"https:\/\/www.europesays.com\/fr\/wp-json\/wp\/v2\/tags?post=643626"}],"curies":[{"name":"wp","href":"https:\/\/api.w.org\/{rel}","templated":true}]}}