{"id":643628,"date":"2026-01-06T00:23:16","date_gmt":"2026-01-06T00:23:16","guid":{"rendered":"https:\/\/www.europesays.com\/fr\/643628\/"},"modified":"2026-01-06T00:23:16","modified_gmt":"2026-01-06T00:23:16","slug":"une-cigarette-semble-etre-a-lorigine-du-drame","status":"publish","type":"post","link":"https:\/\/www.europesays.com\/fr\/643628\/","title":{"rendered":"une cigarette semble \u00eatre \u00e0 l&rsquo;origine du drame"},"content":{"rendered":"<p>Le feu s&rsquo;\u00e9tait d\u00e9clar\u00e9 vers 4 heures du matin, dans un box des urgences de l&rsquo;h\u00f4pital, dans la nuit de dimanche \u00e0 lundi.<\/p>\n<p>L&rsquo;enqu\u00eate progresse. Selon les informations de BFM Toulon Var, l&rsquo;allumage d&rsquo;une cigarette semble \u00eatre \u00e0 l&rsquo;origine de l&rsquo;incendie qui a caus\u00e9 la mort d&rsquo;un homme de 76 ans dans la nuit du dimanche 4 au lundi 5 janvier \u00e0 l<a href=\"https:\/\/www.bfmtv.com\/var\/les-urgences-de-l-hopital-d-hyeres-fermees-a-la-suite-d-un-incendie-un-patient-en-urgence-absolue_AN-202601050146.html\" title=\"Un patient meurt lors d&#039;un incendie \u00e0 l&#039;h\u00f4pital d&#039;Hy\u00e8res, les urgences ferm\u00e9es\" class=\"internal_link\" target=\"_blank\" rel=\"noopener\">&lsquo;h\u00f4pital de Hy\u00e8res<\/a>.<\/p>\n<p>Le parquet de Toulon confirme \u00e0 BFMTV que cette hypoth\u00e8se faire \u00ab\u00a0partie des pistes s\u00e9rieuses d&rsquo;investigation\u00a0\u00bb. En effet, un paquet de cigarettes et un briquet ont \u00e9t\u00e9 d\u00e9couverts sur la table qui jouxtait le lit du patient mort.<\/p>\n<blockquote class=\"embed embed_quote\"><p>\u00ab\u00a0Il avait d\u00e9j\u00e0 \u00e9t\u00e9 surpris par un personnel soignant en train de fumer malgr\u00e9 l&rsquo;interdiction\u00a0\u00bb, ajoute le parquet. \u00ab\u00a0Cette hypoth\u00e8se serait \u00e9galement compatible avec la localisation du d\u00e9part de l&rsquo;incendie, \u00e0 savoir au niveau de la t\u00eate du lit.\u00a0\u00bb<\/p><\/blockquote>\n<p>Cependant, cette m\u00eame source rappelle que les investigations et les auditions \u00ab\u00a0d\u00e9butent \u00e0 peine\u00a0\u00bb et qu&rsquo;il n&rsquo;est donc pas possible de retenir cette seule hypoth\u00e8se \u00e0 ce stade. \u00ab\u00a0Les conclusions (des agents de la police scientifique) ne seront pas connues avant plusieurs jours, voire semaines\u00a0\u00bb, pr\u00e9cise le parquet. \u00ab\u00a0L&rsquo;enqu\u00eate pr\u00e9liminaire (&#8230;) prendra donc n\u00e9cessairement a minima plusieurs semaines\u00a0\u00bb.<\/p>\n<p>32 personnes \u00e9vacu\u00e9es<\/p>\n<p>Le feu s&rsquo;\u00e9tait d\u00e9clar\u00e9 vers 4 heures du matin, dans un box des urgences de l&rsquo;h\u00f4pital. Cinq personnels hospitaliers et un patient avaient \u00e9t\u00e9 incommod\u00e9s par les fum\u00e9es. Ce dernier avait \u00e9t\u00e9 \u00e9vacu\u00e9 vers l&rsquo;h\u00f4pital de Draguignan. Il est mort des suites de ses blessures.<\/p>\n<p>L&rsquo;incendie avait \u00e9t\u00e9 ma\u00eetris\u00e9 \u00e0 l&rsquo;aide d&rsquo;extincteurs par un agent de s\u00e9curit\u00e9 et un soignant. 32 personnes avaient d\u00fb \u00eatre \u00e9vacu\u00e9es au moment du sinistre, dont 19 patients. Une cinquantaine de sapeurs-pompiers \u00e9taient intervenus sur place et ont \u00e9teint le feu.<\/p>\n","protected":false},"excerpt":{"rendered":"Le feu s&rsquo;\u00e9tait d\u00e9clar\u00e9 vers 4 heures du matin, dans un box des urgences de l&rsquo;h\u00f4pital, dans la&hellip;\n","protected":false},"author":2,"featured_media":643629,"comment_status":"","ping_status":"","sticky":false,"template":"","format":"standard","meta":{"footnotes":""},"categories":[9619],"tags":[1111,11,1777,674,1011,27,12,882,25,2310],"class_list":{"0":"post-643628","1":"post","2":"type-post","3":"status-publish","4":"format-standard","5":"has-post-thumbnail","7":"category-toulon","8":"tag-actu","9":"tag-actualites","10":"tag-eu","11":"tag-europe","12":"tag-fr","13":"tag-france","14":"tag-news","15":"tag-provence-alpes-cote-dazur","16":"tag-republique-francaise","17":"tag-toulon"},"share_on_mastodon":{"url":"https:\/\/pubeurope.com\/@fr\/115845306991743157","error":""},"_links":{"self":[{"href":"https:\/\/www.europesays.com\/fr\/wp-json\/wp\/v2\/posts\/643628","targetHints":{"allow":["GET"]}}],"collection":[{"href":"https:\/\/www.europesays.com\/fr\/wp-json\/wp\/v2\/posts"}],"about":[{"href":"https:\/\/www.europesays.com\/fr\/wp-json\/wp\/v2\/types\/post"}],"author":[{"embeddable":true,"href":"https:\/\/www.europesays.com\/fr\/wp-json\/wp\/v2\/users\/2"}],"replies":[{"embeddable":true,"href":"https:\/\/www.europesays.com\/fr\/wp-json\/wp\/v2\/comments?post=643628"}],"version-history":[{"count":0,"href":"https:\/\/www.europesays.com\/fr\/wp-json\/wp\/v2\/posts\/643628\/revisions"}],"wp:featuredmedia":[{"embeddable":true,"href":"https:\/\/www.europesays.com\/fr\/wp-json\/wp\/v2\/media\/643629"}],"wp:attachment":[{"href":"https:\/\/www.europesays.com\/fr\/wp-json\/wp\/v2\/media?parent=643628"}],"wp:term":[{"taxonomy":"category","embeddable":true,"href":"https:\/\/www.europesays.com\/fr\/wp-json\/wp\/v2\/categories?post=643628"},{"taxonomy":"post_tag","embeddable":true,"href":"https:\/\/www.europesays.com\/fr\/wp-json\/wp\/v2\/tags?post=643628"}],"curies":[{"name":"wp","href":"https:\/\/api.w.org\/{rel}","templated":true}]}}