{"id":643634,"date":"2026-01-06T00:27:22","date_gmt":"2026-01-06T00:27:22","guid":{"rendered":"https:\/\/www.europesays.com\/fr\/643634\/"},"modified":"2026-01-06T00:27:22","modified_gmt":"2026-01-06T00:27:22","slug":"pres-de-rouen-la-balle-dun-chasseur-termine-dans-la-fenetre-dune-habitation","status":"publish","type":"post","link":"https:\/\/www.europesays.com\/fr\/643634\/","title":{"rendered":"Pr\u00e8s de Rouen, la balle d&rsquo;un chasseur termine dans la fen\u00eatre d&rsquo;une habitation"},"content":{"rendered":"<p>                    Par<br \/>\n        <strong><br \/>\n            <a href=\"https:\/\/actu.fr\/auteur\/isabellevilly\" title=\"Consulter tous les articles de Isabelle Villy\" target=\"_blank\" rel=\"noopener\">Isabelle Villy<\/a><br \/>\n                    <\/strong><\/p>\n<p>        Publi\u00e9 le<\/p>\n<p>            5 janv. 2026 \u00e0 18h16        <\/p>\n<p><strong>Un incident de chasse<\/strong> s\u2019est produit, mardi 23 d\u00e9cembre, \u00e0 <a href=\"https:\/\/actu.fr\/normandie\/bosc-edeline_76121\" target=\"_blank\" rel=\"noopener\">Bosc-\u00c9deline<\/a>, \u00e0 quelques kilom\u00e8tres de Rouen. La balle d\u2019un chasseur s\u2019est en effet fich\u00e9e <strong>dans une fen\u00eatre d\u2019habitation.<\/strong> Aucun bless\u00e9 n\u2019est \u00e0 d\u00e9plorer mais une enqu\u00eate de gendarmerie a \u00e9t\u00e9 ouverte.<\/p>\n<p>Plusieurs infractions relev\u00e9es<\/p>\n<p class=\" wall-content\">Des agents de l\u2019Office fran\u00e7ais de la biodiversit\u00e9 (OFB) se sont rendus sur place, ainsi que les gendarmes.<strong> Plusieurs infractions ont \u00e9t\u00e9 relev\u00e9es<\/strong> \u00e0 l\u2019encontre des chasseurs, portant sur le non-respect des angles de tir, ainsi que sur des alcool\u00e9mies.<\/p>\n<p class=\" wall-content\"><strong>Une plainte devrait \u00eatre d\u00e9pos\u00e9e<\/strong> pour mise en danger de la vie d\u2019autrui.<\/p>\n<p class=\" wall-content\">Dans son bilan des accidents et incidents de chasse pour la saison 2024-2025, l\u2019OFB-R\u00e9seau national s\u00e9curit\u00e9 \u00e0 la chasse comptabilise<strong> 100 accidents avec 103 victimes<\/strong> ; 11 accidents mortels, 60 graves et 32 l\u00e9gers. \u00c0 noter que 84 % des victimes sont chasseurs.<\/p>\n<p class=\" wall-content\">L\u2019OFB rel\u00e8ve par ailleurs que lors d\u2019accidents de chasse, toujours pour la saison 2024-2025, seuls deux chasseurs sur 61 ont \u00e9t\u00e9 test\u00e9s positifs \u00e0 l\u2019alcool, soit un taux de 3,3 %. \u00ab \u00c0 titre de comparaison, sur les 20 derni\u00e8res saisons, ce taux moyen est de 8,3 % sur 787 mis en cause test\u00e9s. Sur les 20 derni\u00e8res saisons, nous comptons en moyenne <strong>trois mis en cause positifs \u00e0 l\u2019alcool par saison<\/strong>. La tendance semble plut\u00f4t \u00e0 la baisse sur les deux derni\u00e8res saisons avec deux cas par an \u00bb, d\u00e9taille l\u2019OFB dans son bilan.<\/p>\n<p>Accidents de chasse : tendance \u00e0 la baisse depuis 20\u00a0ans<\/p>\n<p class=\" wall-content\">L\u2019OFB constate une l\u00e9g\u00e8re augmentation du nombre global d\u2019accidents par rapport \u00e0 la saison pr\u00e9c\u00e9dente mais observe que \u00ab la tendance reste nettement \u00e0 la baisse depuis 20\u00a0ans avec une diminution de 41 % par rapport \u00e0 la saison 2005-2006 \u00bb m\u00eame si apr\u00e8s deux ann\u00e9es cons\u00e9cutives au plus bas, les accidents mortels connaissent une forte augmentation (de 6 \u00e0 11).<\/p>\n<p>Suivez l\u2019actualit\u00e9 de Rouen <a href=\"https:\/\/www.whatsapp.com\/channel\/0029VaKfnf99hXF2ddApFB1D\" target=\"_blank\" rel=\"noopener\">sur notre cha\u00eene WhatsApp<\/a> et <a href=\"https:\/\/www.tiktok.com\/@76actu.fr?lang=fr\" target=\"_blank\" rel=\"noopener\">sur notre compte TikTok<\/a><\/p>\n<p class=\" wall-content\">Personnalisez votre actualit\u00e9 en ajoutant vos villes et m\u00e9dias en favori avec <a href=\"https:\/\/moncompte.actu.fr\" title=\"D\u00e9couvez Mon Actu\" rel=\"nofollow noopener\" data-trk=\"{&quot;cta&quot;:{&quot;action&quot;:&quot;https:\\\/\\\/moncompte.actu.fr&quot;,&quot;category&quot;:&quot;mon compte&quot;,&quot;from&quot;:&quot;article footer&quot;,&quot;name&quot;:&quot;Mon actu&quot;,&quot;type&quot;:&quot;cta&quot;}}\" target=\"_blank\">Mon Actu<\/a>.<\/p>\n<p>                    <script async src=\"\/\/www.tiktok.com\/embed.js\"><\/script><\/p>\n","protected":false},"excerpt":{"rendered":"Par Isabelle Villy Publi\u00e9 le 5 janv. 2026 \u00e0 18h16 Un incident de chasse s\u2019est produit, mardi 23&hellip;\n","protected":false},"author":2,"featured_media":643635,"comment_status":"","ping_status":"","sticky":false,"template":"","format":"standard","meta":{"footnotes":""},"categories":[9587],"tags":[1111,11,4183,1777,674,118,1011,27,12,5161,25,9590],"class_list":{"0":"post-643634","1":"post","2":"type-post","3":"status-publish","4":"format-standard","5":"has-post-thumbnail","7":"category-rouen","8":"tag-actu","9":"tag-actualites","10":"tag-chasse","11":"tag-eu","12":"tag-europe","13":"tag-faits-divers","14":"tag-fr","15":"tag-france","16":"tag-news","17":"tag-normandie","18":"tag-republique-francaise","19":"tag-rouen"},"share_on_mastodon":{"url":"https:\/\/pubeurope.com\/@fr\/115845322668215531","error":""},"_links":{"self":[{"href":"https:\/\/www.europesays.com\/fr\/wp-json\/wp\/v2\/posts\/643634","targetHints":{"allow":["GET"]}}],"collection":[{"href":"https:\/\/www.europesays.com\/fr\/wp-json\/wp\/v2\/posts"}],"about":[{"href":"https:\/\/www.europesays.com\/fr\/wp-json\/wp\/v2\/types\/post"}],"author":[{"embeddable":true,"href":"https:\/\/www.europesays.com\/fr\/wp-json\/wp\/v2\/users\/2"}],"replies":[{"embeddable":true,"href":"https:\/\/www.europesays.com\/fr\/wp-json\/wp\/v2\/comments?post=643634"}],"version-history":[{"count":0,"href":"https:\/\/www.europesays.com\/fr\/wp-json\/wp\/v2\/posts\/643634\/revisions"}],"wp:featuredmedia":[{"embeddable":true,"href":"https:\/\/www.europesays.com\/fr\/wp-json\/wp\/v2\/media\/643635"}],"wp:attachment":[{"href":"https:\/\/www.europesays.com\/fr\/wp-json\/wp\/v2\/media?parent=643634"}],"wp:term":[{"taxonomy":"category","embeddable":true,"href":"https:\/\/www.europesays.com\/fr\/wp-json\/wp\/v2\/categories?post=643634"},{"taxonomy":"post_tag","embeddable":true,"href":"https:\/\/www.europesays.com\/fr\/wp-json\/wp\/v2\/tags?post=643634"}],"curies":[{"name":"wp","href":"https:\/\/api.w.org\/{rel}","templated":true}]}}