{"id":643638,"date":"2026-01-06T00:33:16","date_gmt":"2026-01-06T00:33:16","guid":{"rendered":"https:\/\/www.europesays.com\/fr\/643638\/"},"modified":"2026-01-06T00:33:16","modified_gmt":"2026-01-06T00:33:16","slug":"verglas-generalise-et-routes-glissantes-a-quoi-sattendre-ce-mardi-matin-en-ille-et-vilaine","status":"publish","type":"post","link":"https:\/\/www.europesays.com\/fr\/643638\/","title":{"rendered":"Verglas g\u00e9n\u00e9ralis\u00e9 et routes glissantes\u00a0: \u00e0 quoi s\u2019attendre ce mardi matin en Ille-et-Vilaine"},"content":{"rendered":"<p>Comme l\u2019ensemble de la Bretagne, l\u2019Ille-et-Vilaine est plac\u00e9e en vigilance orange neige et verglas par M\u00e9t\u00e9o France jusqu\u2019\u00e0 10 h ce mardi 6 janvier. \u00ab Dans la nuit de lundi \u00e0 mardi, apr\u00e8s les chutes de neige sur le nord et l\u2019ouest du pays, les gel\u00e9es sont encore marqu\u00e9es ce qui rend les conditions de circulation tr\u00e8s d\u00e9licates \u00bb, annonce M\u00e9t\u00e9o France dans son bulletin pr\u00e9visionnel. Le service m\u00e9t\u00e9orologique annonce des temp\u00e9ratures glaciales comprises entre -7 et -3 degr\u00e9s en g\u00e9n\u00e9ral.<\/p>\n","protected":false},"excerpt":{"rendered":"Comme l\u2019ensemble de la Bretagne, l\u2019Ille-et-Vilaine est plac\u00e9e en vigilance orange neige et verglas par M\u00e9t\u00e9o France jusqu\u2019\u00e0&hellip;\n","protected":false},"author":2,"featured_media":643639,"comment_status":"","ping_status":"","sticky":false,"template":"","format":"standard","meta":{"footnotes":""},"categories":[2821],"tags":[1111,11,829,21017,765,1777,674,1011,27,848,12,584,25],"class_list":{"0":"post-643638","1":"post","2":"type-post","3":"status-publish","4":"format-standard","5":"has-post-thumbnail","7":"category-rennes","8":"tag-actu","9":"tag-actualites","10":"tag-bretagne","11":"tag-deplacements-a-rennes","12":"tag-en-continu","13":"tag-eu","14":"tag-europe","15":"tag-fr","16":"tag-france","17":"tag-ille-et-vilaine","18":"tag-news","19":"tag-rennes","20":"tag-republique-francaise"},"share_on_mastodon":{"url":"https:\/\/pubeurope.com\/@fr\/115845346335257593","error":""},"_links":{"self":[{"href":"https:\/\/www.europesays.com\/fr\/wp-json\/wp\/v2\/posts\/643638","targetHints":{"allow":["GET"]}}],"collection":[{"href":"https:\/\/www.europesays.com\/fr\/wp-json\/wp\/v2\/posts"}],"about":[{"href":"https:\/\/www.europesays.com\/fr\/wp-json\/wp\/v2\/types\/post"}],"author":[{"embeddable":true,"href":"https:\/\/www.europesays.com\/fr\/wp-json\/wp\/v2\/users\/2"}],"replies":[{"embeddable":true,"href":"https:\/\/www.europesays.com\/fr\/wp-json\/wp\/v2\/comments?post=643638"}],"version-history":[{"count":0,"href":"https:\/\/www.europesays.com\/fr\/wp-json\/wp\/v2\/posts\/643638\/revisions"}],"wp:featuredmedia":[{"embeddable":true,"href":"https:\/\/www.europesays.com\/fr\/wp-json\/wp\/v2\/media\/643639"}],"wp:attachment":[{"href":"https:\/\/www.europesays.com\/fr\/wp-json\/wp\/v2\/media?parent=643638"}],"wp:term":[{"taxonomy":"category","embeddable":true,"href":"https:\/\/www.europesays.com\/fr\/wp-json\/wp\/v2\/categories?post=643638"},{"taxonomy":"post_tag","embeddable":true,"href":"https:\/\/www.europesays.com\/fr\/wp-json\/wp\/v2\/tags?post=643638"}],"curies":[{"name":"wp","href":"https:\/\/api.w.org\/{rel}","templated":true}]}}