{"id":643640,"date":"2026-01-06T00:34:25","date_gmt":"2026-01-06T00:34:25","guid":{"rendered":"https:\/\/www.europesays.com\/fr\/643640\/"},"modified":"2026-01-06T00:34:25","modified_gmt":"2026-01-06T00:34:25","slug":"transport-ferroviaire-la-circulation-des-ter-perturbee-pendant-deux-semaines-sur-trois-lignes-bas-rhinoises","status":"publish","type":"post","link":"https:\/\/www.europesays.com\/fr\/643640\/","title":{"rendered":"Transport ferroviaire. La circulation des TER perturb\u00e9e pendant deux semaines sur trois lignes bas-rhinoises"},"content":{"rendered":"<p>Depuis lundi 5\u00a0janvier, et jusqu\u2019au vendredi 16\u00a0janvier, la circulation des TER est perturb\u00e9e sur les lignes Strasbourg-Molsheim, Strasbourg-Molsheim-S\u00e9lestat et Strasbourg-Epinal. En raison de l\u2019indisponibilit\u00e9 d\u2019une partie des rames du parc du mat\u00e9riel roulant r\u00e9gional, plusieurs circulations figurant au plan de transport habituel de ces trois lignes ont \u00e9t\u00e9 temporairement supprim\u00e9es.<\/p>\n<p>  \u00abEv\u00e9nements externes non anticipables\u00bb<\/p>\n<p>Selon la direction de la communication r\u00e9gionale de SNCF Voyageurs, cette indisponibilit\u00e9 r\u00e9sulte notamment \u00ab\u00a0d\u2019\u00e9v\u00e9nements externes non anticipables comme des chocs avec du gibier ou des arbres\u00a0\u00bb. Elle est \u00e9galement la cons\u00e9quence de l\u2019offre de desserte optimis\u00e9e propos\u00e9e durant la p\u00e9riode des march\u00e9s de No\u00ebl, dans un contexte de tr\u00e8s forte fr\u00e9quentation. Celle-ci a, explique-t-on, \u00ab\u00a0conduit \u00e0 repousser certaines op\u00e9rations de maintenance pr\u00e9ventive qui ne peuvent plus \u00eatre d\u00e9cal\u00e9es si on veut respecter les \u00e9ch\u00e9ances r\u00e9glementaires\u00a0\u00bb.<\/p>\n<p>Sur la ligne Strasbourg-Molsheim, du lundi au vendredi, le nombre de TER circulant quotidiennement dans chaque sens est pendant cette p\u00e9riode de 65, contre 72 en temps normal.<\/p>\n","protected":false},"excerpt":{"rendered":"Depuis lundi 5\u00a0janvier, et jusqu\u2019au vendredi 16\u00a0janvier, la circulation des TER est perturb\u00e9e sur les lignes Strasbourg-Molsheim, Strasbourg-Molsheim-S\u00e9lestat&hellip;\n","protected":false},"author":2,"featured_media":643641,"comment_status":"","ping_status":"","sticky":false,"template":"","format":"standard","meta":{"footnotes":""},"categories":[2820],"tags":[1111,11,2389,2649,1777,674,107,1011,27,775,12,25,640,2803],"class_list":{"0":"post-643640","1":"post","2":"type-post","3":"status-publish","4":"format-standard","5":"has-post-thumbnail","7":"category-strasbourg","8":"tag-actu","9":"tag-actualites","10":"tag-alsace","11":"tag-bas-rhin","12":"tag-eu","13":"tag-europe","14":"tag-fil-info","15":"tag-fr","16":"tag-france","17":"tag-grand-est","18":"tag-news","19":"tag-republique-francaise","20":"tag-strasbourg","21":"tag-transport"},"share_on_mastodon":{"url":"https:\/\/pubeurope.com\/@fr\/115845350487672962","error":""},"_links":{"self":[{"href":"https:\/\/www.europesays.com\/fr\/wp-json\/wp\/v2\/posts\/643640","targetHints":{"allow":["GET"]}}],"collection":[{"href":"https:\/\/www.europesays.com\/fr\/wp-json\/wp\/v2\/posts"}],"about":[{"href":"https:\/\/www.europesays.com\/fr\/wp-json\/wp\/v2\/types\/post"}],"author":[{"embeddable":true,"href":"https:\/\/www.europesays.com\/fr\/wp-json\/wp\/v2\/users\/2"}],"replies":[{"embeddable":true,"href":"https:\/\/www.europesays.com\/fr\/wp-json\/wp\/v2\/comments?post=643640"}],"version-history":[{"count":0,"href":"https:\/\/www.europesays.com\/fr\/wp-json\/wp\/v2\/posts\/643640\/revisions"}],"wp:featuredmedia":[{"embeddable":true,"href":"https:\/\/www.europesays.com\/fr\/wp-json\/wp\/v2\/media\/643641"}],"wp:attachment":[{"href":"https:\/\/www.europesays.com\/fr\/wp-json\/wp\/v2\/media?parent=643640"}],"wp:term":[{"taxonomy":"category","embeddable":true,"href":"https:\/\/www.europesays.com\/fr\/wp-json\/wp\/v2\/categories?post=643640"},{"taxonomy":"post_tag","embeddable":true,"href":"https:\/\/www.europesays.com\/fr\/wp-json\/wp\/v2\/tags?post=643640"}],"curies":[{"name":"wp","href":"https:\/\/api.w.org\/{rel}","templated":true}]}}