{"id":643648,"date":"2026-01-06T00:40:23","date_gmt":"2026-01-06T00:40:23","guid":{"rendered":"https:\/\/www.europesays.com\/fr\/643648\/"},"modified":"2026-01-06T00:40:23","modified_gmt":"2026-01-06T00:40:23","slug":"neige-et-verglas-tous-les-vols-sont-annules-a-laeroport-de-nantes","status":"publish","type":"post","link":"https:\/\/www.europesays.com\/fr\/643648\/","title":{"rendered":"Neige et verglas\u00a0: \u00ab\u00a0tous les vols sont annul\u00e9s\u00a0\u00bb \u00e0 l\u2019a\u00e9roport de Nantes"},"content":{"rendered":"<p>Les vols ne d\u00e9collent plus, ni n\u2019atterrissent \u00e0 Nantes. <a href=\"https:\/\/nantes.maville.com\/actu\/actudet_-neige-et-verglas-l-aeroport-de-nantes-se-tient-pret-un-premier-traitement-preventif-de-la-piste-effectue-_8-7132892_actu.Htm\" target=\"_self\" rel=\"noopener\">Les vols d\u00e9rout\u00e9s de Poitiers et de Limoges vers l\u2019a\u00e9roport de Nantes annon\u00e7aient l\u2019ampleur du ph\u00e9nom\u00e8ne neigeux.<\/a> Les conditions m\u00e9t\u00e9orologiques ont fortement perturb\u00e9 le trafic a\u00e9rien, lundi 5\u00a0janvier 2026.<\/p>\n<p>L\u2019a\u00e9roport de Nantes Atlantique avait d\u00fb r\u00e9cup\u00e9rer les d\u00e9parts pour les destinations de Manchester, Londres, Stansted et Marrakech, initialement pr\u00e9vus dans les deux autres a\u00e9roports. Malgr\u00e9 un \u00a0premier traitement pr\u00e9ventif de la piste\u00a0, c\u2019est au tour de Nantes de conna\u00eetre des difficult\u00e9s. La piste a d\u00fb finalement \u00eatre ferm\u00e9e, lundi 5\u00a0janvier 2026.<\/p>\n<p> <a href=\"https:\/\/nantes.maville.com\/actu\/actudet_-en-images.-la-neige-est-arrivee-en-loire-atlantique-5-a-10-cm-attendus-et-plus-localement-_8-7132951_actu.Htm\" target=\"_self\" rel=\"noopener\">? \u00c0 LIRE AUSSI. EN IMAGES. La neige recouvre la Loire-Atlantique\u00a0: 5 \u00e0 10\u00a0cm attendus, voire plus localement<\/a> <\/p>\n<p>La piste ferm\u00e9e<\/p>\n<p>Depuis 20\u00a0h, \u00a0tous les vols sont annul\u00e9s \u00a0, annonce l\u2019a\u00e9roport de Nantes Atlantique. Cela concerne autant les d\u00e9parts que les arriv\u00e9s pr\u00e9vus, lundi 5\u00a0janvier 2026. La piste est ferm\u00e9e, \u00a0et le restera ce soir\u00a0, pr\u00e9cise l\u2019a\u00e9roport.<\/p>\n<p>V\u00e9rifier les prochains vols<\/p>\n<p>Aucune information n\u2019est pour l\u2019instant transmise sur l\u2019\u00e9tat du trafic a\u00e9rien du mardi 6\u00a0janvier 2026. En attendant, il est conseill\u00e9 aux personnes qui doivent voyager ce mardi \u00a0de v\u00e9rifier le statut de votre vol avant de vous d\u00e9placer\u00a0.<\/p>\n<p>\u00a0<\/p>\n","protected":false},"excerpt":{"rendered":"Les vols ne d\u00e9collent plus, ni n\u2019atterrissent \u00e0 Nantes. Les vols d\u00e9rout\u00e9s de Poitiers et de Limoges vers&hellip;\n","protected":false},"author":2,"featured_media":643649,"comment_status":"","ping_status":"","sticky":false,"template":"","format":"standard","meta":{"footnotes":""},"categories":[2818],"tags":[1111,11,663,52294,1777,674,1011,27,766,10584,12,2636,25,6689,66801,2692,9693],"class_list":{"0":"post-643648","1":"post","2":"type-post","3":"status-publish","4":"format-standard","5":"has-post-thumbnail","7":"category-nantes","8":"tag-actu","9":"tag-actualites","10":"tag-aeroport","11":"tag-annules","12":"tag-eu","13":"tag-europe","14":"tag-fr","15":"tag-france","16":"tag-nantes","17":"tag-neige","18":"tag-news","19":"tag-pays-de-la-loire","20":"tag-republique-francaise","21":"tag-roche","22":"tag-verglas","23":"tag-vols","24":"tag-yon"},"share_on_mastodon":{"url":"https:\/\/pubeurope.com\/@fr\/115845373806304322","error":""},"_links":{"self":[{"href":"https:\/\/www.europesays.com\/fr\/wp-json\/wp\/v2\/posts\/643648","targetHints":{"allow":["GET"]}}],"collection":[{"href":"https:\/\/www.europesays.com\/fr\/wp-json\/wp\/v2\/posts"}],"about":[{"href":"https:\/\/www.europesays.com\/fr\/wp-json\/wp\/v2\/types\/post"}],"author":[{"embeddable":true,"href":"https:\/\/www.europesays.com\/fr\/wp-json\/wp\/v2\/users\/2"}],"replies":[{"embeddable":true,"href":"https:\/\/www.europesays.com\/fr\/wp-json\/wp\/v2\/comments?post=643648"}],"version-history":[{"count":0,"href":"https:\/\/www.europesays.com\/fr\/wp-json\/wp\/v2\/posts\/643648\/revisions"}],"wp:featuredmedia":[{"embeddable":true,"href":"https:\/\/www.europesays.com\/fr\/wp-json\/wp\/v2\/media\/643649"}],"wp:attachment":[{"href":"https:\/\/www.europesays.com\/fr\/wp-json\/wp\/v2\/media?parent=643648"}],"wp:term":[{"taxonomy":"category","embeddable":true,"href":"https:\/\/www.europesays.com\/fr\/wp-json\/wp\/v2\/categories?post=643648"},{"taxonomy":"post_tag","embeddable":true,"href":"https:\/\/www.europesays.com\/fr\/wp-json\/wp\/v2\/tags?post=643648"}],"curies":[{"name":"wp","href":"https:\/\/api.w.org\/{rel}","templated":true}]}}