{"id":64365,"date":"2025-04-30T12:30:10","date_gmt":"2025-04-30T12:30:10","guid":{"rendered":"https:\/\/www.europesays.com\/fr\/64365\/"},"modified":"2025-04-30T12:30:10","modified_gmt":"2025-04-30T12:30:10","slug":"tom-un-ecolier-toulonnais-de-10-ans-parmi-lelite-des-joueurs-dechecs","status":"publish","type":"post","link":"https:\/\/www.europesays.com\/fr\/64365\/","title":{"rendered":"Tom, un \u00e9colier toulonnais de 10 ans, parmi l\u2019\u00e9lite des joueurs d\u2019\u00e9checs"},"content":{"rendered":"<p>Tom Garcia vient tout juste de f\u00eater ses dix ans. Il va repr\u00e9senter Toulon au championnat de France d\u2019\u00e9checs, cat\u00e9gorie jeunes, qui se d\u00e9roule \u00e0 Vichy du 27 avril au 4 mai.<\/p>\n<p>Sa famille et ses camarades du club de La Farl\u00e8de &#8211; Toulon \u00e9checs sont de tout c\u0153ur avec lui. \u00ab\u00a0Je me pr\u00e9pare, je m\u2019entra\u00eene, je croise les doigts. Mais je n\u2019ai pas vraiment le trac\u00a0\u00bb, confie Tom.<\/p>\n<p>Il est inscrit \u00e0 son club d\u2019\u00e9checs depuis deux ans et a d\u00e9couvert le jeu par ses grands-parents, passionn\u00e9s par ce sport. \u00ab\u00a0D\u00e8s l\u2019\u00e2ge de 5 ans, Tom a \u00e9t\u00e9 s\u00e9duit. Depuis, il n\u2019a pas arr\u00eat\u00e9. Aujourd\u2019hui, il joue encore six heures par semaine. Il faut \u00e7a pour se maintenir au niveau\u00a0\u00bb, explique sa m\u00e8re Nathalie.<\/p>\n<p>Et du niveau il y en a puisque Tom a \u00e9t\u00e9 s\u00e9lectionn\u00e9 pour disputer le championnat de France dans sa cat\u00e9gorie d\u2019\u00e2ge. \u00ab\u00a0Il sera le seul Toulonnais \u00e0 concourir. \u00c0 Vichy, 1.800 jeunes sont attendus. Tous ont entre 5 et 15 ans. On esp\u00e8re qu\u2019il portera haut les couleurs de sa ville.\u00a0\u00bb<\/p>\n<p>Jusqu\u2019\u00e0 dimanche prochain, les parties vont s\u2019encha\u00eener. Une discipline que conna\u00eet bien Tom puisqu\u2019il a particip\u00e9 au championnat du Var en novembre dernier. \u00ab\u00a0Il a fini troisi\u00e8me et a donc \u00e9t\u00e9 s\u00e9lectionn\u00e9 pour le championnat r\u00e9gional. L\u00e0, il a fini huiti\u00e8me et a d\u00e9croch\u00e9 sa place pour le championnat de France.\u00a0\u00bb<\/p>\n<p>\u00ab\u00a0Un sport c\u00e9r\u00e9bral complet\u00a0\u00bb<\/p>\n<p>Charles Bautson, son entra\u00eeneur, sera aux premi\u00e8res loges pour encourager son champion. Denis Lepelletier est aussi son entra\u00eeneur et Martine Bolla est la pr\u00e9sidente du club La Farl\u00e8de &#8211; Toulon. \u00ab\u00a0Apr\u00e8s cette comp\u00e9tition, il y a le championnat d\u2019Europe et du monde\u00a0\u00bb, raconte Tom. \u00ab\u00a0Dans mes r\u00eaves, j\u2019aimerais int\u00e9grer l\u2019\u00e9quipe de France mais il y a encore du travail&#8230;\u00a0\u00bb Scolaris\u00e9 en classe de CM1 \u00e0 l\u2019\u00e9cole Polygone, Tom pr\u00e9pare son voyage. Sa maman a un atelier d\u2019aquarelles \u00e0 Toulon et va l\u2019accompagner \u00e0 Vichy. Son p\u00e8re, Fran\u00e7ois, jouait \u00e9galement avec son fils aux \u00e9checs mais a rapidement \u00e9t\u00e9 d\u00e9pass\u00e9 par le talent de Tom!<\/p>\n<p>\u00a0\u00bb Les \u00e9checs repr\u00e9sentent un sport c\u00e9r\u00e9bral complet qui demande de la concentration et de la technicit\u00e9. Il favorise le lien entre g\u00e9n\u00e9rations car beaucoup de parties ont lieu entre adultes et enfants\u00a0\u00bb, ajoute la maman de Tom. D\u00e8s mercredi, Tom sera face \u00e0 des jeunes de son \u00e2ge. Pour le meilleur, on esp\u00e8re.<\/p>\n","protected":false},"excerpt":{"rendered":"Tom Garcia vient tout juste de f\u00eater ses dix ans. Il va repr\u00e9senter Toulon au championnat de France&hellip;\n","protected":false},"author":2,"featured_media":64366,"comment_status":"","ping_status":"","sticky":false,"template":"","format":"standard","meta":{"footnotes":""},"categories":[9619],"tags":[1111,11,1777,674,1011,27,12,882,25,2310,3366],"class_list":{"0":"post-64365","1":"post","2":"type-post","3":"status-publish","4":"format-standard","5":"has-post-thumbnail","7":"category-toulon","8":"tag-actu","9":"tag-actualites","10":"tag-eu","11":"tag-europe","12":"tag-fr","13":"tag-france","14":"tag-news","15":"tag-provence-alpes-cote-dazur","16":"tag-republique-francaise","17":"tag-toulon","18":"tag-vie-locale"},"share_on_mastodon":{"url":"https:\/\/pubeurope.com\/@fr\/114426925930436125","error":""},"_links":{"self":[{"href":"https:\/\/www.europesays.com\/fr\/wp-json\/wp\/v2\/posts\/64365","targetHints":{"allow":["GET"]}}],"collection":[{"href":"https:\/\/www.europesays.com\/fr\/wp-json\/wp\/v2\/posts"}],"about":[{"href":"https:\/\/www.europesays.com\/fr\/wp-json\/wp\/v2\/types\/post"}],"author":[{"embeddable":true,"href":"https:\/\/www.europesays.com\/fr\/wp-json\/wp\/v2\/users\/2"}],"replies":[{"embeddable":true,"href":"https:\/\/www.europesays.com\/fr\/wp-json\/wp\/v2\/comments?post=64365"}],"version-history":[{"count":0,"href":"https:\/\/www.europesays.com\/fr\/wp-json\/wp\/v2\/posts\/64365\/revisions"}],"wp:featuredmedia":[{"embeddable":true,"href":"https:\/\/www.europesays.com\/fr\/wp-json\/wp\/v2\/media\/64366"}],"wp:attachment":[{"href":"https:\/\/www.europesays.com\/fr\/wp-json\/wp\/v2\/media?parent=64365"}],"wp:term":[{"taxonomy":"category","embeddable":true,"href":"https:\/\/www.europesays.com\/fr\/wp-json\/wp\/v2\/categories?post=64365"},{"taxonomy":"post_tag","embeddable":true,"href":"https:\/\/www.europesays.com\/fr\/wp-json\/wp\/v2\/tags?post=64365"}],"curies":[{"name":"wp","href":"https:\/\/api.w.org\/{rel}","templated":true}]}}