{"id":643662,"date":"2026-01-06T00:47:10","date_gmt":"2026-01-06T00:47:10","guid":{"rendered":"https:\/\/www.europesays.com\/fr\/643662\/"},"modified":"2026-01-06T00:47:10","modified_gmt":"2026-01-06T00:47:10","slug":"et-soudain-fanny-ardant-toutma","status":"publish","type":"post","link":"https:\/\/www.europesays.com\/fr\/643662\/","title":{"rendered":"Et soudain&#8230; Fanny Ardant &#8211; Toutma"},"content":{"rendered":"<p>\tEt soudain&#8230; Fanny Ardant &#8211; Toutma<\/p>\n<p>&#13;<br \/>\n&#13;<\/p>\n<p>&#13;<br \/>\n\t\t&#13;<\/p>\n<p>Nous utilisons des cookies pour vous garantir la meilleure exp\u00e9rience sur notre site web. Si vous continuez \u00e0 utiliser ce site, nous supposerons que vous en \u00eates satisfait.OK<\/p>\n<p>\t\t&#13;<\/p>\n","protected":false},"excerpt":{"rendered":"Et soudain&#8230; Fanny Ardant &#8211; Toutma &#13; &#13; &#13; &#13; Nous utilisons des cookies pour vous garantir la&hellip;\n","protected":false},"author":2,"featured_media":643663,"comment_status":"","ping_status":"","sticky":false,"template":"","format":"standard","meta":{"footnotes":""},"categories":[2814],"tags":[1111,11,1777,674,17184,75012,1011,27,884,12,30016,882,25,1347,75013,75014],"class_list":{"0":"post-643662","1":"post","2":"type-post","3":"status-publish","4":"format-standard","5":"has-post-thumbnail","7":"category-marseille","8":"tag-actu","9":"tag-actualites","10":"tag-eu","11":"tag-europe","12":"tag-fanny-ardant","13":"tag-fanny-ardant-marseille","14":"tag-fr","15":"tag-france","16":"tag-marseille","17":"tag-news","18":"tag-piece-de-theatre","19":"tag-provence-alpes-cote-dazur","20":"tag-republique-francaise","21":"tag-theatre","22":"tag-theatre-des-bernardines","23":"tag-theatre-marseille"},"share_on_mastodon":{"url":"https:\/\/pubeurope.com\/@fr\/115845401371033910","error":""},"_links":{"self":[{"href":"https:\/\/www.europesays.com\/fr\/wp-json\/wp\/v2\/posts\/643662","targetHints":{"allow":["GET"]}}],"collection":[{"href":"https:\/\/www.europesays.com\/fr\/wp-json\/wp\/v2\/posts"}],"about":[{"href":"https:\/\/www.europesays.com\/fr\/wp-json\/wp\/v2\/types\/post"}],"author":[{"embeddable":true,"href":"https:\/\/www.europesays.com\/fr\/wp-json\/wp\/v2\/users\/2"}],"replies":[{"embeddable":true,"href":"https:\/\/www.europesays.com\/fr\/wp-json\/wp\/v2\/comments?post=643662"}],"version-history":[{"count":0,"href":"https:\/\/www.europesays.com\/fr\/wp-json\/wp\/v2\/posts\/643662\/revisions"}],"wp:featuredmedia":[{"embeddable":true,"href":"https:\/\/www.europesays.com\/fr\/wp-json\/wp\/v2\/media\/643663"}],"wp:attachment":[{"href":"https:\/\/www.europesays.com\/fr\/wp-json\/wp\/v2\/media?parent=643662"}],"wp:term":[{"taxonomy":"category","embeddable":true,"href":"https:\/\/www.europesays.com\/fr\/wp-json\/wp\/v2\/categories?post=643662"},{"taxonomy":"post_tag","embeddable":true,"href":"https:\/\/www.europesays.com\/fr\/wp-json\/wp\/v2\/tags?post=643662"}],"curies":[{"name":"wp","href":"https:\/\/api.w.org\/{rel}","templated":true}]}}