{"id":643664,"date":"2026-01-06T00:48:24","date_gmt":"2026-01-06T00:48:24","guid":{"rendered":"https:\/\/www.europesays.com\/fr\/643664\/"},"modified":"2026-01-06T00:48:24","modified_gmt":"2026-01-06T00:48:24","slug":"trophee-des-champions-le-catalan-ludovic-reyes-designe-sur-le-psg-marseille-au-koweit","status":"publish","type":"post","link":"https:\/\/www.europesays.com\/fr\/643664\/","title":{"rendered":"Troph\u00e9e des champions : le Catalan Ludovic Reyes d\u00e9sign\u00e9 sur le PSG-Marseille au Koweit"},"content":{"rendered":"<p>\n                                                                L&rsquo;arbitre assistant catalan Ludovic Reyes officiera lors du troph\u00e9e des champions PSG-OM jeudi 8 janvier (18h).\u00a0\n                            <\/p>\n<p>Belle promotion pour l\u2019arbitre assistant catalan Ludovic Reyes (39 ans). En effet, il s\u2019est envol\u00e9 aujourd\u2019hui pour le Koweit o\u00f9 il a \u00e9t\u00e9 d\u00e9sign\u00e9 pour assister Thomas L\u00e9onard \u00e0 l\u2019occasion du Troph\u00e9e des champions 2025 qui opposera, jeudi 18h, le Paris SG \u00e0 Marseille au stade Jaber Al-Ahmad. Au repos le week-end dernier, il a dirig\u00e9 son dernier match mi-d\u00e9cembre, Rennes-Brest.\u00ab C\u2019est un r\u00eave de gosse qui se r\u00e9alise \u00bb, avoue le Catalan, 62 matches de Ligue 1 au veston, lui qui avait \u00e9t\u00e9 d\u00e9sign\u00e9 l\u2019an dernier \u00e0 la demi-finale de Coupe de France Marseille-Lyon.<\/p>\n<p>Le PSG vise une 14e victoire dans cette comp\u00e9tition, qu\u2019il a remport\u00e9e 12 fois lors des 13 derni\u00e8res ann\u00e9es. Pour rappel, cette rencontre n\u2019avait pu se disputer l\u2019\u00e9t\u00e9 dernier. \u00c0 noter qu\u2019Eric Wattellier, d\u00e9sign\u00e9 sur le mouvement\u00e9 Lille-Rennes samedi soir, dirigera le week-end prochain la rencontre de 16es de Coupe de France entre Nantes et Nice.<\/p>\n","protected":false},"excerpt":{"rendered":"L&rsquo;arbitre assistant catalan Ludovic Reyes officiera lors du troph\u00e9e des champions PSG-OM jeudi 8 janvier (18h).\u00a0 Belle promotion&hellip;\n","protected":false},"author":2,"featured_media":643665,"comment_status":"","ping_status":"","sticky":false,"template":"","format":"standard","meta":{"footnotes":""},"categories":[2814],"tags":[1111,11,1777,674,63,1011,27,884,12,3464,882,11548,25,517],"class_list":{"0":"post-643664","1":"post","2":"type-post","3":"status-publish","4":"format-standard","5":"has-post-thumbnail","7":"category-marseille","8":"tag-actu","9":"tag-actualites","10":"tag-eu","11":"tag-europe","12":"tag-football","13":"tag-fr","14":"tag-france","15":"tag-marseille","16":"tag-news","17":"tag-perpignan","18":"tag-provence-alpes-cote-dazur","19":"tag-pyrenees-orientales","20":"tag-republique-francaise","21":"tag-sport"},"share_on_mastodon":{"url":"https:\/\/pubeurope.com\/@fr\/115845405337371655","error":""},"_links":{"self":[{"href":"https:\/\/www.europesays.com\/fr\/wp-json\/wp\/v2\/posts\/643664","targetHints":{"allow":["GET"]}}],"collection":[{"href":"https:\/\/www.europesays.com\/fr\/wp-json\/wp\/v2\/posts"}],"about":[{"href":"https:\/\/www.europesays.com\/fr\/wp-json\/wp\/v2\/types\/post"}],"author":[{"embeddable":true,"href":"https:\/\/www.europesays.com\/fr\/wp-json\/wp\/v2\/users\/2"}],"replies":[{"embeddable":true,"href":"https:\/\/www.europesays.com\/fr\/wp-json\/wp\/v2\/comments?post=643664"}],"version-history":[{"count":0,"href":"https:\/\/www.europesays.com\/fr\/wp-json\/wp\/v2\/posts\/643664\/revisions"}],"wp:featuredmedia":[{"embeddable":true,"href":"https:\/\/www.europesays.com\/fr\/wp-json\/wp\/v2\/media\/643665"}],"wp:attachment":[{"href":"https:\/\/www.europesays.com\/fr\/wp-json\/wp\/v2\/media?parent=643664"}],"wp:term":[{"taxonomy":"category","embeddable":true,"href":"https:\/\/www.europesays.com\/fr\/wp-json\/wp\/v2\/categories?post=643664"},{"taxonomy":"post_tag","embeddable":true,"href":"https:\/\/www.europesays.com\/fr\/wp-json\/wp\/v2\/tags?post=643664"}],"curies":[{"name":"wp","href":"https:\/\/api.w.org\/{rel}","templated":true}]}}