{"id":643666,"date":"2026-01-06T00:49:19","date_gmt":"2026-01-06T00:49:19","guid":{"rendered":"https:\/\/www.europesays.com\/fr\/643666\/"},"modified":"2026-01-06T00:49:19","modified_gmt":"2026-01-06T00:49:19","slug":"chutes-de-neige-dans-le-rhone-ce-mardi-ou-vont-tomber-les-flocons","status":"publish","type":"post","link":"https:\/\/www.europesays.com\/fr\/643666\/","title":{"rendered":"Chutes de neige dans le Rh\u00f4ne ce mardi : o\u00f9 vont tomber les flocons ?"},"content":{"rendered":"<p>Des nouvelles chutes de neige sont attendues dans le Rh\u00f4ne pour la journ\u00e9e du mardi 6 janvier. Quelques centim\u00e8tres devraient tomber d\u00e8s cette nuit. Voici les secteurs concern\u00e9s.<\/p>\n<p>Si M\u00e9t\u00e9o France a activ\u00e9 <a class=\"url\" href=\"https:\/\/www.radioscoop.com\/infos\/neige-verglas-la-vigilance-jaune-activee-en-auvergne-rhone-alpes_345850\" target=\"_blank\" rel=\"noopener\">la vigilance jaune \u00ab\u00a0neige-verglas\u00a0\u00bb<\/a> dans plusieurs d\u00e9partements de la r\u00e9gion, le Rh\u00f4ne reste en vert pour le mardi 6 janvier. Malgr\u00e9 cette absence de vigilance, quelques chutes de neige ont \u00e9t\u00e9 confirm\u00e9es d\u00e8s le petit matin.<\/p>\n<p>De la neige confirm\u00e9e ce mardi<\/p>\n<p>Avec des temp\u00e9ratures n\u00e9gatives allant jusqu&rsquo;\u00e0 -8 degr\u00e9s dans certaines zones du d\u00e9partement, la m\u00e9t\u00e9o glaciale va se poursuivre pour la journ\u00e9e de demain.<\/p>\n<p>Un froid qui entra\u00eenera la chute de flocons d\u00e8s le mardi matin dans le nord et la partie ouest du Rh\u00f4ne.<\/p>\n<p>De la neige est donc attendue, s\u00fbrement en faible quantit\u00e9, dans les secteurs de Thizy-les-Bourg, de Tarare, de L&rsquo;Arbresle, de Saint-Symphorien-sur-Coise ou encore de Belleville-en-Beaujolais et Villefranche-sur-Sa\u00f4ne.<\/p>\n<p>La m\u00e9t\u00e9o l\u00e9g\u00e8rement neigeuse devrait ensuite se calmer dans l&rsquo;apr\u00e8s-midi, avant de reprendre mercredi 7 janvier.<\/p>\n<p>Des flocons \u00e0 Lyon mercredi ?<\/p>\n<p>Mercredi apr\u00e8s-midi, les temp\u00e9ratures oscilleront entre 0 et -1 degr\u00e9, ce qui devrait provoquer l&rsquo;apparition de l\u00e9gers flocons sur l&rsquo;ensemble du d\u00e9partement, y compris \u00e0 Lyon, jusque dans la nuit.<\/p>\n<p>Enfin, pour le matin du jeudi 8 janvier, les pr\u00e9visions de M\u00e9t\u00e9o France annoncent un m\u00e9lange de pluie et de neige dans tout le Rh\u00f4ne.<\/p>\n<p><img loading=\"lazy\" decoding=\"async\" src=\"https:\/\/www.europesays.com\/fr\/wp-content\/uploads\/2026\/01\/1767660559_566_img.jpeg\" width=\"350\" height=\"200\" border=\"0\" title=\"La darse de Confluence a gel\u00c3\u00a9 \u00c3\u00a0 Lyon\"\/><\/p>\n<p>\u25baM\u00e9t\u00e9o<\/p>\n<p style=\"font-size: 22px;\"><b>Froid \u00e0 Lyon : la darse de Confluence a gel\u00e9 !<\/b><\/p>\n<p>Symbole des temp\u00e9ratures glaciales \u00e0 Lyon ce lundi&#8230;<\/p>\n<p><\/p>\n","protected":false},"excerpt":{"rendered":"Des nouvelles chutes de neige sont attendues dans le Rh\u00f4ne pour la journ\u00e9e du mardi 6 janvier. Quelques&hellip;\n","protected":false},"author":2,"featured_media":643667,"comment_status":"","ping_status":"","sticky":false,"template":"","format":"standard","meta":{"footnotes":""},"categories":[1889],"tags":[1111,11,2430,1777,674,65949,1011,27,2428,24017,10584,12,25,9844],"class_list":{"0":"post-643666","1":"post","2":"type-post","3":"status-publish","4":"format-standard","5":"has-post-thumbnail","7":"category-lyon","8":"tag-actu","9":"tag-actualites","10":"tag-auvergne-rhone-alpes","11":"tag-eu","12":"tag-europe","13":"tag-flocons","14":"tag-fr","15":"tag-france","16":"tag-lyon","17":"tag-mto","18":"tag-neige","19":"tag-news","20":"tag-republique-francaise","21":"tag-rhne"},"share_on_mastodon":{"url":"https:\/\/pubeurope.com\/@fr\/115845409370187695","error":""},"_links":{"self":[{"href":"https:\/\/www.europesays.com\/fr\/wp-json\/wp\/v2\/posts\/643666","targetHints":{"allow":["GET"]}}],"collection":[{"href":"https:\/\/www.europesays.com\/fr\/wp-json\/wp\/v2\/posts"}],"about":[{"href":"https:\/\/www.europesays.com\/fr\/wp-json\/wp\/v2\/types\/post"}],"author":[{"embeddable":true,"href":"https:\/\/www.europesays.com\/fr\/wp-json\/wp\/v2\/users\/2"}],"replies":[{"embeddable":true,"href":"https:\/\/www.europesays.com\/fr\/wp-json\/wp\/v2\/comments?post=643666"}],"version-history":[{"count":0,"href":"https:\/\/www.europesays.com\/fr\/wp-json\/wp\/v2\/posts\/643666\/revisions"}],"wp:featuredmedia":[{"embeddable":true,"href":"https:\/\/www.europesays.com\/fr\/wp-json\/wp\/v2\/media\/643667"}],"wp:attachment":[{"href":"https:\/\/www.europesays.com\/fr\/wp-json\/wp\/v2\/media?parent=643666"}],"wp:term":[{"taxonomy":"category","embeddable":true,"href":"https:\/\/www.europesays.com\/fr\/wp-json\/wp\/v2\/categories?post=643666"},{"taxonomy":"post_tag","embeddable":true,"href":"https:\/\/www.europesays.com\/fr\/wp-json\/wp\/v2\/tags?post=643666"}],"curies":[{"name":"wp","href":"https:\/\/api.w.org\/{rel}","templated":true}]}}