{"id":643669,"date":"2026-01-06T00:52:22","date_gmt":"2026-01-06T00:52:22","guid":{"rendered":"https:\/\/www.europesays.com\/fr\/643669\/"},"modified":"2026-01-06T00:52:22","modified_gmt":"2026-01-06T00:52:22","slug":"plus-de-1000-kilometres-de-bouchons-reseau-de-bus-immobilise-vols-annules-lile-de-france-paralysee-par-la-neige","status":"publish","type":"post","link":"https:\/\/www.europesays.com\/fr\/643669\/","title":{"rendered":"Plus de 1000 kilom\u00e8tres de bouchons, r\u00e9seau de bus immobilis\u00e9, vols annul\u00e9s&#8230; L&rsquo;\u00cele-de-France paralys\u00e9e par la neige"},"content":{"rendered":"<ul class=\"jsx-862013697 ArticleChapo__List\">\n<li class=\"jsx-862013697 ArticleChapo__List_Item flex\">Un \u00e9pisode neigeux a travers\u00e9 ce lundi l&rsquo;\u00cele-de-France, provoquant la pagaille sur les routes.<\/li>\n<li class=\"jsx-862013697 ArticleChapo__List_Item flex\">Plus de 1000 km de bouchons cumul\u00e9s ont \u00e9t\u00e9 enregistr\u00e9s dans la r\u00e9gion, un record.<\/li>\n<li class=\"jsx-862013697 ArticleChapo__List_Item flex\">L&rsquo;exploitation du r\u00e9seau d&rsquo;autobus de la RATP a \u00e9t\u00e9 interrompue.<\/li>\n<\/ul>\n<p><a href=\"https:\/\/www.tf1info.fr\/emissions\/tf1\/le-20h-11001\/\" rel=\"noopener\" class=\"jsx-484472199 Link jsx-1428418400 jsx-640816507\" target=\"_blank\"><\/p>\n<p style=\"font-weight:400\" class=\"jsx-1837267516\">Suivez la couverture compl\u00e8te<\/p>\n<p style=\"font-weight:800\" class=\"jsx-1837267516\">Le 20H<\/p>\n<p><\/a><\/p>\n<p data-module=\"article-paragraph\" class=\"jsx-157965717 Paragraph\">L&rsquo;\u00cele-de-France couverte d&rsquo;un manteau blanc&#8230; et une grosse pagaille sur les routes et dans les transports. Des chutes de neige ont provoqu\u00e9 une paralysie record dans la r\u00e9gion, avec plus de 1000 km de bouchons enregistr\u00e9s en d\u00e9but de soir\u00e9e, selon le site d&rsquo;information routi\u00e8re Sytadin, ce lundi 5 janvier. Du jamais vu. Comme on peut le voir dans le reportage du 20H de TF1 ci-dessus, des automobilistes ont m\u00eame perdu le contr\u00f4le de leur v\u00e9hicule \u00e0 cause de la neige, sur plusieurs portions de route.\u00a0<\/p>\n<p data-module=\"article-paragraph\" class=\"jsx-157965717 Paragraph Paragraph__End\">Sur les grandes routes d&rsquo;\u00cele-de-France, dont les d\u00e9partements ont tous \u00e9t\u00e9 <a href=\"https:\/\/www.tf1info.fr\/meteo\/direct-meteo-france-previsions-alerte-neige-verglas-7-departements-places-en-vigilance-orange-lundi-5-janvier-2026-transports-scolaires-suspendus-en-ille-et-vilaine-et-en-normandie-2416611.html\" target=\"_blank\" rel=\"noopener\">plac\u00e9s en vigilance orange neige-verglas par M\u00e9t\u00e9o-France<\/a>, la circulation des camions a \u00e9t\u00e9 interdite. Dans le Val-d&rsquo;Oise, des automobilistes ont os\u00e9 le demi-tour pour rouler en sens inverse.\u00a0<\/p>\n<p><img decoding=\"async\" src=\"https:\/\/www.europesays.com\/fr\/wp-content\/uploads\/2026\/01\/bouchons-idf-1-1e125f-0@1x.jpeg\" alt=\"L'\u00e9tat des bouchons en \u00cele-de-France, \u00e0 17h54, ce lundi 5 janvier. - Capture d'\u00e9cran TF1.\" loading=\"lazy\" importance=\"low\" fetchpriority=\"low\" class=\"\" data-module=\"article-image\"\/>L&rsquo;\u00e9tat des bouchons en \u00cele-de-France, \u00e0 17h54, ce lundi 5 janvier. &#8211; Capture d&rsquo;\u00e9cran TF1.\u00a0\u00bbIl faut juste marcher\u00a0\u00bb<\/p>\n<p data-module=\"article-paragraph\" class=\"jsx-157965717 Paragraph\">L&rsquo;exploitation du r\u00e9seau d&rsquo;autobus de la RATP a par ailleurs \u00e9t\u00e9 interrompue \u00e0 Paris lundi vers 16h \u00ab\u00a0et ce jusqu&rsquo;\u00e0 la fin de service\u00a0\u00bb, en raison de ces chutes de neige qui perturbent le trafic de certains RER et tramways, a indiqu\u00e9 la r\u00e9gie dans un point actualis\u00e9 peu avant 20h.\u00a0<\/p>\n<p data-module=\"article-paragraph\" class=\"jsx-157965717 Paragraph Paragraph__End\">\u00ab\u00a0Il n&rsquo;y a pas de tram, il n&rsquo;y a pas de bus, il n&rsquo;y a pas de solution de secours. Il faut juste marcher\u00a0\u00bb, d\u00e9plore une jeune femme au micro de TF1 ce lundi soir. Pour \u00e9viter le gel sur son r\u00e9seau ferr\u00e9, la RATP fait circuler des trains toute la nuit sur les lignes de tramway, ainsi que sur les lignes de m\u00e9tro et de RER ayant une partie a\u00e9rienne (lignes 1, 2, 5, 6, 8 et 13 ainsi que les RER A et B).<\/p>\n<p>Des retards et des annulations dans les a\u00e9roports<\/p>\n<p data-module=\"article-paragraph\" class=\"jsx-157965717 Paragraph Paragraph__End\">De leur c\u00f4t\u00e9, les compagnies a\u00e9riennes ont d\u00fb r\u00e9duire de 15% le nombre de leurs vols dans les a\u00e9roports de Paris-Charles-de-Gaulle et Orly. Et ce, afin de permettre le d\u00e9neigement des pistes. De nombreux retards ont aussi \u00e9t\u00e9 signal\u00e9s. \u00ab\u00a0Je cherche quelqu&rsquo;un pour me donner des infos, mais je crois que mon vol est annul\u00e9\u00a0\u00bb, confie un voyageur au micro de TF1.<\/p>\n<p><a href=\"https:\/\/www.tf1info.fr\/meteo\/video-previsions-meteo-france-du-froid-du-brouillard-et-peut-etre-de-la-neige-ce-qui-vous-attend-pour-les-premiers-jours-de-janvier-2415534.html\" rel=\"noopener\" class=\"jsx-3308031228 Link flex\" target=\"_blank\"><img decoding=\"async\" src=\"https:\/\/www.europesays.com\/fr\/wp-content\/uploads\/2026\/01\/paris-froid-illustration-87caba-0@1x.jpeg\" alt=\"ILLUSTRATION\" loading=\"lazy\" importance=\"low\" fetchpriority=\"low\" class=\"\" aria-hidden=\"true\"\/><\/p>\n<p class=\"jsx-3657663356 ReadMoreArticle__Title\">Lire aussi<\/p>\n<p class=\"jsx-3657663356\">Du froid, du brouillard&#8230; et peut-\u00eatre de la neige : ce qui vous attend pour les premiers jours de janvier<\/p>\n<p><\/a><\/p>\n<p data-module=\"article-paragraph\" class=\"jsx-157965717 Paragraph Paragraph__End\">Pour \u00e9viter d&rsquo;\u00eatre pris au pi\u00e8ge, certaines entreprises conseillaient \u00e0 leurs salari\u00e9s d\u00e8s la mi-journ\u00e9e de rentrer chez eux. Une bonne mani\u00e8re d'\u00a0\u00bb\u00e9viter de se retrouver bloqu\u00e9 de nuit\u00a0\u00bb, comme le souligne un automobiliste. Les \u00e9coles aussi ont pris leurs pr\u00e9cautions en demandant aux parents de venir chercher leurs enfants le plus t\u00f4t possible. Dans les Yvelines, en Seine-et-Marne et en Essonne, les transports scolaires ne circuleront pas mardi. Les \u00e9coles, \u00e0 ce stade, ont pr\u00e9vu de rester ouvertes, \u00e0 minima pour l&rsquo;accueil des \u00e9l\u00e8ves.<\/p>\n<p>N.K | Reportage TF1 Charline HUREL, Corinne CHEVRETON et Gilles PARROT<\/p>\n","protected":false},"excerpt":{"rendered":"Un \u00e9pisode neigeux a travers\u00e9 ce lundi l&rsquo;\u00cele-de-France, provoquant la pagaille sur les routes. Plus de 1000 km&hellip;\n","protected":false},"author":2,"featured_media":643670,"comment_status":"","ping_status":"","sticky":false,"template":"","format":"standard","meta":{"footnotes":""},"categories":[1592],"tags":[1111,11,1921,1777,674,1011,27,662,1922,2952,11007,10584,12,626,2119,25,133,11009],"class_list":{"0":"post-643669","1":"post","2":"type-post","3":"status-publish","4":"format-standard","5":"has-post-thumbnail","7":"category-ile-de-france","8":"tag-actu","9":"tag-actualites","10":"tag-article-video","11":"tag-eu","12":"tag-europe","13":"tag-fr","14":"tag-france","15":"tag-ile-de-france","16":"tag-info","17":"tag-le-20h","18":"tag-meteo-quotidienne","19":"tag-neige","20":"tag-news","21":"tag-paris","22":"tag-previsions-meteo","23":"tag-republique-francaise","24":"tag-video","25":"tag-video-meteo-et-intemperies"},"share_on_mastodon":{"url":"https:\/\/pubeurope.com\/@fr\/115845421195754793","error":""},"_links":{"self":[{"href":"https:\/\/www.europesays.com\/fr\/wp-json\/wp\/v2\/posts\/643669","targetHints":{"allow":["GET"]}}],"collection":[{"href":"https:\/\/www.europesays.com\/fr\/wp-json\/wp\/v2\/posts"}],"about":[{"href":"https:\/\/www.europesays.com\/fr\/wp-json\/wp\/v2\/types\/post"}],"author":[{"embeddable":true,"href":"https:\/\/www.europesays.com\/fr\/wp-json\/wp\/v2\/users\/2"}],"replies":[{"embeddable":true,"href":"https:\/\/www.europesays.com\/fr\/wp-json\/wp\/v2\/comments?post=643669"}],"version-history":[{"count":0,"href":"https:\/\/www.europesays.com\/fr\/wp-json\/wp\/v2\/posts\/643669\/revisions"}],"wp:featuredmedia":[{"embeddable":true,"href":"https:\/\/www.europesays.com\/fr\/wp-json\/wp\/v2\/media\/643670"}],"wp:attachment":[{"href":"https:\/\/www.europesays.com\/fr\/wp-json\/wp\/v2\/media?parent=643669"}],"wp:term":[{"taxonomy":"category","embeddable":true,"href":"https:\/\/www.europesays.com\/fr\/wp-json\/wp\/v2\/categories?post=643669"},{"taxonomy":"post_tag","embeddable":true,"href":"https:\/\/www.europesays.com\/fr\/wp-json\/wp\/v2\/tags?post=643669"}],"curies":[{"name":"wp","href":"https:\/\/api.w.org\/{rel}","templated":true}]}}