{"id":643675,"date":"2026-01-06T00:55:14","date_gmt":"2026-01-06T00:55:14","guid":{"rendered":"https:\/\/www.europesays.com\/fr\/643675\/"},"modified":"2026-01-06T00:55:14","modified_gmt":"2026-01-06T00:55:14","slug":"on-nest-pas-protege-contre-les-eleves-incontrolables-a-paris-une-prof-attaquee-par-une-lyceenne-exclue","status":"publish","type":"post","link":"https:\/\/www.europesays.com\/fr\/643675\/","title":{"rendered":"\u00ab\u00a0On n\u2019est pas prot\u00e9g\u00e9 contre les \u00e9l\u00e8ves incontr\u00f4lables\u00a0\u00bb\u00a0: \u00e0 Paris, une prof attaqu\u00e9e par une lyc\u00e9enne exclue"},"content":{"rendered":"<p class=\"paragraph text_align_left lp-f-body-02\">Le lyc\u00e9e technique Roger-Verlomme est un petit \u00e9tablissement d\u2019\u00e0 peine plus de 300 \u00e9l\u00e8ves. Situ\u00e9 dans un quartier plut\u00f4t hupp\u00e9 du XVe arrondissement de Paris, il figurait pourtant parmi <a href=\"https:\/\/www.leparisien.fr\/paris-75\/a-paris-des-professeurs-en-greve-apres-une-agression-dans-leur-lycee-cest-lomerta-16-10-2023-VMY7EXXGV5H7DOF673W6BDQE2I.php\" target=\"_self\" rel=\"noopener\">les pires de la capitale voici trois ans<\/a>. Notamment parce qu\u2019il \u00e9tait fr\u00e9quent\u00e9 par des <a href=\"https:\/\/www.leparisien.fr\/paris-75\/lyceen-poignarde-a-paris-un-regain-de-tensions-entre-quartiers-a-lorigine-de-lattaque-04-02-2024-5ZDJ4XVHMVF6DIMLRMWDN75ZAQ.php\" target=\"_self\" rel=\"noopener\">\u00e9l\u00e8ves issus de bandes rivales<\/a> du nord de Paris. Et, si la situation semble s\u2019\u00eatre un peu apais\u00e9e, ces derni\u00e8res semaines ont \u00e9t\u00e9 \u00e0 nouveau particuli\u00e8rement tendues. Au point qu\u2019une professeure d\u2019anglais, victime d\u2019une tentative d\u2019agression \u00e0 la sortie du lyc\u00e9e, aurait obtenu durant les vacances scolaires de No\u00ebl d\u2019\u00eatre transf\u00e9r\u00e9e dans un autre \u00e9tablissement.<\/p>\n<p class=\"\">Le 4 novembre, lors d\u2019un conseil de discipline, cette professeure est amen\u00e9e \u00e0 t\u00e9moigner d\u2019un \u00e9pisode de violence d\u2019une \u00e9l\u00e8ve scolaris\u00e9e en 1re. Celle-ci aurait insult\u00e9 et jet\u00e9 sa trousse au visage d\u2019un camarade puis arrach\u00e9 cette m\u00eame trousse des mains de l\u2019enseignante avant de la jeter \u00e0 nouveau sur la m\u00eame victime. \u00ab Elle a aussi tap\u00e9 une fille en dehors de l\u2019\u00e9cole \u00bb, indique un enseignant.<\/p>\n","protected":false},"excerpt":{"rendered":"Le lyc\u00e9e technique Roger-Verlomme est un petit \u00e9tablissement d\u2019\u00e0 peine plus de 300 \u00e9l\u00e8ves. Situ\u00e9 dans un quartier&hellip;\n","protected":false},"author":2,"featured_media":643676,"comment_status":"","ping_status":"","sticky":false,"template":"","format":"standard","meta":{"footnotes":""},"categories":[1888],"tags":[11,1777,674,1011,27,1944,12,626,25,104],"class_list":{"0":"post-643675","1":"post","2":"type-post","3":"status-publish","4":"format-standard","5":"has-post-thumbnail","7":"category-paris","8":"tag-actualites","9":"tag-eu","10":"tag-europe","11":"tag-fr","12":"tag-france","13":"tag-ma-ville","14":"tag-news","15":"tag-paris","16":"tag-republique-francaise","17":"tag-societe"},"share_on_mastodon":{"url":"https:\/\/pubeurope.com\/@fr\/115845432878714810","error":""},"_links":{"self":[{"href":"https:\/\/www.europesays.com\/fr\/wp-json\/wp\/v2\/posts\/643675","targetHints":{"allow":["GET"]}}],"collection":[{"href":"https:\/\/www.europesays.com\/fr\/wp-json\/wp\/v2\/posts"}],"about":[{"href":"https:\/\/www.europesays.com\/fr\/wp-json\/wp\/v2\/types\/post"}],"author":[{"embeddable":true,"href":"https:\/\/www.europesays.com\/fr\/wp-json\/wp\/v2\/users\/2"}],"replies":[{"embeddable":true,"href":"https:\/\/www.europesays.com\/fr\/wp-json\/wp\/v2\/comments?post=643675"}],"version-history":[{"count":0,"href":"https:\/\/www.europesays.com\/fr\/wp-json\/wp\/v2\/posts\/643675\/revisions"}],"wp:featuredmedia":[{"embeddable":true,"href":"https:\/\/www.europesays.com\/fr\/wp-json\/wp\/v2\/media\/643676"}],"wp:attachment":[{"href":"https:\/\/www.europesays.com\/fr\/wp-json\/wp\/v2\/media?parent=643675"}],"wp:term":[{"taxonomy":"category","embeddable":true,"href":"https:\/\/www.europesays.com\/fr\/wp-json\/wp\/v2\/categories?post=643675"},{"taxonomy":"post_tag","embeddable":true,"href":"https:\/\/www.europesays.com\/fr\/wp-json\/wp\/v2\/tags?post=643675"}],"curies":[{"name":"wp","href":"https:\/\/api.w.org\/{rel}","templated":true}]}}