{"id":643679,"date":"2026-01-06T00:57:18","date_gmt":"2026-01-06T00:57:18","guid":{"rendered":"https:\/\/www.europesays.com\/fr\/643679\/"},"modified":"2026-01-06T00:57:18","modified_gmt":"2026-01-06T00:57:18","slug":"la-russie-et-la-chine-pourraient-dire-merci-a-donald-trump-la-decision-de-lamericain-par-rapport-au-venezuela-provoque-t-elle-un-dangereux-precedent","status":"publish","type":"post","link":"https:\/\/www.europesays.com\/fr\/643679\/","title":{"rendered":"La Russie et la Chine pourraient dire merci\u2026 \u00e0 Donald Trump\u00a0: la d\u00e9cision de l\u2019Am\u00e9ricain par rapport au Venezuela provoque-t-elle un dangereux pr\u00e9c\u00e9dent\u00a0?"},"content":{"rendered":"<p>  \tLa capture de Nicolas Maduro risque de provoquer un pr\u00e9c\u00e9dent qui pourrait inspirer les ennemis de Donald Trump \u00e0 faire de m\u00eame.<\/p>\n<p>&#13;<br \/>\n&#13;<\/p>\n<p>L\u2019intervention am\u00e9ricaine au Venezuela pour capturer Nicol\u00e1s Maduro suscite un vif d\u00e9bat juridique et politique. L\u2019op\u00e9ration, pr\u00e9m\u00e9dit\u00e9e, a \u00e9t\u00e9 r\u00e9alis\u00e9e sans autorisation du Congr\u00e8s. Or, en th\u00e9orie, cette approbation est n\u00e9cessaire pour toute op\u00e9ration militaire. Pour se justifier, le ministre des Affaires \u00e9trang\u00e8res am\u00e9ricain, Marco Rubio, a expliqu\u00e9 \u00e0 la t\u00e9l\u00e9vision\u00a0: \u00ab\u00a0ce n\u2019\u00e9tait pas n\u00e9cessaire car ce n\u2019est pas une invasion. Nous n\u2019avons pas occup\u00e9 de terrain. C\u2019\u00e9tait une op\u00e9ration d\u2019arrestation au Venezuela par des agents du FBI\u00a0\u00bb.<\/p>\n<p>\n  &#13;<br \/>\n  \u00c0 lire aussi&#13;<br \/>\n  &#13;<\/p>\n<p>  <img decoding=\"async\" class=\"r-img\"  typeof=\"foaf:Image\" src=\"https:\/\/www.europesays.com\/fr\/wp-content\/uploads\/2026\/01\/58875475.jpeg\" alt=\"maduro.jpg\"\/><br \/>\n        <a class=\"r-stories--link\" href=\"https:\/\/www.rtl.be\/actu\/monde\/international\/nicolas-maduro-plaide-non-coupable-devant-un-tribunal-de-new-york-je-suis\/2026-01-05\/article\/775546\" target=\"_blank\" rel=\"noopener\">Nicolas Maduro reste en prison \u00e0 New York, prochaine audience le 17 mars\u00a0: \u00ab\u00a0Je suis toujours le pr\u00e9sident du Venezuela\u00a0\u00bb<\/a>&#13;<br \/>\n  &#13;<br \/>\n&#13;\n<\/p>\n<p>Cette interpr\u00e9tation est n\u00e9anmoins contest\u00e9e, en particulier au regard du droit international. L\u2019intervention violerait l\u2019article 2, paragraphe 4 de la Charte des Nations Unies, qui stipule que les membres de l\u2019organisation \u00ab\u00a0s\u2019abstiennent dans leur relation internationale de recourir \u00e0 la menace ou \u00e0 l\u2019emploi de la force, soit contre l\u2019int\u00e9grit\u00e9 territoriale ou l\u2019ind\u00e9pendance politique de tout \u00c9tat\u00a0\u00bb. Sans mandat de l\u2019ONU ni justification l\u00e9gale, cette action est qualifi\u00e9e d\u2019ill\u00e9gale par de nombreux juristes.<\/p>\n<p>&#13;<br \/>\n&#13;<\/p>\n<p>&#13;<br \/>\n&#13;<br \/>\nUn exemple pour les ennemis de Trump\u00a0?<\/p>\n<p>L\u2019administration Trump s\u2019appuie toutefois sur un mandat d\u2019arr\u00eat pour narcoterrorisme \u00e9mis contre Maduro. Le gouvernement Trump \u00e9voque \u00e9galement le pr\u00e9c\u00e9dent historique de 1989, lorsque les \u00c9tats-Unis avaient captur\u00e9 Manuel Noriega, pr\u00e9sident du Panama, gr\u00e2ce \u00e0 une intervention militaire. Donald Trump souligne la priorit\u00e9 des lois nationales face au droit international, qu\u2019il consid\u00e8re comme \u00ab\u00a0un facteur d\u2019affaiblissement des \u00c9tats\u00a0\u00bb.<\/p>\n<p>\n  &#13;<br \/>\n  \u00c0 lire aussi&#13;<br \/>\n  &#13;<\/p>\n<p>  <img decoding=\"async\" data-copyright=\"AFP\" class=\"r-img\"  typeof=\"foaf:Image\" src=\"https:\/\/www.europesays.com\/fr\/wp-content\/uploads\/2026\/01\/58865492.jpeg\" alt=\"Belgaimage-153637172.jpg\"\/><br \/>\n        <a class=\"r-stories--link\" href=\"https:\/\/www.rtl.be\/actu\/monde\/international\/doit-etre-pret-pour-tous-les-scenarios-le-groenland-alarme-par-les-nouvelles\/2026-01-05\/article\/775607\" target=\"_blank\" rel=\"noopener\">\u00ab\u00a0On doit \u00eatre pr\u00eat pour tous les sc\u00e9narios \u00bb : le Groenland alarm\u00e9 par les nouvelles d\u00e9clarations de Donald Trump<\/a>&#13;<br \/>\n  &#13;<br \/>\n&#13;\n<\/p>\n<p>Cette approche unilat\u00e9rale soul\u00e8ve des inqui\u00e9tudes bien au-del\u00e0 de l\u2019affaire Maduro. Certains experts estiment que de telles actions risquent d\u2019encourager d\u2019autres puissances, comme la Chine ou la Russie, \u00e0 mener leurs propres interventions sans coordination internationale. En Ukraine ou \u00e0 Taiwan, par exemple.<\/p>\n<p>&#13;<br \/>\n&#13;<\/p>\n<p>&#13;<br \/>\n&#13;<\/p>\n<p><a class=\"r-btn r-btn--tag\" href=\"https:\/\/www.rtl.be\/333508\/locations\/russie\" title=\"Russie\" target=\"_blank\" rel=\"noopener\">Russie<\/a><br \/>\n<a class=\"r-btn r-btn--tag\" href=\"https:\/\/www.rtl.be\/378648\/locations\/republique-populaire-de-chine\" title=\"r\u00e9publique populaire de Chine\" target=\"_blank\" rel=\"noopener\">r\u00e9publique populaire de Chine<\/a><br \/>\n<a class=\"r-btn r-btn--tag\" href=\"https:\/\/www.rtl.be\/333516\/persons\/donald-trump\" title=\"Donald Trump\" target=\"_blank\" rel=\"noopener\">Donald Trump<\/a><br \/>\n<a class=\"r-btn r-btn--tag\" href=\"https:\/\/www.rtl.be\/335247\/persons\/nicolas-maduro\" title=\"Nicolas Maduro\" target=\"_blank\" rel=\"noopener\">Nicolas Maduro<\/a><\/p>\n","protected":false},"excerpt":{"rendered":"La capture de Nicolas Maduro risque de provoquer un pr\u00e9c\u00e9dent qui pourrait inspirer les ennemis de Donald Trump&hellip;\n","protected":false},"author":2,"featured_media":643680,"comment_status":"","ping_status":"","sticky":false,"template":"","format":"standard","meta":{"footnotes":""},"categories":[1591],"tags":[11,1887,12,63397,1885,1886,132],"class_list":{"0":"post-643679","1":"post","2":"type-post","3":"status-publish","4":"format-standard","5":"has-post-thumbnail","7":"category-russie","8":"tag-actualites","9":"tag-federation-de-russie","10":"tag-news","11":"tag-rtl-info","12":"tag-russia","13":"tag-russian-federation","14":"tag-russie"},"share_on_mastodon":{"url":"https:\/\/pubeurope.com\/@fr\/115845441090656991","error":""},"_links":{"self":[{"href":"https:\/\/www.europesays.com\/fr\/wp-json\/wp\/v2\/posts\/643679","targetHints":{"allow":["GET"]}}],"collection":[{"href":"https:\/\/www.europesays.com\/fr\/wp-json\/wp\/v2\/posts"}],"about":[{"href":"https:\/\/www.europesays.com\/fr\/wp-json\/wp\/v2\/types\/post"}],"author":[{"embeddable":true,"href":"https:\/\/www.europesays.com\/fr\/wp-json\/wp\/v2\/users\/2"}],"replies":[{"embeddable":true,"href":"https:\/\/www.europesays.com\/fr\/wp-json\/wp\/v2\/comments?post=643679"}],"version-history":[{"count":0,"href":"https:\/\/www.europesays.com\/fr\/wp-json\/wp\/v2\/posts\/643679\/revisions"}],"wp:featuredmedia":[{"embeddable":true,"href":"https:\/\/www.europesays.com\/fr\/wp-json\/wp\/v2\/media\/643680"}],"wp:attachment":[{"href":"https:\/\/www.europesays.com\/fr\/wp-json\/wp\/v2\/media?parent=643679"}],"wp:term":[{"taxonomy":"category","embeddable":true,"href":"https:\/\/www.europesays.com\/fr\/wp-json\/wp\/v2\/categories?post=643679"},{"taxonomy":"post_tag","embeddable":true,"href":"https:\/\/www.europesays.com\/fr\/wp-json\/wp\/v2\/tags?post=643679"}],"curies":[{"name":"wp","href":"https:\/\/api.w.org\/{rel}","templated":true}]}}