{"id":643681,"date":"2026-01-06T00:58:23","date_gmt":"2026-01-06T00:58:23","guid":{"rendered":"https:\/\/www.europesays.com\/fr\/643681\/"},"modified":"2026-01-06T00:58:23","modified_gmt":"2026-01-06T00:58:23","slug":"chrystia-freeland-va-quitter-son-siege-au-parlement-du-canada","status":"publish","type":"post","link":"https:\/\/www.europesays.com\/fr\/643681\/","title":{"rendered":"Chrystia Freeland va quitter son si\u00e8ge au Parlement du Canada"},"content":{"rendered":"<p class=\"sc-jbo7hw-7 bDkRIk\">La d\u00e9put\u00e9e lib\u00e9rale f\u00e9d\u00e9rale Chrystia Freeland a annonc\u00e9 sur son compte\u00a0X qu\u2019elle quittera prochainement le Parlement du Canada pour servir \u00e0 titre de conseill\u00e8re aupr\u00e8s du gouvernement de Volodymyr Zelensky.<\/p>\n<p class=\"sc-jbo7hw-7 bDkRIk\">Plus t\u00f4t, lundi, le pr\u00e9sident ukrainien a annonc\u00e9 la nomination de Mme\u00a0Freeland au poste de conseill\u00e8re au d\u00e9veloppement \u00e9conomique au sein de son gouvernement.<\/p>\n<p class=\"sc-jbo7hw-7 bDkRIk\">Mme Freeland, qui est d\u2019origine ukrainienne, est tr\u00e8s engag\u00e9e dans le soutien et la d\u00e9fense de l\u2019Ukraine, qui lutte contre l\u2019invasion russe depuis f\u00e9vrier\u00a02022.<\/p>\n<p><img decoding=\"async\" alt=\"Chrystia Freeland salue la foule devant un drapeau ukrainien.\" class=\"absolute left-0 top-0 size-full object-cover transition-opacity ease-out print:relative html-dark:brightness-[.8]\" loading=\"lazy\" src=\"https:\/\/www.europesays.com\/fr\/wp-content\/uploads\/2026\/01\/freeland-ukraine.jpg\"\/>Ouvrir en mode plein \u00e9cran<\/p>\n<p class=\"mb-0 text-3 leading-6\">Chrystia Freeland avait d\u00e9j\u00e0 confirm\u00e9 en septembre dernier qu\u2019elle ne briguera pas de nouveau mandat lors des prochaines \u00e9lections f\u00e9d\u00e9rales.<\/p>\n<p class=\"text-gray600 light:text-gray600 dark:text-gray400 mb-0 text-small uppercase leading-6\">Photo : La Presse canadienne \/ Chris Young<\/p>\n<p class=\"sc-jbo7hw-7 bDkRIk\">L\u2019Ukraine est au c\u0153ur du combat mondial pour la d\u00e9mocratie et je suis heureuse de pouvoir y contribuer b\u00e9n\u00e9volement en tant que conseill\u00e8re \u00e9conomique aupr\u00e8s du pr\u00e9sident Zelensky, a-t-elle \u00e9crit dans sa d\u00e9claration.<\/p>\n<p class=\"sc-jbo7hw-7 bDkRIk\">En acceptant ce r\u00f4le non r\u00e9mun\u00e9r\u00e9, je quitterai mon poste de repr\u00e9sentante sp\u00e9ciale du premier ministre [Mark Carney] pour la reconstruction de l&rsquo;Ukraine. Dans les prochaines semaines, je quitterai \u00e9galement mon si\u00e8ge au Parlement, a-t-elle ajout\u00e9.<\/p>\n<p class=\"sc-jbo7hw-7 bDkRIk\">Outre ses fonctions de vice-premi\u00e8re ministre dans le Cabinet de Justin Trudeau, Mme\u00a0Freeland a \u00e9galement \u00e9t\u00e9 ministre des Finances de\u00a02020 \u00e0\u00a02024. Elle occupe, depuis son <a tabindex=\"0\" class=\"border-b border-solid transition-colors text-blue600 hover:text-blue600 light:text-blue600 light:hover:text-blue600 dark:text-blue400 dark:hover:text-blue400 border-gray900\/25 light:border-gray900\/25 dark:border-gray100\/25 hover:border-linkDefault hover:bg-gray999\/10 light:hover:bg-gray999\/10 dark:hover:bg-gray0\/10\" href=\"https:\/\/ici.radio-canada.ca\/nouvelle\/2192713\/chrystia-freeland-quitte-cabinet-carney\" target=\"_blank\" rel=\"noopener\">d\u00e9part du Conseil des ministres<\/a> en septembre\u00a02025, les fonctions de repr\u00e9sentante sp\u00e9ciale du Canada pour la reconstruction de l\u2019Ukraine. <\/p>\n<p class=\"sc-jbo7hw-7 bDkRIk\">Des comp\u00e9tences que compte bien mettre \u00e0 profit le chef d&rsquo;\u00c9tat ukrainien.<\/p>\n<blockquote class=\"text-gray700 light:text-gray700 dark:text-gray200 _blockquoteWrapper_skoza_1 body-html-block-large-margins\">\n<p class=\"!font-display text-6 leading-5 xsToSm:text-5 font-bold text-gray700 light:text-gray700 dark:text-gray200 _text_skoza_4 font-medium\">Chrystia poss\u00e8de une grande expertise dans ces domaines et une vaste exp\u00e9rience en mati\u00e8re d&rsquo;attraction des investissements et de mise en \u0153uvre de transformations \u00e9conomiques.<\/p>\n<\/blockquote>\n<p class=\"sc-jbo7hw-7 bDkRIk\">L&rsquo;Ukraine doit aujourd&rsquo;hui renforcer sa r\u00e9silience int\u00e9rieure, \u00e0 la fois pour favoriser son redressement si la diplomatie aboutit rapidement et pour consolider sa d\u00e9fense si, en raison des retards de nos partenaires, la fin de ce conflit s&rsquo;\u00e9ternise, poursuit M.\u00a0Zelensky.<\/p>\n<p class=\"sc-jbo7hw-7 bDkRIk\">Dans une entrevue accord\u00e9e au Kyiv\u00a0Post, Chrystia Freeland a expliqu\u00e9 que son r\u00f4le sera de faire la promotion des investissements en Ukraine et de convaincre les entreprises canadiennes de s&rsquo;impliquer.<\/p>\n<p class=\"sc-jbo7hw-7 bDkRIk\">Le premier ministre Carney a pour sa part remerci\u00e9 Mme\u00a0Freeland sur\u00a0X. Le fait qu\u2019une Canadienne occupe ce poste [de conseill\u00e8re aupr\u00e8s du gouvernement Zelensky] \u00e0 ce moment d\u00e9terminant pour l\u2019avenir de l\u2019Ukraine t\u00e9moigne une fois de plus du soutien ind\u00e9fectible du Canada envers l\u2019Ukraine, a-t-il \u00e9crit.<\/p>\n<p>L&rsquo;aventure lib\u00e9rale <\/p>\n<p class=\"sc-jbo7hw-7 bDkRIk\">\u00c9lue lors d\u2019une partielle dans Toronto-Centre en novembre\u00a02013, Chrystia Freeland repr\u00e9sente le Parti lib\u00e9ral du Canada dans University\u2013Rosedale depuis\u00a02015.<\/p>\n<p class=\"sc-jbo7hw-7 bDkRIk\">Elle s&rsquo;est particuli\u00e8rement illustr\u00e9e lors de <a tabindex=\"0\" class=\"border-b border-solid transition-colors text-blue600 hover:text-blue600 light:text-blue600 light:hover:text-blue600 dark:text-blue400 dark:hover:text-blue400 border-gray900\/25 light:border-gray900\/25 dark:border-gray100\/25 hover:border-linkDefault hover:bg-gray999\/10 light:hover:bg-gray999\/10 dark:hover:bg-gray0\/10\" href=\"https:\/\/ici.radio-canada.ca\/nouvelle\/1120442\/chrystia-freeland-washington-reprise-negociations-alena-mexique\" target=\"_blank\" rel=\"noopener\">la n\u00e9gociation de l&rsquo;Accord Canada\u2013\u00c9tats-Unis\u2013Mexique (ACEUM)<\/a>, sous la premi\u00e8re administration Trump, alors qu&rsquo;elle \u00e9tait ministre des Affaires \u00e9trang\u00e8res, et pour sa gestion des finances du pays pendant la pand\u00e9mie de COVID-19.<\/p>\n<p class=\"sc-jbo7hw-7 bDkRIk\">En d\u00e9saccord avec le premier ministre Justin Trudeau, elle a <a tabindex=\"0\" class=\"border-b border-solid transition-colors text-blue600 hover:text-blue600 light:text-blue600 light:hover:text-blue600 dark:text-blue400 dark:hover:text-blue400 border-gray900\/25 light:border-gray900\/25 dark:border-gray100\/25 hover:border-linkDefault hover:bg-gray999\/10 light:hover:bg-gray999\/10 dark:hover:bg-gray0\/10\" href=\"https:\/\/ici.radio-canada.ca\/nouvelle\/2127130\/chrystia-freeland-ministre-finances-demissionne\" target=\"_blank\" rel=\"noopener\">d\u00e9missionn\u00e9 en d\u00e9cembre\u00a02024<\/a> de son poste de ministre des Finances quelques heures avant la pr\u00e9sentation d\u2019un \u00e9nonc\u00e9 \u00e9conomique plomb\u00e9 par un <a tabindex=\"0\" class=\"border-b border-solid transition-colors text-blue600 hover:text-blue600 light:text-blue600 light:hover:text-blue600 dark:text-blue400 dark:hover:text-blue400 border-gray900\/25 light:border-gray900\/25 dark:border-gray100\/25 hover:border-linkDefault hover:bg-gray999\/10 light:hover:bg-gray999\/10 dark:hover:bg-gray0\/10\" href=\"https:\/\/ici.radio-canada.ca\/nouvelle\/2127312\/enonce-economique-ottawa-trump-freeland-demission\" target=\"_blank\" rel=\"noopener\">d\u00e9ficit de 62\u00a0milliards de dollars<\/a>. <\/p>\n<p class=\"sc-jbo7hw-7 bDkRIk\">En juillet prochain, Mme\u00a0Freeland <a tabindex=\"0\" class=\"border-b border-solid transition-colors text-blue600 hover:text-blue600 light:text-blue600 light:hover:text-blue600 dark:text-blue400 dark:hover:text-blue400 border-gray900\/25 light:border-gray900\/25 dark:border-gray100\/25 hover:border-linkDefault hover:bg-gray999\/10 light:hover:bg-gray999\/10 dark:hover:bg-gray0\/10\" href=\"https:\/\/ici.radio-canada.ca\/nouvelle\/2208943\/chrystia-freeland-oxford-fondation-rhodes\" target=\"_blank\" rel=\"noopener\">doit d\u00e9m\u00e9nager en Angleterre<\/a> pour occuper un poste de gestionnaire au sein de l&rsquo;organisme caritatif Rhodes Trust, qui l&rsquo;obligera \u00e0 vivre \u00e0 Oxford.<\/p>\n<p>Servir deux gouvernements \u00e0 la fois<\/p>\n<p class=\"sc-jbo7hw-7 bDkRIk\">Avant l&rsquo;annonce de sa d\u00e9mission comme d\u00e9put\u00e9e f\u00e9d\u00e9rale, l&rsquo;opposition avait critiqu\u00e9 Mme\u00a0Freeland lundi, estimant qu&rsquo;elle ne pouvait pas se mettre au service du gouvernement canadien et ukrainien en m\u00eame temps.<\/p>\n<p class=\"sc-jbo7hw-7 bDkRIk\">Elle doit choisir l&rsquo;une ou l&rsquo;autre fonction, avait d\u00e9clar\u00e9 le porte-parole conservateur en mati\u00e8re d\u2019affaires \u00e9trang\u00e8res, Michael Chong. D&rsquo;autres d\u00e9put\u00e9s conservateurs, dont Roman Baber et Todd Doherty, avaient soulign\u00e9 que l&rsquo;acceptation de ce nouveau poste par Mme\u00a0Freeland la pla\u00e7ait en situation de conflit d&rsquo;int\u00e9r\u00eats.<\/p>\n<p class=\"sc-jbo7hw-7 bDkRIk\">Bien que la Loi sur les conflits d&rsquo;int\u00e9r\u00eats du Canada mentionne plusieurs interdictions pour les d\u00e9put\u00e9s \u2013\u00a0comme exercer une autre profession ou un autre emploi\u00a0\u2013 elle ne contient aucune disposition pr\u00e9cise sur le fait de conseiller un chef de gouvernement \u00e9tranger.<\/p>\n<p class=\"sc-jbo7hw-7 bDkRIk\">Une source proche de Mme\u00a0Freeland, qui ne travaille pas officiellement pour elle, a confirm\u00e9 en son nom que M.\u00a0Zelensky lui avait propos\u00e9 ce poste non r\u00e9mun\u00e9r\u00e9 le 22\u00a0d\u00e9cembre, alors qu&rsquo;elle se trouvait \u00e0 Kiev, et que Mme\u00a0Freeland en avait inform\u00e9 M.\u00a0Carney le 24\u00a0d\u00e9cembre. <\/p>\n<p class=\"sc-jbo7hw-7 bDkRIk\">Cette nouvelle peut \u00eatre consult\u00e9e <a tabindex=\"0\" class=\"border-b border-solid transition-colors text-blue600 hover:text-blue600 light:text-blue600 light:hover:text-blue600 dark:text-blue400 dark:hover:text-blue400 border-gray900\/25 light:border-gray900\/25 dark:border-gray100\/25 hover:border-linkDefault hover:bg-gray999\/10 light:hover:bg-gray999\/10 dark:hover:bg-gray0\/10\" href=\"https:\/\/ici.radio-canada.ca\/rci\/zh-hans\/%E6%96%B0%E9%97%BB\/2218048\/%E6%96%B9%E6%85%A7%E5%85%B0-%E4%B9%8C%E5%85%8B%E5%85%B0-%E7%BB%8F%E6%B5%8E%E5%8F%91%E5%B1%95-%E9%A1%BE%E9%97%AE\" rel=\"noreferrer noopener\" target=\"_blank\">en chinois\u00a0(nouvelle fen\u00eatre)<\/a> sur le site de <a tabindex=\"0\" class=\"border-b border-solid transition-colors text-blue600 hover:text-blue600 light:text-blue600 light:hover:text-blue600 dark:text-blue400 dark:hover:text-blue400 border-gray900\/25 light:border-gray900\/25 dark:border-gray100\/25 hover:border-linkDefault hover:bg-gray999\/10 light:hover:bg-gray999\/10 dark:hover:bg-gray0\/10\" href=\"https:\/\/ici.radio-canada.ca\/rci\/zh-hans\" rel=\"noreferrer noopener\" target=\"_blank\">RCI.\u00a0(nouvelle fen\u00eatre)<\/a><\/p>\n<p class=\"sc-jbo7hw-7 bDkRIk\">Avec les informations de La Presse canadienne<\/p>\n","protected":false},"excerpt":{"rendered":"La d\u00e9put\u00e9e lib\u00e9rale f\u00e9d\u00e9rale Chrystia Freeland a annonc\u00e9 sur son compte\u00a0X qu\u2019elle quittera prochainement le Parlement du Canada&hellip;\n","protected":false},"author":2,"featured_media":643682,"comment_status":"","ping_status":"","sticky":false,"template":"","format":"standard","meta":{"footnotes":""},"categories":[1590],"tags":[11,1777,674,12,220],"class_list":{"0":"post-643681","1":"post","2":"type-post","3":"status-publish","4":"format-standard","5":"has-post-thumbnail","7":"category-ukraine","8":"tag-actualites","9":"tag-eu","10":"tag-europe","11":"tag-news","12":"tag-ukraine"},"share_on_mastodon":{"url":"https:\/\/pubeurope.com\/@fr\/115845444718255621","error":""},"_links":{"self":[{"href":"https:\/\/www.europesays.com\/fr\/wp-json\/wp\/v2\/posts\/643681","targetHints":{"allow":["GET"]}}],"collection":[{"href":"https:\/\/www.europesays.com\/fr\/wp-json\/wp\/v2\/posts"}],"about":[{"href":"https:\/\/www.europesays.com\/fr\/wp-json\/wp\/v2\/types\/post"}],"author":[{"embeddable":true,"href":"https:\/\/www.europesays.com\/fr\/wp-json\/wp\/v2\/users\/2"}],"replies":[{"embeddable":true,"href":"https:\/\/www.europesays.com\/fr\/wp-json\/wp\/v2\/comments?post=643681"}],"version-history":[{"count":0,"href":"https:\/\/www.europesays.com\/fr\/wp-json\/wp\/v2\/posts\/643681\/revisions"}],"wp:featuredmedia":[{"embeddable":true,"href":"https:\/\/www.europesays.com\/fr\/wp-json\/wp\/v2\/media\/643682"}],"wp:attachment":[{"href":"https:\/\/www.europesays.com\/fr\/wp-json\/wp\/v2\/media?parent=643681"}],"wp:term":[{"taxonomy":"category","embeddable":true,"href":"https:\/\/www.europesays.com\/fr\/wp-json\/wp\/v2\/categories?post=643681"},{"taxonomy":"post_tag","embeddable":true,"href":"https:\/\/www.europesays.com\/fr\/wp-json\/wp\/v2\/tags?post=643681"}],"curies":[{"name":"wp","href":"https:\/\/api.w.org\/{rel}","templated":true}]}}