{"id":643687,"date":"2026-01-06T01:01:12","date_gmt":"2026-01-06T01:01:12","guid":{"rendered":"https:\/\/www.europesays.com\/fr\/643687\/"},"modified":"2026-01-06T01:01:12","modified_gmt":"2026-01-06T01:01:12","slug":"france-italie-allemagne-lespace-civique-libre-de-plus-en-plus-menace-revele-une-etude","status":"publish","type":"post","link":"https:\/\/www.europesays.com\/fr\/643687\/","title":{"rendered":"France, Italie, Allemagne : l\u2019espace civique libre de plus en plus menac\u00e9, r\u00e9v\u00e8le une \u00e9tude"},"content":{"rendered":"<p><strong>La France, l&rsquo;Allemagne et l&rsquo;Italie<\/strong> sont les trois pays de l&rsquo;Union europ\u00e9enne dont l&rsquo;environnement se d\u00e9grade pour la soci\u00e9t\u00e9 civile, selon un rapport de <strong>CIVICUS<\/strong>, l&rsquo;alliance mondiale des organisations et des militants de la soci\u00e9t\u00e9 civile.<\/p>\n<p>Les trois \u00c9tats membres ont \u00e9t\u00e9 r\u00e9trograd\u00e9s de la cat\u00e9gorie \u00ab\u00a0\u00e9troite\u00a0\u00bb \u00e0 la cat\u00e9gorie \u00ab\u00a0obstru\u00e9e\u00a0\u00bb, soit la troisi\u00e8me cat\u00e9gorie la plus basse sur les cinq possibles.<\/p>\n<p>Le rapport annuel \u00e9value l&rsquo;\u00e9tat des libert\u00e9s d&rsquo;association, de r\u00e9union pacifique et d&rsquo;expression dans 198 pays et territoires, en les classant comme ouverts, restreints, obstru\u00e9s, r\u00e9prim\u00e9s ou ferm\u00e9s.<\/p>\n<p>En Europe, les violations les plus fr\u00e9quemment signal\u00e9es sont la d\u00e9tention de protestataires, la perturbation de manifestations, les attaques contre des journalistes, le recours \u00e0 une force excessive et la diffamation publique.<\/p>\n<p>\u00ab\u00a0Beaucoup moins de personnes en Europe peuvent exercer leurs libert\u00e9s fondamentales sans obstacles significatifs, en grande partie en raison de l&rsquo;intensification de la r\u00e9pression des manifestations et des d\u00e9fenseurs des droits de l&rsquo;homme dans certaines des plus grandes d\u00e9mocraties europ\u00e9ennes\u00a0\u00bb, a d\u00e9clar\u00e9 Tara Petrovi\u0107, chercheuse sur l&rsquo;Europe et l&rsquo;Asie centrale pour le Moniteur de CIVICUS.<\/p>\n<p>\u00ab\u00a0Les dirigeants europ\u00e9ens, en particulier au sein de l&rsquo;UE, doivent repousser ces tendances afin que le continent reste \u00e0 l&rsquo;avant-garde de la protection des droits et de l&rsquo;espace civique.\u00a0\u00bb<\/p>\n<p><strong>Le d\u00e9classement de la France<\/strong> refl\u00e8te une accumulation de restrictions croissantes sur les manifestations pacifiques et la libert\u00e9 d&rsquo;expression, ainsi que l&rsquo;utilisation abusive de lois pour dissoudre des ONG et intimider des militants au cours des derni\u00e8res ann\u00e9es.<\/p>\n<p><strong>En Allemagne<\/strong>, la d\u00e9t\u00e9rioration de l&rsquo;espace civique s&rsquo;est produite \u00ab\u00a0\u00e0 un rythme alarmant\u00a0\u00bb, selon le rapport.<\/p>\n<p>Cette baisse est due \u00e0 la r\u00e9pression des manifestations en faveur de la justice climatique, des droits des migrants et contre les mesures d&rsquo;aust\u00e9rit\u00e9.<\/p>\n<p>\u00ab\u00a0Les autorit\u00e9s allemandes ont associ\u00e9 la pression politique \u00e0 un maintien de l&rsquo;ordre muscl\u00e9 pour supprimer la libert\u00e9 d&rsquo;expression, en prenant d&rsquo;assaut une manifestation d\u00e9localis\u00e9e avec la rapporteuse sp\u00e9ciale des Nations Unies Francesca Albanese et en surveillant les \u00e9tudiants qui l&rsquo;ont diffus\u00e9e en direct\u00a0\u00bb, note le rapport.<\/p>\n<p>La situation de la soci\u00e9t\u00e9 civile <strong>en Italie<\/strong> s&rsquo;est aggrav\u00e9e \u00e0 la suite de nouvelles lois adopt\u00e9es en 2025 qui ont introduit des dizaines de nouvelles infractions p\u00e9nales, y compris des peines plus s\u00e9v\u00e8res pour les manifestations pacifiques.<\/p>\n<p>En Europe, <strong>la G\u00e9orgie et la Serbie<\/strong> sont pass\u00e9es dans la cat\u00e9gorie \u00ab\u00a0r\u00e9prim\u00e9e\u00a0\u00bb, la deuxi\u00e8me plus mauvaise \u00e9valuation de l&rsquo;espace civique, tandis que <strong>la Suisse<\/strong> est pass\u00e9e dans la cat\u00e9gorie \u00ab\u00a0r\u00e9tr\u00e9cie\u00a0\u00bb.<\/p>\n<p>Ce changement est largement d\u00fb \u00e0 l&rsquo;intensification des mesures de r\u00e9pression \u00e0 l&rsquo;encontre des d\u00e9fenseurs des droits de l&rsquo;homme et des manifestations dans certaines des plus grandes d\u00e9mocraties europ\u00e9ennes.<\/p>\n","protected":false},"excerpt":{"rendered":"La France, l&rsquo;Allemagne et l&rsquo;Italie sont les trois pays de l&rsquo;Union europ\u00e9enne dont l&rsquo;environnement se d\u00e9grade pour la&hellip;\n","protected":false},"author":2,"featured_media":643688,"comment_status":"","ping_status":"","sticky":false,"template":"","format":"standard","meta":{"footnotes":""},"categories":[1587],"tags":[11,672,1804,1805,1803,6963,1777,674,1801,2957,2088,12,1072,17047,1802,104],"class_list":{"0":"post-643687","1":"post","2":"type-post","3":"status-publish","4":"format-standard","5":"has-post-thumbnail","7":"category-allemagne","8":"tag-actualites","9":"tag-allemagne","10":"tag-bundesrepublik-deutschland","11":"tag-de","12":"tag-deutschland","13":"tag-droits-civiques","14":"tag-eu","15":"tag-europe","16":"tag-germany","17":"tag-journaliste","18":"tag-manifestation","19":"tag-news","20":"tag-police","21":"tag-repression","22":"tag-republique-federale-dallemagne","23":"tag-societe"},"share_on_mastodon":{"url":"https:\/\/pubeurope.com\/@fr\/115845456411244304","error":""},"_links":{"self":[{"href":"https:\/\/www.europesays.com\/fr\/wp-json\/wp\/v2\/posts\/643687","targetHints":{"allow":["GET"]}}],"collection":[{"href":"https:\/\/www.europesays.com\/fr\/wp-json\/wp\/v2\/posts"}],"about":[{"href":"https:\/\/www.europesays.com\/fr\/wp-json\/wp\/v2\/types\/post"}],"author":[{"embeddable":true,"href":"https:\/\/www.europesays.com\/fr\/wp-json\/wp\/v2\/users\/2"}],"replies":[{"embeddable":true,"href":"https:\/\/www.europesays.com\/fr\/wp-json\/wp\/v2\/comments?post=643687"}],"version-history":[{"count":0,"href":"https:\/\/www.europesays.com\/fr\/wp-json\/wp\/v2\/posts\/643687\/revisions"}],"wp:featuredmedia":[{"embeddable":true,"href":"https:\/\/www.europesays.com\/fr\/wp-json\/wp\/v2\/media\/643688"}],"wp:attachment":[{"href":"https:\/\/www.europesays.com\/fr\/wp-json\/wp\/v2\/media?parent=643687"}],"wp:term":[{"taxonomy":"category","embeddable":true,"href":"https:\/\/www.europesays.com\/fr\/wp-json\/wp\/v2\/categories?post=643687"},{"taxonomy":"post_tag","embeddable":true,"href":"https:\/\/www.europesays.com\/fr\/wp-json\/wp\/v2\/tags?post=643687"}],"curies":[{"name":"wp","href":"https:\/\/api.w.org\/{rel}","templated":true}]}}