{"id":643696,"date":"2026-01-06T01:06:19","date_gmt":"2026-01-06T01:06:19","guid":{"rendered":"https:\/\/www.europesays.com\/fr\/643696\/"},"modified":"2026-01-06T01:06:19","modified_gmt":"2026-01-06T01:06:19","slug":"en-direct-neige-verglas-en-ile-de-france-bouchons-en-pagaille-et-trafic-ratp-tres-perturbe","status":"publish","type":"post","link":"https:\/\/www.europesays.com\/fr\/643696\/","title":{"rendered":"EN DIRECT &#8211; Neige-verglas : en \u00cele-de-France, bouchons en pagaille et trafic RATP tr\u00e8s perturb\u00e9"},"content":{"rendered":"<p>lundi 5 janvier 2026<\/p>\n<p>L&rsquo;\u00c9PISODE NEIGEUX A-T-IL \u00c9T\u00c9 SUFFISAMMENT ANTICIP\u00c9 ?22:41<\/p>\n<p>La France a \u00e9t\u00e9 travers\u00e9e par d&rsquo;importantes chutes de neige ce lundi. La pagaille sur de nombreuses routes dans le pays semble prouver que l&rsquo;\u00e9pisode n&rsquo;a pas \u00e9t\u00e9 assez anticip\u00e9 par les autorit\u00e9s. Dans certains d\u00e9partements, les d\u00e9neigeuses n&rsquo;ont pas \u00e9t\u00e9 en nombre suffisant. Les explications sont \u00e0 retrouver dans cet article.<\/p>\n<p>M\u00e9t\u00e9o et intemp\u00e9ries<img decoding=\"async\" src=\"https:\/\/www.europesays.com\/fr\/wp-content\/uploads\/2026\/01\/neige-routes-2024-9c96ab-0@1x.jpeg\" alt=\"&quot;Les d\u00e9partements ne sont pas \u00e9quip\u00e9s&quot; : l'\u00e9pisode neigeux a-t-il \u00e9t\u00e9 suffisamment anticip\u00e9 ?\" loading=\"lazy\" importance=\"low\" fetchpriority=\"low\" class=\"\" aria-hidden=\"true\"\/><\/p>\n<p>Publi\u00e9 hier \u00e0 22h18<\/p>\n<p>L&rsquo;\u00ceLE-DE-FRANCE PARALYS\u00c9E PAR LA NEIGE22:34<\/p>\n<p>Un \u00e9pisode neigeux a travers\u00e9 aujourd&rsquo;hui l&rsquo;\u00cele-de-France, provoquant la pagaille sur les routes. Plus de 1.000 km de bouchons cumul\u00e9s ont \u00e9t\u00e9 enregistr\u00e9s dans la r\u00e9gion, un record. L&rsquo;exploitation du r\u00e9seau d&rsquo;autobus de la RATP a \u00e9t\u00e9 interrompue. Cet article fait le point sur la pagaille dans la r\u00e9gion parisienne.<\/p>\n<p>M\u00e9t\u00e9o et intemp\u00e9ries<img decoding=\"async\" src=\"https:\/\/www.europesays.com\/fr\/wp-content\/uploads\/2026\/01\/neige-ile-de-france-20h-tf1-09197d-2@1x.jpeg\" alt=\"Plus de 1000 kilom\u00e8tres de bouchons, r\u00e9seau de bus immobilis\u00e9, vols annul\u00e9s... L'\u00cele-de-France paralys\u00e9e par la neige\" loading=\"lazy\" importance=\"low\" fetchpriority=\"low\" class=\"\" aria-hidden=\"true\"\/><\/p>\n<p>Publi\u00e9 hier \u00e0 22h11<\/p>\n<p>DES CHUTES DE NEIGE DANS L&rsquo;OUEST20:55<\/p>\n<p>Les chutes de neige sont termin\u00e9es en \u00cele-de-France mais elles se poursuivent dans l&rsquo;ouest. Ce soir, elles concernent principalement la Loire-Atlantique, le Maine-et-Loire et la Vend\u00e9e. Les d\u00e9partements touch\u00e9s cette nuit seront la Charente-Maritime, les Deux-S\u00e8vres et la Charente. Une dizaine de centim\u00e8tres de neige est attendu en moyenne sur ces d\u00e9partements, localement plus.<\/p>\n<p>LES TRANSPORTS SCOLAIRES INTERROMPUS EN SEINE-ET-MARNE18:46<\/p>\n<p>En raison de l&rsquo;\u00e9pisode neigeux et des conditions de circulation, les transports scolaires sont \u00e9galement interdits mardi 6 janvier 2026 en Seine-et-Marne, annonce la pr\u00e9fecture de ce d\u00e9partement sur les r\u00e9seaux sociaux.\u00a0<\/p>\n<blockquote data-testid=\"EmbedTwitter\" id=\"tweet-2008212416111210698-:Rec49lkkcmj9v79m:\" class=\"jsx-aeff1a1c40f54d7a twitter-tweet flex justify-center items-center\"><p>\u2744\ufe0f| En raison de l&rsquo;\u00e9pisode neigeux et des conditions de circulation, les transports scolaires sont interdits le 6 janvier 2026 en  #SeineEtMarne . Plus d&rsquo;information \u23e9 https:\/\/t.co\/SjHyrEBpSE pic.twitter.com\/HgDuNKBSZo \u2014 Pr\u00e9fet de Seine-et-Marne (@Prefet77)  January 5, 2026<\/p><\/blockquote>\n<p>LE POINT SUR LES TRANSPORTS EN R\u00c9GION PARISIENNE18:43<\/p>\n<p>L&rsquo;exploitation du r\u00e9seau d&rsquo;autobus de la RATP a \u00e9t\u00e9 interrompue \u00e0 Paris ce lundi vers 16h en raison des chutes de neige qui ont commenc\u00e9 en d\u00e9but d&rsquo;apr\u00e8s-midi sur la capitale, a indiqu\u00e9 la r\u00e9gie. L&rsquo;exploitation du Noctilien est interrompue. L&rsquo;ensemble des lignes de m\u00e9tro fonctionnent normalement, mais le trafic de toutes les lignes de RER est \u00ab\u00a0perturb\u00e9\u00a0\u00bb, voire \u00ab\u00a0tr\u00e8s perturb\u00e9\u00a0\u00bb par les chutes de neige, selon le site de la RATP.<\/p>\n<p>Sur le r\u00e9seau tramway, le trafic est \u00ab\u00a0interrompu\u00a0\u00bb sur la ligne T5 (march\u00e9 de Saint-Denis \u00e0 Sarcelles) entre Garges &#8211; Sarcelles et Suzanne Valadon et tr\u00e8s perturb\u00e9 sur le reste de la ligne, au nord de Paris. Le trafic des lignes T2 (Pont de Bezons &#8211; Porte de Versailles), \u00e0 l&rsquo;ouest, T6 (Viroflay-Ch\u00e2tillon-Montrouge), au sud-ouest et T8 (Epinay-Orgemont et Saint-Denis) au nord, est \u00e9galement tr\u00e8s perturb\u00e9 en raison \u00ab\u00a0des chutes de neige\u00a0\u00bb, a expliqu\u00e9 la RATP. Le trafic est normal sur les lignes de tramway T1, T3a, T3b et T7.<\/p>\n<p>Pour \u00e9viter le gel sur son r\u00e9seau ferr\u00e9, la RATP fait circuler des trains toute la nuit sur toutes les lignes de tramway, ainsi que sur les lignes de m\u00e9tro et de RER ayant une partie a\u00e9rienne (lignes 1, 2, 5, 6, 8 et 13 ainsi que les RER A et B).<\/p>\n<p>LES CUMULS DE NEIGE RELEV\u00c9S \u00c0 17H17:54<\/p>\n<p>Voici quelques cumuls de neige relev\u00e9s \u00e0 17h :<\/p>\n<p>Rouen (Seine-Maritime) : 7 cm<\/p>\n<p>Evreux (Eure) : 5 cm<\/p>\n<p>Le Bourget (Val-d&rsquo;Oise) : 5 cm<\/p>\n<p>Paris : 4 cm<\/p>\n<p>Beauvais (Oise) : 3 cm<\/p>\n<p>St-Gatien-des-Bois (Calvados) : 3 cm<\/p>\n<p>Trappes (Yvelines) : 3 cm<\/p>\n<p>Melun (Seine-et-Marne) : 2 cm<\/p>\n<p>PLUS DE 1.000 KILOM\u00c8TRES DE BOUCHONS17:51<\/p>\n<p>La barre des 1.000 kilom\u00e8tres de bouchons est franchie en Ile-de-France, selon le site d&rsquo;information routi\u00e8re Sytadin, explosant le pr\u00e9c\u00e9dent record datant de f\u00e9vrier 2018.<\/p>\n<p>PLUS DE 950 KILOM\u00c8TRES DE BOUCHONS EN R\u00c9GION PARISIENNE17:37<\/p>\n<p>La circulation est toujours tr\u00e8s difficile sur les routes franciliennes en cette fin de journ\u00e9e. Ainsi, plus de 950 kilom\u00e8tres de bouchons sont enregistr\u00e9s \u00e0 17h30 en Ile-de-France, indique Sytadin, le service de gestion du trafic en temps r\u00e9el, g\u00e9r\u00e9 par la Direction des routes d&rsquo;\u00cele-de-France.\u00a0<\/p>\n<p>PLUS DE 850 KM DE BOUCHONS EN \u00ceLE-DE-FRANCE \u00c0 17H17:11<\/p>\n<p>Plus de 850 km de bouchons en \u00cele-de-France sont enregistr\u00e9s \u00e0 17h, selon Sytadin, le service de gestion du trafic en temps r\u00e9el, g\u00e9r\u00e9 par la Direction des routes d&rsquo;\u00cele-de-France. Ce chiffre atteint un niveau record, le pr\u00e9c\u00e9dent ayant \u00e9t\u00e9 enregistr\u00e9 en soir\u00e9e, lors des chutes de neige le 6 f\u00e9vrier 2018 avec jusqu&rsquo;\u00e0 739 km.<\/p>\n<p>Cette paralysie du trafic intervient alors que le pr\u00e9fet de police a activ\u00e9 le niveau 3 du plan neige et verglas, interdisant la circulation des poids lourds de plus de 7,5 tonnes sur les principaux axes et limitant la vitesse \u00e0 80 km\/h pour l&rsquo;ensemble des v\u00e9hicules en raison des \u00ab\u00a0fortes gel\u00e9es\u00a0\u00bb attendues.<\/p>\n<p>LA CIRCULATION DES BUS INTERROMPUE EN ILE-DE-FRANCE17:01<\/p>\n<p>La RATP annonce sur son site l&rsquo;interruption de son r\u00e9seau de bus en Ile-de-France. \u00ab\u00a0L&rsquo;exploitation du r\u00e9seau bus est interrompue. L&rsquo;exploitation du r\u00e9seau Noctilien pourrait \u00eatre tr\u00e8s perturb\u00e9e ou interrompue\u00a0\u00bb, explique la RATP. \u00ab\u00a0En amont de vos d\u00e9placements, nous vous recommandons fortement de consulter l&rsquo;\u00e9tat du trafic de votre ligne.\u00a0\u00bb<\/p>\n<p>LES TRANSPORTS SCOLAIRES SUSPENDUS DANS L&rsquo;OISE ET LA SOMME16:58<\/p>\n<p>La pr\u00e9fecture des Hauts-de-France annonce une \u00ab\u00a0suspension totale ce mardi 6 janvier 2026 des circulations dans l&rsquo;Oise et la Somme pour les transports scolaires et interurbains du r\u00e9seau Hauts-de-France mobilit\u00e9s organis\u00e9 par la r\u00e9gion Haut-de-France\u00a0\u00bb. Les transports scolaires seront aussi suspendus mardi dans les Yvelines et en Seine-Maritime.\u00a0<\/p>\n<blockquote data-testid=\"EmbedTwitter\" id=\"tweet-2008203106622816278-:Recb9lkkcmj9v79m:\" class=\"jsx-aeff1a1c40f54d7a twitter-tweet flex justify-center items-center\"><p>\u26a0\ufe0f #Vigilance #Neige #Verglas Suspension totale ce mardi 06 janvier 2026 des circulations dans l\u2019Oise et la Somme pour les transports scolaires et interurbains du r\u00e9seau Hauts-de-France mobilit\u00e9s organis\u00e9 par la r\u00e9gion  @hautsdefrance . Plus d\u2019informations sur\u2026  pic.twitter.com\/PmtYRpachT \u2014 Pr\u00e9fecture de la r\u00e9gion Hauts-de-France et du Nord (@prefet59)  January 5, 2026<\/p><\/blockquote>\n<p>LE PROGRAMME DES VOLS R\u00c9DUIT \u00c0 CHARLES-DE-GAULLE ET ORLY16:35<\/p>\n<p>Les compagnies a\u00e9riennes doivent r\u00e9duire de 15% le nombre de leurs vols aujourd&rsquo;hui dans les a\u00e9roports de Paris-Charles-de-Gaulle et Paris-Orly en raison d&rsquo;importantes chutes de neige sur la r\u00e9gion parisienne, annonce le ministre des Transports, Philippe Tabarot. Ces mesures sont n\u00e9cessaires pour permettre les op\u00e9rations de d\u00e9neigement et de pr\u00e9paration des appareils, explique le minisitre lors d&rsquo;une conf\u00e9rence de presse.<\/p>\n<p>Paris-Charles-de-Gaulle, premier a\u00e9roport fran\u00e7ais, est concern\u00e9 jusqu&rsquo;\u00e0 20h et Paris-Orly, le deuxi\u00e8me, jusqu&rsquo;\u00e0 23h, selon le ministre.<\/p>\n<p>NEIGE \u00c0 PARIS16:33<\/p>\n<p>Sur le site de Roland-Garros, la neige a recouvert les courts et la statue de Ren\u00e9 Lacoste.<\/p>\n<blockquote data-testid=\"EmbedTwitter\" id=\"tweet-2008197583962062998-:Recd9lkkcmj9v79m:\" class=\"jsx-aeff1a1c40f54d7a twitter-tweet flex justify-center items-center\"><p>From Paris, with l\u0336o\u0336v\u0336e\u0336 snow \u2744\ufe0f  pic.twitter.com\/VRUMRTtPeJ \u2014 Roland-Garros (@rolandgarros)  January 5, 2026<\/p><\/blockquote>\n<p>PR\u00c8S DE 700 KILOM\u00c8TRES DE BOUCHONS EN ILE-DE-FRANCE16:31<\/p>\n<p>Les bouchons continuent d&rsquo;\u00eatre de plus en plus importants en Ile-de-France. Ainsi, ce sont pr\u00e8s de 700 kilom\u00e8tres de bouchons qui sont enregistr\u00e9s ce lundi \u00e0 16h30, selon Sytadin, le service de gestion du trafic en temps r\u00e9el, g\u00e9r\u00e9 par la Direction des routes d&rsquo;\u00cele-de-France.<\/p>\n<p>DES BOUCHONS EN ILE-DE-FRANCE16:18<\/p>\n<p>Les chutes de neige qui touchent cet apr\u00e8s-midi l&rsquo;Ile-de-France provoquent des bouchons sur les routes de l&rsquo;Ile-de-France. Ainsi, 544 kilom\u00e8tres de bouchon \u00e9taient enregistr\u00e9s \u00e0 16h, rapporte Sytadin, le service de gestion du trafic en temps r\u00e9el, g\u00e9r\u00e9 par la Direction des routes d&rsquo;\u00cele-de-France.<\/p>\n<p><img decoding=\"async\" src=\"https:\/\/www.europesays.com\/fr\/wp-content\/uploads\/2026\/01\/meteo-bouchons-en-ile-de-france-5-janvier-2026-2d1553-0@1x.jpeg\" alt=\"Sytadin\" loading=\"lazy\" importance=\"low\" fetchpriority=\"low\" class=\"\"\/>SytadinDES DIFFICULT\u00c9S SUR LES ROUTES16:02<\/p>\n<p>La neige qui est tomb\u00e9e en abondance aujourd&rsquo;hui sur l&rsquo;ouest de la France a provoqu\u00e9 d&rsquo;importantes perturbations routi\u00e8res, particuli\u00e8rement en Normandie, plac\u00e9e en vigilance orange pour neige-verglas comme la Bretagne et l&rsquo;Ile-de-France.<\/p>\n<p>Lundi matin, des chutes de neige notables ont frapp\u00e9 la Manche et la Seine-Maritime, provoquant de fortes perturbations sur certains axes routiers, comme l&rsquo;autoroute A84 dans la Manche ou les autoroutes A28 et A29 en Seine-Maritime, entre Rouen et Abbeville. Les pompiers de la Manche ont recens\u00e9 13 accidents de la circulation \u00ab\u00a0en lien avec les conditions m\u00e9t\u00e9orologiques\u00a0\u00bb, qui ont fait autant de bless\u00e9s l\u00e9gers.<\/p>\n<p>La neige a notamment perturb\u00e9 la circulation sur la rocade de Coutances (Manche), o\u00f9 les automobilistes ont \u00e9t\u00e9 contraints de stationner sur le bas-c\u00f4t\u00e9 le temps de d\u00e9gager les voies. En Seine-Maritime voisine, \u00ab\u00a0face \u00e0 l&rsquo;intensification des chutes de neige\u00a0\u00bb, l&rsquo;interdiction de circulation des v\u00e9hicules de plus de 7,5 tonnes a \u00e9t\u00e9 \u00e9tendue \u00e0 tous les axes du d\u00e9partement, a annonc\u00e9 la pr\u00e9fecture, qui a d\u00e9plor\u00e9 le non-respect de cette mesure mise en oeuvre depuis hier soir sur certaines voies.<\/p>\n<p>UN NOUVEL \u00c9PISODE NEIGEUX ATTENDU CE MERCREDI15:54<\/p>\n<p>M\u00e9t\u00e9o-France pr\u00e9vient dans son bulletin publi\u00e9 aujourd&rsquo;hui sur son site \u00ab\u00a0qu&rsquo;une nouvelle perturbation abordera les c\u00f4tes de Manche dans la nuit de mardi \u00e0 mercredi\u00a0\u00bb. Cette perturbation pourrait donner des bonnes chutes de neige. \u00ab\u00a0Elle donnera de la pluie sur l&rsquo;ouest du pays, potentiellement vergla\u00e7ante, et de la neige sur l&rsquo;Ile-de-France et le nord-est du pays\u00a0\u00bb, indique M\u00e9t\u00e9o-France.\u00a0<\/p>\n<p>Par ailleurs, \u00ab\u00a0les temp\u00e9ratures amorceront une hausse pr\u00e8s de la fa\u00e7ade atlantique, mais resteront tr\u00e8s inf\u00e9rieures aux moyennes de saison\u00a0\u00bb.\u00a0<\/p>\n<p>LES PR\u00c9VISIONS DE M\u00c9T\u00c9O-FRANCE15:49<\/p>\n<p>Dans son traditionnel point sur les pr\u00e9visions de la semaine, publi\u00e9 sur son site, M\u00e9t\u00e9o-France donne les d\u00e9tails sur la perturbation neigeuse qui \u00ab\u00a0traverse la r\u00e9gion parisienne du nord-ouest au sud-est \u00e0 partir de la mi-journ\u00e9e et jusqu&rsquo;en deuxi\u00e8me partie de soir\u00e9e\u00a0\u00bb. Celle-ci \u00ab\u00a0apporte des chutes de neige de faible intensit\u00e9 mais continues, pouvant cumuler au sol une couche de neige de 2 \u00e0 3 cm\u00a0\u00bb en r\u00e9gion parisienne et l&rsquo;Oise, localement 5 cm. En Normandie, jusqu&rsquo;\u00e0 3 \u00e0 7 cm est attendu \u00ab\u00a0avec des maxima autour de 10 cm possibles sur les hauteurs\u00a0\u00bb.<\/p>\n<p>Prudence sur les routes cette nuit. \u00ab\u00a0Dans la nuit de lundi \u00e0 mardi, apr\u00e8s les chutes de neige, les gel\u00e9es seront encore marqu\u00e9es ce qui rendra les conditions de circulation tr\u00e8s d\u00e9licates jusqu&rsquo;\u00e0 mardi matin\u00a0\u00bb, pr\u00e9vient M\u00e9t\u00e9o-France. De m\u00eame, en soir\u00e9e, \u00ab\u00a0les chutes de neige s&rsquo;intensifient sur les r\u00e9gions des c\u00f4tes aquitaines\u00a0\u00bb et jusqu&rsquo;\u00e0 15 cm de neige est localement attendu en Vend\u00e9e et en Charente-Maritime, \u00ab\u00a0qui sont les d\u00e9partements les plus expos\u00e9s \u00e0 de fortes chutes de neige\u00a0\u00bb.<\/p>\n<p>\u00ceLE-DE-FRANCE 15:01<\/p>\n<p>En raison des chutes de neige qui touchent la r\u00e9gion, la vitesse est limit\u00e9e \u00e0 80 km\/h pour l&rsquo;ensemble des v\u00e9hicules, annonce le pr\u00e9fet de police de Paris. Les v\u00e9hicules de plus de 3,5 tonnes ont par ailleurs interdiction d\u2019effectuer une man\u0153uvre de d\u00e9passement sur les axes structurants. Quant aux poids lourds de plus de 3,5 tonnes de transport de marchandises ou de transport de mati\u00e8res dangereuses (TMD), ils ont interdiction de circuler sur l\u2019ensemble du r\u00e9seau structurant d\u2019\u00cele-de-France.\u00a0<\/p>\n<blockquote data-testid=\"EmbedTwitter\" id=\"tweet-2008173047811850440-:Recj9lkkcmj9v79m:\" class=\"jsx-aeff1a1c40f54d7a twitter-tweet flex justify-center items-center\"><p>\u2744\ufe0f Activation du niveau 3 du Plan neige et verglas en \u00cele-de-France  #PNVIF . Un \u00e9pisode de neige est annonc\u00e9 aujourd\u2019hui, avec des temp\u00e9ratures n\u00e9gatives dans la nuit. \u274c Mise en place de mesures restrictives de circulation d\u00e8s ce jour \u00e0 14 heures : \u27a1\ufe0f Pour l\u2019ensemble des\u2026  pic.twitter.com\/V71DtcqF9c \u2014 Pr\u00e9fecture de Police (@prefpolice)  January 5, 2026<\/p><\/blockquote>\n<p>CIRCULATION COMPLIQUEE EN NORMANDIE14:20<\/p>\n<p>N118 FERMEE14:05<\/p>\n<p>\u00a0La sortie n\u00b09 de la N118 vers Le Centre Universitaire-Grandes Ecoles et Gif-sur-Yvette est inaccessible ce lundi en raison \u00ab\u00a0des conditions m\u00e9t\u00e9o\u00a0\u00bb, indiquela Direction des routes d&rsquo;\u00cele-de-France.<\/p>\n<p>TRANSPORTS SCOLAIRES SUSPENDUS DANS LES YVELINES AUSSI MARDI13:50<\/p>\n<p>Les transports scolaires seront suspendus mardi dans les Yvelines, a annonc\u00e9 le pr\u00e9fet, rappelant que les parents sont invit\u00e9s \u00e0 r\u00e9cup\u00e9rer leurs enfants \u00e0 partir de 15h ce lundi en raison des chutes de neige attendues cet apr\u00e8s-midi.<\/p>\n<blockquote data-testid=\"EmbedTwitter\" id=\"tweet-2008133754187837588-:Recm9lkkcmj9v79m:\" class=\"jsx-aeff1a1c40f54d7a twitter-tweet flex justify-center items-center\"><p>\ud83d\udfe0 #M\u00e9t\u00e9o | Les transports scolaires sont suspendus demain mardi 6 janvier. Neige \u2013 Verglas  @meteofrance place les  #Yvelines en vigilance ORANGE neige-verglas \u00e0 partir d\u2019aujourd\u2019hui 13h et jusqu\u2019\u00e0 mardi 6 janvier \u00e0 10h.  \ud83c\udf28\ufe0f Des chutes de neige sont attendues cet apr\u00e8s-midi (1 \u00e0 3\u2026  pic.twitter.com\/c46KiYTGwG \u2014 Pr\u00e9fet des Yvelines \ud83c\uddeb\ud83c\uddf7 (@Prefet78)  January 5, 2026<\/p><\/blockquote>\n<p>TRANSPORTS SCOLAIRES SUSPENDUS EN SEINE-MARITIME MARDI13:17<\/p>\n<p>Compte tenu des chutes de neige et des cons\u00e9quences sur les conditions de circulation, le pr\u00e9fet de Seine-Maritime a annonc\u00e9 ce lundi \u00e0 la mi-journ\u00e9e suspendre les transports scolaires pour la journ\u00e9e de mardi. \u00ab\u00a0Sauf avis contraire des \u00e9tablissements scolaires, les \u00e9l\u00e8ves pourront bien \u00eatre accueillis\u00a0\u00bb, a-t-il \u00e9t\u00e9 pr\u00e9cis\u00e9.<\/p>\n<blockquote data-testid=\"EmbedTwitter\" id=\"tweet-2008138782416031842-:Recn9lkkcmj9v79m:\" class=\"jsx-aeff1a1c40f54d7a twitter-tweet flex justify-center items-center\"><p>\u26a0\ufe0fVigilance orange neige verglas \ud83d\ude8cCompte tenu des chutes de neige et des cons\u00e9quences sur les conditions de circulation, le pr\u00e9fet suspend les transports scolaires pour demain mardi. Sauf avis contraire des \u00e9tablissements scolaires, les \u00e9l\u00e8ves pourront bien \u00eatre accueillis.  pic.twitter.com\/4paS7S9KEf \u2014 Pr\u00e9fet de Normandie et de la Seine-Maritime (@Prefet76)  January 5, 2026<\/p><\/blockquote>\n<p>ACTION DES JEUNES AGRICULTEURS REPORT\u00c9E12:14<\/p>\n<p>A Rouen, les Jeunes agriculteurs qui avaient pr\u00e9vu de bloquer le pont de Normandie lundi \u00e0 la mi-journ\u00e9e, notamment pour protester contre l&rsquo;accord europ\u00e9en avec le Mercosur, ont report\u00e9 leur action en raison des intemp\u00e9ries et des arr\u00eat\u00e9s interdisant la circulation des poids lourds.<\/p>\n<p>\u00ab\u00a0\u00c9PISODE NEIGEUX D&rsquo;AMPLEUR EXCEPTIONNELLE\u00a0\u00bb DANS LA MANCHE12:12<\/p>\n<p>\u00ab\u00a0Le d\u00e9partement de la Manche conna\u00eet un \u00e9pisode neigeux d&rsquo;ampleur exceptionnelle depuis hier soir\u00a0\u00bb, avec 3 \u00e0 7 centim\u00e8tres de neige en plaine, a d\u00e9clar\u00e9 le pr\u00e9fet de la Manche, Marc Chappuis, interrog\u00e9 sur BFMTV.<\/p>\n<p>Lundi matin, les pompiers de la Manche recensaient 13 accidents de la circulation \u00ab\u00a0en lien avec les conditions m\u00e9t\u00e9orologiques\u00a0\u00bb, qui ont fait autant de bless\u00e9s l\u00e9gers.<\/p>\n<p>La neige a notamment perturb\u00e9 la circulation sur la rocade de Coutances, o\u00f9 les automobilistes ont \u00e9t\u00e9 contraints de stationner sur le bas-c\u00f4t\u00e9, a indiqu\u00e9 le pr\u00e9fet.<\/p>\n<p>CIRCULATION DES POIDS LOURDS INTERDITE EN SEINE-MARTIME11:38<\/p>\n<p>\u00ab\u00a0Face \u00e0 l&rsquo;intensification des chutes de neige, l&rsquo;interdiction de circulation des v\u00e9hicules de +7,5 tonnes est \u00e9tendue \u00e0 tous les axes de la Seine Maritime\u00a0\u00bb, a indiqu\u00e9 la pr\u00e9fecture ce lundi matin, pr\u00e9cisant que \u00ab\u00a0les v\u00e9hicules sur la route doivent regagner les aires de stationnement les plus proches\u00a0\u00bb.<\/p>\n<blockquote data-testid=\"EmbedTwitter\" id=\"tweet-2008112730889490767-:Recq9lkkcmj9v79m:\" class=\"jsx-aeff1a1c40f54d7a twitter-tweet flex justify-center items-center\"><p>\u26a0\ufe0fVigilance orange neige verglas Face \u00e0 l&rsquo;intensification des chutes de neige, l&rsquo;interdiction de circulation des v\u00e9hicules de +7,5 tonnes est \u00e9tendue \u00e0 tous les axes de la  #SeineMaritime . Les v\u00e9hicules sur la route doivent regagner les aires de stationnement les plus proches.  pic.twitter.com\/GC15tBi6N2 \u2014 Pr\u00e9fet de Normandie et de la Seine-Maritime (@Prefet76)  January 5, 2026<\/p><\/blockquote>\n<p>VEND\u00c9E ET CHARENTE MARITIME, D\u00c9PARTEMENTS \u00ab\u00a0LES PLUS EXPOS\u00c9S\u00a0\u00bb11:08<\/p>\n<p>Les chutes de neige vont continuer \u00e0 se produire dans la matin\u00e9e de lundi sur les d\u00e9partements c\u00f4tiers de la Manche, essentiellement entre Bretagne et Normandie, la tenue au sol est rapide compte-tenu des temp\u00e9ratures n\u00e9gatives, poursuit le bulletin.<\/p>\n<p>Lundi apr\u00e8s-midi, ces chutes de neige vont s&rsquo;\u00e9tendre vers le sud en direction des Pays de Loire et du bassin parisien, avant de gagner Poitou-Charentes dans la soir\u00e9e. La quantit\u00e9 de neige attendue au cours de cet \u00e9pisode va de 2 \u00e0 3 cm sur la r\u00e9gion parisienne et l&rsquo;Oise (localement 5 cm), 3 \u00e0 7 cm sur la Normandie (10 cm possibles sur les hauteurs) et 5 \u00e0 10 cm sur la Bretagne, les Pays de la Loire.<\/p>\n<p>La Vend\u00e9e et la Charente-Maritime, avec des chutes de neige pouvant atteindre jusqu&rsquo;\u00e0 15 cm, sont identifi\u00e9s comme les d\u00e9partements \u00ab\u00a0les plus expos\u00e9s\u00a0\u00bb.<\/p>\n<p>\u00ab\u00a0TEMPS TOUJOURS TRES FROID\u00a0\u00bb11:06<\/p>\n<p>M\u00e9t\u00e9o-France met en garde contre un \u00ab\u00a0temps toujours tr\u00e8s froid sur la France avec plusieurs perturbations neigeuses p\u00e9n\u00e9trant par les r\u00e9gions c\u00f4ti\u00e8res de la Manche et de la Bretagne en journ\u00e9e de lundi.\u00a0\u00bb<\/p>\n<p>26 D\u00c9PARTEMENTS EN VIGILANCE ORANGE10:43<\/p>\n<p>26 d\u00e9partements sont d\u00e9sormais plac\u00e9s en vigilance orange neige-verglas lundi par M\u00e9t\u00e9o-France qui a \u00e9tendu sa vigilance, et ce jusqu\u2019\u00e0 mardi. Cela concerne les d\u00e9partements de l\u2019\u00cele-de-France, de la Bretagne, de la Normandie et une partie des pays de la Loire.<\/p>\n<p>Les trois derniers d\u00e9partements concern\u00e9s par la vigilance sont la Sarthe, la Mayenne et l&rsquo;Eure-et-Loir.<\/p>\n<blockquote data-testid=\"EmbedTwitter\" id=\"tweet-2008102007622582716-:Rect9lkkcmj9v79m:\" class=\"jsx-aeff1a1c40f54d7a twitter-tweet flex justify-center items-center\"><p>Pour lundi 05 janvier 2026 : \ud83d\udfe0 26 d\u00e9partements en Vigilance orange Pour mardi 06 janvier 2026 : \ud83d\udfe0 26 d\u00e9partements en Vigilance orange Restez prudents et inform\u00e9s : https:\/\/t.co\/JGz4rTUvHP pic.twitter.com\/4pJp9F4D2o \u2014 VigiM\u00e9t\u00e9oFrance (@VigiMeteoFrance)  January 5, 2026<\/p><\/blockquote>\n<p>LA NEIGE ATTENDUE EN ILE-DE-FRANCE, D\u00c9JA PLUS DE 5CM EN NORMANDIE09:32<\/p>\n<p>Neige : jusqu&rsquo;\u00e0 5cm attendus en Ile-de-FranceSource : TF1 Info<\/p>\n<p><img decoding=\"async\" src=\"https:\/\/www.europesays.com\/fr\/wp-content\/uploads\/2026\/01\/neige-jusqu-a-5cm-attendus-en-ile-de-france-97042d-0@1x.jpeg\" alt=\"Neige : jusqu'\u00e0 5cm attendus en Ile-de-France\" loading=\"lazy\" importance=\"low\" fetchpriority=\"low\" class=\"\"\/><img decoding=\"async\" src=\"https:\/\/www.tf1info.fr\/images\/icons\/player-logo-play.svg\" alt=\"Logo lecture\" class=\"jsx-d0de44c05fe3042c PlayerLazyload__Play\"\/>PRUDENCE AUSSI SUR LES ROUTES VERGLAC\u00c9ES DES COTES D&rsquo;ARMOR09:07<\/p>\n<p>Une fine couche de verglas recouvrait les routes de Guingamp ce lundi a constat\u00e9 notre journaliste sur place, pr\u00e9cisant que les familles doivent s&rsquo;organiser car les transports scolaires sont suspendus toute la journ\u00e9e dans les C\u00f4tes d&rsquo;Armor.\u00a0<\/p>\n<p>23 d\u00e9partements en vigilance orange : prudence sur les routes en raison du verglasSource : TF1 Info<\/p>\n<p><img decoding=\"async\" src=\"https:\/\/www.europesays.com\/fr\/wp-content\/uploads\/2026\/01\/23-departements-en-vigilance-orange-prudence-sur-les-routes-en-raison-du-verglas-422074-0@1x.jpeg\" alt=\"23 d\u00e9partements en vigilance orange : prudence sur les routes en raison du verglas\" loading=\"lazy\" importance=\"low\" fetchpriority=\"low\" class=\"\"\/><img decoding=\"async\" src=\"https:\/\/www.tf1info.fr\/images\/icons\/player-logo-play.svg\" alt=\"Logo lecture\" class=\"jsx-d0de44c05fe3042c PlayerLazyload__Play\"\/>PRUDENCE SUR LES ROUTES DU HAVRE, AU MOINS 5 CM DE NEIGE RELEV\u00c9S08:34<\/p>\n<p>Au moins 5 centim\u00e8tres de neige ont \u00e9t\u00e9 relev\u00e9s au Havre, selon notre envoy\u00e9 sp\u00e9cial, qui rappelle qu&rsquo;il faut donc \u00eatre tr\u00e8s prudent si on circule aujourd&rsquo;hui en Normandie et que des restrictions ont \u00e9t\u00e9 mises en place pour les transports scolaires et les poids lourds.<\/p>\n<p>Neige-verglas : 23 d\u00e9partements en vigilance orangeSource : TF1 Info<\/p>\n<p><img decoding=\"async\" src=\"https:\/\/www.europesays.com\/fr\/wp-content\/uploads\/2026\/01\/neige-verglas-23-departements-en-vigilance-orange-6b86c5-0@1x.jpeg\" alt=\"Neige-verglas : 23 d\u00e9partements en vigilance orange\" loading=\"lazy\" importance=\"low\" fetchpriority=\"low\" class=\"\"\/><img decoding=\"async\" src=\"https:\/\/www.tf1info.fr\/images\/icons\/player-logo-play.svg\" alt=\"Logo lecture\" class=\"jsx-d0de44c05fe3042c PlayerLazyload__Play\"\/>M\u00c9T\u00c9O FRANCE APPELLE A LIMITER LES D\u00c9PLACEMENTS08:14<\/p>\n<p>M\u00e9t\u00e9o France rappelle qu&rsquo;il est recommand\u00e9 de limiter ses d\u00e9placements en raison de la neige et du verglas qui peuvent \u00eatre pr\u00e9sents sur les routes des d\u00e9partements en vigilance orange aujourd\u2019hui.<\/p>\n<p>\u00ab\u00a0Pour la route, j&rsquo;\u00e9quipe mon v\u00e9hicule, j&#8217;emporte des vivres et des couvertures\u00a0\u00bb, rappelle encore l&rsquo;organisme m\u00e9t\u00e9orologique.<\/p>\n<blockquote data-testid=\"EmbedTwitter\" id=\"tweet-2008062163454472404-:Red19lkkcmj9v79m:\" class=\"jsx-aeff1a1c40f54d7a twitter-tweet flex justify-center items-center\"><p>\ud83d\udfe0\u2744\ufe0f Vigilance orange Neige verglas en cours, \u00e9tendue \u00e0 23 d\u00e9partements.  Des chutes de neige parfois significatives concernent les r\u00e9gions s&rsquo;\u00e9tendant de la Bretagne \u00e0 la Normandie et au bassin parisien ainsi que les Pays de Loire et Poitou-Charentes. https:\/\/t.co\/nKFFz1Wsbp pic.twitter.com\/wppB5UJfpP \u2014 M\u00e9t\u00e9o-France (@meteofrance)  January 5, 2026<\/p><\/blockquote>\n<p>EXTENSION DE LA VIGILANCE ORANGE POSSIBLE DANS LA JOURN\u00c9E07:37<\/p>\n<p>M\u00e9t\u00e9o France pr\u00e9vient qu&rsquo;une nouvelle extension de la vigilance orange pourrait se produire dans la journ\u00e9e.<\/p>\n<p>TRANSPORTS SCOLAIRES SUSPENDUS EN BRETAGNE ET EN NORMANDIE07:36<\/p>\n<p>Les transports scolaires sont suspendus lundi en Bretagne et en Normandie en raison des chutes de neige annonc\u00e9es, ont indiqu\u00e9 dimanche soir les deux r\u00e9gions.<\/p>\n<p>\u00ab\u00a0La circulation des transports interurbains est pour l&rsquo;heure maintenue mais des difficult\u00e9s de circulation sont \u00e0 pr\u00e9voir\u00a0\u00bb, a pr\u00e9cis\u00e9 la r\u00e9gion, qui \u00ab\u00a0appelle chacun \u00e0 la plus grande vigilance\u00a0\u00bb.<\/p>\n<p>La r\u00e9gion Normandie \u00ab\u00a0va rapidement informer les familles, les \u00e9tablissements scolaires et les autorit\u00e9s organisatrices de proximit\u00e9 (communaut\u00e9s de communes, syndicats scolaires&#8230;) de ces situations\u00a0\u00bb.<\/p>\n<p>\u00ab\u00a0CONDITIONS DE CIRCULATION TRES DELICATES JUSQU&rsquo;A MARDI MATIN\u00a0\u00bb07:35<\/p>\n<p>\u00ab\u00a0Dans la nuit de lundi \u00e0 mardi, apr\u00e8s les chutes de neige, les gel\u00e9es seront encore marqu\u00e9es ce qui rendra les conditions de circulation tr\u00e8s d\u00e9licates jusqu&rsquo;\u00e0 mardi matin\u00a0\u00bb, avertit M\u00e9t\u00e9o-France.<\/p>\n<p>JUSQU&rsquo;A 15 CM ATTENDUS DANS LES D\u00c9PARTEMENTS LES PLUS EXPOS\u00c9S07:08<\/p>\n<p>\u00ab\u00a0Quelques centim\u00e8tres de neige sont tomb\u00e9s sur certains d\u00e9partements c\u00f4tiers de la Manche dans la nuit, en particulier la Seine Maritime\u00a0\u00bb, pr\u00e9cise M\u00e9t\u00e9o France dans son dernier bulletin, \u00e9voquant une tenue rapide au sol et soulignant que des chutes de neige vont continuer \u00e0 se produire sur les d\u00e9partements c\u00f4tiers de la Manche, essentiellement entre Bretagne et Normandie.<\/p>\n<p>\u00ab\u00a0Jusqu&rsquo;\u00e0 3 \u00e0 7 cm\u00a0\u00bb sont attendus sur la Normandie avec des maxima autour de 10 cm possibles sur les hauteurs et \u00ab\u00a0jusqu&rsquo;\u00e0 5 \u00e0 10 cm\u00a0\u00bb sur la Bretagne, les Pays de Loire et jusqu&rsquo;en Charente-Maritime avec des maxima autour de 15 cm pour la Vend\u00e9e et la Charente-Maritime qui sont donc les d\u00e9partements les plus expos\u00e9s \u00e0 de fortes chutes de neige.<\/p>\n<p>LARGE QUART NORD-OUEST06:12<\/p>\n<p>M\u00e9t\u00e9o-France indique dans son dernier bulletin de 6h que \u00ab\u00a0des chutes de neige parfois significatives concernent les r\u00e9gions s&rsquo;\u00e9tendant de la Bretagne \u00e0 la Normandie et au bassin parisien ainsi que les Pays de Loire et Poitou-Charentes\u00a0\u00bb.<\/p>\n<p>\u00ab\u00a0L&rsquo;\u00e9pisode de froid se poursuit sur une bonne partie du pays\u00a0\u00bb, pr\u00e9cise encore l&rsquo;institut m\u00e9t\u00e9orologique.<\/p>\n<p>ALERTE NEIGE-VERGLAS \u00c9TENDUE06:10<\/p>\n<p>VIngt-trois d\u00e9partements sont plac\u00e9s en vigilance orange neige-verglas ce lundi.\u00a0<\/p>\n<blockquote data-testid=\"EmbedTwitter\" id=\"tweet-2008041221793427550-:Red79lkkcmj9v79m:\" class=\"jsx-aeff1a1c40f54d7a twitter-tweet flex justify-center items-center\"><p>Pour lundi 05 janvier 2026 : \ud83d\udfe0 23 d\u00e9partements en Vigilance orange Pour mardi 06 janvier 2026 : \ud83d\udfe0 23 d\u00e9partements en Vigilance orange Restez prudents et inform\u00e9s : https:\/\/t.co\/JGz4rTUvHP pic.twitter.com\/boudTi0zS1 \u2014 VigiM\u00e9t\u00e9oFrance (@VigiMeteoFrance)  January 5, 2026<\/p><\/blockquote>\n<p>BONJOUR06:09<\/p>\n<p>Bienvenue dans ce direct consacr\u00e9 aux vigilances m\u00e9t\u00e9o qui touchent la France aujourd&rsquo;hui. Retrouvez ici les derni\u00e8res \u00e9volutions.\u00a0<\/p>\n<p><script async src=\"https:\/\/platform.twitter.com\/widgets.js\" charset=\"utf-8\"><\/script><\/p>\n","protected":false},"excerpt":{"rendered":"lundi 5 janvier 2026 L&rsquo;\u00c9PISODE NEIGEUX A-T-IL \u00c9T\u00c9 SUFFISAMMENT ANTICIP\u00c9 ?22:41 La France a \u00e9t\u00e9 travers\u00e9e par d&rsquo;importantes&hellip;\n","protected":false},"author":2,"featured_media":643563,"comment_status":"","ping_status":"","sticky":false,"template":"","format":"standard","meta":{"footnotes":""},"categories":[4],"tags":[1111,11,1921,1011,27,1922,11007,12,2119,25,133,11009],"class_list":{"0":"post-643696","1":"post","2":"type-post","3":"status-publish","4":"format-standard","5":"has-post-thumbnail","7":"category-france","8":"tag-actu","9":"tag-actualites","10":"tag-article-video","11":"tag-fr","12":"tag-france","13":"tag-info","14":"tag-meteo-quotidienne","15":"tag-news","16":"tag-previsions-meteo","17":"tag-republique-francaise","18":"tag-video","19":"tag-video-meteo-et-intemperies"},"share_on_mastodon":{"url":"https:\/\/pubeurope.com\/@fr\/115845476452528438","error":""},"_links":{"self":[{"href":"https:\/\/www.europesays.com\/fr\/wp-json\/wp\/v2\/posts\/643696","targetHints":{"allow":["GET"]}}],"collection":[{"href":"https:\/\/www.europesays.com\/fr\/wp-json\/wp\/v2\/posts"}],"about":[{"href":"https:\/\/www.europesays.com\/fr\/wp-json\/wp\/v2\/types\/post"}],"author":[{"embeddable":true,"href":"https:\/\/www.europesays.com\/fr\/wp-json\/wp\/v2\/users\/2"}],"replies":[{"embeddable":true,"href":"https:\/\/www.europesays.com\/fr\/wp-json\/wp\/v2\/comments?post=643696"}],"version-history":[{"count":0,"href":"https:\/\/www.europesays.com\/fr\/wp-json\/wp\/v2\/posts\/643696\/revisions"}],"wp:featuredmedia":[{"embeddable":true,"href":"https:\/\/www.europesays.com\/fr\/wp-json\/wp\/v2\/media\/643563"}],"wp:attachment":[{"href":"https:\/\/www.europesays.com\/fr\/wp-json\/wp\/v2\/media?parent=643696"}],"wp:term":[{"taxonomy":"category","embeddable":true,"href":"https:\/\/www.europesays.com\/fr\/wp-json\/wp\/v2\/categories?post=643696"},{"taxonomy":"post_tag","embeddable":true,"href":"https:\/\/www.europesays.com\/fr\/wp-json\/wp\/v2\/tags?post=643696"}],"curies":[{"name":"wp","href":"https:\/\/api.w.org\/{rel}","templated":true}]}}