{"id":643703,"date":"2026-01-06T01:14:15","date_gmt":"2026-01-06T01:14:15","guid":{"rendered":"https:\/\/www.europesays.com\/fr\/643703\/"},"modified":"2026-01-06T01:14:15","modified_gmt":"2026-01-06T01:14:15","slug":"on-a-retrouve-sofiane-merignat-actualite","status":"publish","type":"post","link":"https:\/\/www.europesays.com\/fr\/643703\/","title":{"rendered":"On a retrouv\u00e9 : Sofiane Merignat &#8211; Actualit\u00e9"},"content":{"rendered":"<p><strong id=\"docs-internal-guid-dd19e96c-7fff-14de-86ac-ee9bb7d4a78d\">Entre 2014 et 2020, DirectVelo donnait r\u00e9guli\u00e8rement des nouvelles d\u2019anciens coureurs qui ont arr\u00eat\u00e9 leur carri\u00e8re cycliste apr\u00e8s avoir longtemps \u00e9t\u00e9 suivis par notre m\u00e9dia dans les rangs \u00c9lites, depuis les cat\u00e9gories Espoirs, Juniors ou m\u00eame parfois d\u00e8s les Cadets. Apr\u00e8s cinq ann\u00e9es d\u2019interruption, <\/strong><strong><a href=\"https:\/\/www.directvelo.com\/actualites\/categorie\/76\/on-a-retrouve\" target=\"_blank\" rel=\"noopener\">la rubrique \u00ab On a retrouv\u00e9 \u00bb<\/a><\/strong><strong> reprend son voyage \u00e0 travers le temps et les parcours de vie.\u00a0<br \/><\/strong><\/p>\n<p>Pour ce premier num\u00e9ro de cette version 2.0 &#8211; le 105e de la s\u00e9rie -, DV a symboliquement choisi de venir aux nouvelles de celui qui avait remport\u00e9 le premier Challenge DirectVelo Juniors il y a dix ans de cela ; <a href=\"https:\/\/www.directvelo.com\/coureur\/14212\/sofiane-merignat\" target=\"_blank\" rel=\"noopener\">Sofiane Merignat<\/a>. C&rsquo;\u00e9tait en 2015 et il avait alors devanc\u00e9 Pavel Sivakov d\u2019un tout petit point. Un coup de fil empreint de nostalgie et une belle occasion pour le Proven\u00e7al de rouvrir la bo\u00eete \u00e0 souvenirs.<\/p>\n<p>DirectVelo : Il s\u2019est pass\u00e9 beaucoup de choses pour toi depuis que tu as quitt\u00e9 l\u2019AVC Aix-en-Provence et les pelotons !<br \/>Sofiane Merignat : C\u2019est vrai, le temps passe vite. Je me suis mari\u00e9, j\u2019ai eu deux enfants, un gar\u00e7on et une fille, et depuis j\u2019ai aussi chang\u00e9 de vie en quittant ma Provence pour Amiens, o\u00f9 je vis avec ma nouvelle compagne. <\/p>\n<p><strong>Un Proven\u00e7al \u00e0 Amiens, \u00e7a le fait ?<\/strong><br \/>Ah ce n\u2019est pas facile hein, en ce moment il caille pas mal (rire). Ce n\u2019est pas Aubagne mais il faut bien s\u2019y faire. Je redescends quand m\u00eame tous les mois dans le sud. J\u2019aide toujours mon fr\u00e8re pizzaiolo quand je suis \u00e0 Aubagne. Et mon activit\u00e9 principale, c\u2019est de bosser en boulangerie, \u00e0 Amiens.\u00a0<\/p>\n<p><strong>\u00ab CE QUI ME REVIENT EN PREMIER, CE SONT TOUS CES MOMENTS DE PARTAGE AVEC LES COPAINS \u00bb<\/strong> <\/p>\n<p><strong>Roules-tu encore ?<\/strong><br \/>Depuis que j\u2019ai arr\u00eat\u00e9 la comp\u00e9tition, j\u2019ai surtout fait du tennis et du paddle, et je courrais aussi un peu. Mais j\u2019avoue que maintenant, avec le travail, c\u2019est devenu plus compliqu\u00e9. J\u2019ai encore les abdos, attention (rire). S\u00fbrement plus pour longtemps mais je ne compte pas me laisser aller pour autant.\u00a0<\/p>\n<p><strong>Quels souvenirs gardes-tu de toutes ces ann\u00e9es sur le v\u00e9lo ?<\/strong><br \/>De tr\u00e8s bons souvenirs ! Ce sont 18 ann\u00e9es de ma vie, c\u2019est \u00e9norme. Ce qui me revient en premier, ce sont tous ces moments de partage avec les copains, les sorties d\u2019entra\u00eenements entre coll\u00e8gues, les stages\u2026 En r\u00e9alit\u00e9, je crois que \u00e7a m\u2019a davantage marqu\u00e9 que les courses, m\u00eame que les victoires. Les sorties de 200 bornes \u00e0 gal\u00e9rer ou \u00e0 rigoler\u2026 Il n\u2019y a pas un truc en particulier qui ressort du lot. Ce qui est marrant, c\u2019est qu\u2019il m\u2019arrive parfois de me rem\u00e9morer certains d\u00e9placements quand je passe devant certains endroits, o\u00f9 que je vois des panneaux de communes sur la route, y compris ici en Picardie. <\/p>\n<p><strong>De l\u2019ext\u00e9rieur, le premier bon moment qui revient lorsque l\u2019on \u00e9voque ton nom, c\u2019est ton num\u00e9ro en solitaire sur la Classique des Alpes, lors de l\u2019ann\u00e9e 2015 qui t\u2019a vu remporter le Challenge DirectVelo Juniors !<\/strong><br \/>Ah \u00e7a c\u2019est s\u00fbr que \u00e7a reste THE victoire, c\u2019\u00e9tait quand m\u00eame quelque chose, un tr\u00e8s grand souvenir. Je m\u2019\u00e9tais r\u00e9gal\u00e9. <\/p>\n<p><strong>\u00ab J\u2019ALLAIS DEVENIR PAPA ET J\u2019AI L\u00c2CH\u00c9 LE FIL \u00bb<\/strong> <\/p>\n<p><strong>Tu te voyais faire carri\u00e8re, \u00e0 ce moment-l\u00e0 ?<\/strong><br \/>Franchement, oui. C\u2019\u00e9tait mon but. Des choix ont fait que \u00e7a ne s\u2019est pas bien pass\u00e9 mais bon\u2026 <\/p>\n<p><strong>Avec le recul, y\u2019a-t-il un moment qui aurait, selon toi, fait basculer la balance du mauvais c\u00f4t\u00e9 ?<\/strong><br \/>Il y a eu ce fameux grave accident sur Paris-Roubaix Espoirs. J\u2019avais r\u00e9ussi \u00e0 faire les efforts pour revenir, j\u2019\u00e9tais super motiv\u00e9. <strong><a href=\"https:\/\/www.directvelo.com\/actualite\/72252\/nouveau-coup-darret-pour-sofiane-merignat\" target=\"_blank\" rel=\"noopener\">Je me suis recass\u00e9 le m\u00e9tacarpe dans un accident de d\u00e9bile aux Boucles du Haut-Var l\u2019ann\u00e9e suivante<\/a><\/strong>. Mais Boris Zimine, qui \u00e9tait le DS du CC Etupes \u00e0 ce moment-l\u00e0, m\u2019a remis dedans alors que j\u2019\u00e9tais un temps blas\u00e9. J\u2019ai essay\u00e9 de revenir au moment du Tour de Savoie-Mont-Blanc mais je n\u2019ai pas perform\u00e9 du tout, j\u2019\u00e9tais sous-entra\u00een\u00e9. \u00c0 l\u2019intersaison, j\u2019ai voulu me relancer en filant \u00e0 l\u2019AVC Aix. Je me suis entra\u00een\u00e9 comme un barjot mais c\u2019est l\u00e0 qu\u2019est apparu le Covid\u2026 Moralement, apr\u00e8s ce qu\u2019il s\u2019\u00e9tait d\u00e9j\u00e0 pass\u00e9 avant, avec probl\u00e8me sur probl\u00e8me, c\u2019est devenu tr\u00e8s dur. J\u2019allais devenir papa en juillet et j\u2019ai l\u00e2ch\u00e9 le fil.<\/p>\n<p><img decoding=\"async\" src=\"https:\/\/www.europesays.com\/fr\/wp-content\/uploads\/2026\/01\/MERIGNAT.jpg\" alt=\"\"\/> <\/p>\n<p><strong>En 2021, tu avais d\u00e9but\u00e9 l\u2019ann\u00e9e \u00e0 l\u2019Essor basque, toujours avec l\u2019AVC Aix, puis tu as disput\u00e9 ta toute derni\u00e8re course lors d\u2019Annemasse-Bellegarde, avant de dispara\u00eetre d\u00e9finitivement de la circulation alors que ce n\u2019\u00e9tait que le d\u00e9but de saison. Pourquoi ?<\/strong><br \/>J\u2019avais appel\u00e9 Jean-Mi (Bourgouin) apr\u00e8s Annemasse-Bellegarde pour lui dire que j\u2019allais me consacrer au Ramadan pendant quelques semaines, car c\u2019\u00e9tait la p\u00e9riode, en essayant quand m\u00eame de garder un niveau convenable \u00e0 l\u2019entra\u00eenement, mais en lui faisant comprendre qu\u2019il allait \u00eatre difficile de courir. Mais finalement, je ne suis jamais revenu. C\u2019est fou mais \u00e7a s\u2019est fait comme \u00e7a, sans que moi-m\u00eame je ne le vois vraiment venir. <\/p>\n<p><strong>\u00ab J\u2019AI REFUS\u00c9 UNE PROPOSITION DE LA QUICK STEP \u00bb<\/strong> <\/p>\n<p><strong>Cinq ans plus t\u00f4t, tu avais \u00e9t\u00e9 stagiaire avec Delko et ainsi touch\u00e9 le monde professionnel du doigt\u2026<br \/><\/strong>J\u2019ai fait un mauvais choix \u00e0 un moment important, c\u2019est le choix que je regrette le plus dans ma vie. J\u2019ai refus\u00e9 une proposition de la Quick Step. Je devais faire deux stages avec eux \u00e0 Calpe, et il \u00e9tait pr\u00e9vu qu\u2019ils me suivent, qu\u2019ils m\u2019accompagnent avec une possibilit\u00e9 de les rejoindre par la suite, du moins l\u2019\u00e9quipe r\u00e9serve, si elle continuait car c\u2019\u00e9tait compliqu\u00e9 pour eux \u00e0 ce moment-l\u00e0. J\u2019avais pass\u00e9 des tests avec eux, j\u2019avais rencontr\u00e9 Patrick Lef\u00e9v\u00e8re au service course. On avait m\u00eame d\u00e9j\u00e0 imagin\u00e9 que j\u2019aille aux stages de l\u2019\u00e9quipe avec Maxime Bouet, car il \u00e9tait encore dans l\u2019\u00e9quipe et habitait \u00e0 c\u00f4t\u00e9 de chez moi. Mais entre-temps, j\u2019ai aussi \u00e9chang\u00e9 avec Fred Rostaing (alors manager g\u00e9n\u00e9ral de la d\u00e9funte Conti Pro Delko, NDLR) qui m\u2019a dit de ne pas accepter la proposition de Patrick Lef\u00e9v\u00e8re. Il m\u2019a promis que j\u2019allais \u00eatre stagiaire dans l\u2019\u00e9quipe en fin de saison. J\u2019ai d\u00fb faire un choix, sans agent ni rien \u00e0 l\u2019\u00e9poque. J\u2019\u00e9tais livr\u00e9 \u00e0 moi-m\u00eame et je regrette ce choix. Je pense avoir fait plein d\u2019erreurs.\u00a0 <\/p>\n<p><strong>Bien que tu aies r\u00e9ellement \u00e9t\u00e9 stagiaire chez Delko en 2016 !<\/strong><br \/>Oui, je me souviens d\u2019ailleurs que j\u2019\u00e9tais \u00e9chapp\u00e9 et meilleur grimpeur au Tour du Doubs, pour ma premi\u00e8re course avec l\u2019\u00e9quipe. J\u2019ai privil\u00e9gi\u00e9 le choix du c\u0153ur, celui d\u2019un Proven\u00e7al qui aurait pu passer pro dans une \u00e9quipe marseillaise. Mais finalement, je n\u2019ai rien eu en retour alors que j\u2019avais le sentiment d\u2019avoir fait le taff pendant mon stage. Je n\u2019ai jamais su pourquoi je n\u2019ai pas \u00e9t\u00e9 pris. Cela dit, il faut bien avouer que je n\u2019ai pas fait mes preuves chez les amateurs apr\u00e8s ma grosse ann\u00e9e Juniors. \u00c0 chaque fois que je commen\u00e7ais \u00e0 performer, je finissais toujours par avoir un p\u00e9pin. J\u2019ai l\u2019impression de ne jamais avoir pu exploiter mon plein potentiel sur la lanc\u00e9e de mon ann\u00e9e de J2. Mais c\u2019\u00e9tait mon destin. <\/p>\n<p><strong>Peut-\u00eatre \u00e9tais-tu d\u00e9j\u00e0 presque au taquet chez les Juniors ?<\/strong><br \/>Franchement, je ne pense pas. Je n\u2019\u00e9tais pas \u00e0 100%, j\u2019avais encore une belle marge de progression. En 2015, j\u2019\u00e9tais dans le jeu avec plein de gars qui marchent fort depuis. D\u2019ailleurs, je suis retomb\u00e9 il y a quelques temps sur le classement du GP Patton, une manche de Coupe des Nations au Luxembourg. Marc Hirschi avait gagn\u00e9 et j\u2019avais termin\u00e9 5e. Bjorn Lambrecht avait fait 3 meskine, paix \u00e0 son \u00e2me (le Belge est mort sur les routes du Tour de Pologne en 2019, NDLR). J\u2019ai vu que Tadej Pogacar \u00e9tait l\u00e0 et qu\u2019il avait fini 45e. Je pourrai dire que je l\u2019ai battu une fois. <\/p>\n<p><strong>\u00ab J\u2019AI ENCORE DE GROSSES CICATRICES \u00bb<\/strong> <\/p>\n<p><strong>Tu ne marchais pas qu\u2019en montagne\u2026<\/strong><br \/>Mais j\u2019\u00e9tais quand m\u00eame un grimpeur, c\u2019est clair. Hormis la Classique des Alpes, l\u2019autre grosse r\u00e9f\u00e9rence reste ma troisi\u00e8me place sur l\u2019\u00e9tape reine de la Ronde de l\u2019Isard. J\u2019adorais grimper. Mais je marchais aussi sur les parcours vallonn\u00e9s sans que ce soit de la montagne. Par exemple sur la Fl\u00e8che Ard\u00e9choise, j&rsquo;avais fait 2 derri\u00e8re (Pavel) Sivakov.\u00a0<\/p>\n<p><strong>Tu \u00e9voquais \u00e0 l\u2019instant Bjorn Lambrecht. Sur la Ronde de l\u2019Isard, c\u2019est Gino M\u00e4der qui avait gagn\u00e9 le jour o\u00f9 tu as fait 3, lui aussi mort en course depuis\u2026<\/strong><br \/>Ah mais oui c\u2019est vrai, j\u2019avais oubli\u00e9 que c\u2019\u00e9tait lui qui avait gagn\u00e9 ! Je me souviens que j\u2019avais laiss\u00e9 (Aur\u00e9lien) Paret-Peintre passer pour faire 2 et prendre les bonifications car il jouait le g\u00e9n\u00e9ral et qu\u2019on \u00e9tait en \u00e9quipe de France ensemble. Il y avait aussi (Cl\u00e9ment) Champoussin juste derri\u00e8re. C&rsquo;\u00e9tait une \u00e9tape de fou. Mais oui, c\u2019est vrai que Gino M\u00e4der avait fait un num\u00e9ro, il \u00e9tait parti de loin et on ne l\u2019avait jamais revu. Il avait gagn\u00e9 avec plusieurs minutes d\u2019avance.\u00a0 <\/p>\n<p><strong><a href=\"https:\/\/www.directvelo.com\/actualite\/66528\/sofiane-merignat-lourdement-accidente-a-paris-roubaix\" target=\"_blank\" rel=\"noopener\">Tu as, toi aussi, fr\u00f4l\u00e9 le drame sur un Paris-Roubaix Espoirs<\/a>. En portes-tu encore des s\u00e9quelles aujourd\u2019hui ?<\/strong><br \/>Je n\u2019ai plus de s\u00e9quelles dans le sens que je n\u2019ai pas de handicap, je ne suis pas g\u00ean\u00e9, mais j\u2019ai encore de grosses cicatrices. Et de sacr\u00e9s souvenirs. C\u2019\u00e9tait une sacr\u00e9e gal\u00e8re mais paradoxalement, j\u2019en garde aussi de bons souvenirs avec le recul. Pas de l\u2019accident en lui-m\u00eame, bien s\u00fbr, mais de tout ce qui s\u2019en est suivi. La r\u00e9\u00e9ducation, le combat de tous les jours pour retrouver le niveau apr\u00e8s m\u2019\u00eatre fait \u00e9craser. Humainement, c\u2019\u00e9tait une belle p\u00e9riode. <\/p>\n<p><strong>\u00ab ON RENTRAIT \u00c0 LA MAISON \u00c0 7H DU MAT\u2019 \u00bb<\/strong> <\/p>\n<p><strong>La comp\u00e9tition te manque-t-elle aujourd\u2019hui, cinq ans apr\u00e8s avoir arr\u00eat\u00e9 ?<\/strong> <br \/>J\u2019ai d\u00e9j\u00e0 imagin\u00e9 reprendre. Je pense que \u00e7a me viendra. Un jour o\u00f9 l\u2019autre, \u00e0 32 ans (il en a 28 aujourd&rsquo;hui, NDLR), j\u2019irai plier des courses r\u00e9gionales (rire). J\u2019en ai envie au fond de moi, j\u2019aime \u00e7a. J\u2019ai encore du matos, j\u2019ai tout ce qu\u2019il faut.\u00a0<\/p>\n<p><strong>Si Patrick Lef\u00e9v\u00e8re retrouve ton num\u00e9ro de t\u00e9l\u00e9phone !<\/strong><br \/>(Rire) Ah l\u00e0 c\u2019est cuit, il a arr\u00eat\u00e9. Ce ne sera pas pour revenir \u00e0 haut-niveau mais pour s\u2019amuser un peu. Quoi qu\u2019il arrive, je me serai bien amus\u00e9 pendant ces ann\u00e9es sur le v\u00e9lo. J\u2019ai fait de tr\u00e8s belles courses. (Pierre-Yves) Chatelon me faisait confiance en \u00e9quipe de France Espoirs, m\u00eame si les r\u00e9sultats n\u2019\u00e9taient pas toujours au rendez-vous. Je me souviens notamment d\u2019avoir remplac\u00e9 (Aur\u00e9lien) Paret-Peintre au dernier moment sur la Course de la Paix, en R\u00e9publique tch\u00e8que, car il s\u2019\u00e9tait bless\u00e9 sur une manche de Coupe de France Pro qu\u2019on avait fait ensemble juste avant (les Boucles de l\u2019Aulne, NDLR). J\u2019\u00e9tais descendu en train entre-temps et j\u2019\u00e9tais remont\u00e9 en camping-car avec le staff, les m\u00e9canos. Ce sont les plus beaux souvenirs. <\/p>\n<p><strong>Avec des heures et des heures sur les routes, \u00e0 traverser la France et l\u2019Europe\u2026<\/strong><br \/>Bien s\u00fbr ! Quand j\u2019allais faire les manches de Coupe de France de cyclo-cross en Bretagne, ce n\u2019\u00e9tait pas rien. On redescendait en Provence le soir-m\u00eame, on d\u00e9posait Corentin Navarro sur la route et son p\u00e8re nous filait des g\u00e2teaux. On passait la nuit sur la route et on rentrait \u00e0 la maison \u00e0 7h du mat\u2019 (rire). J\u2019ai ador\u00e9 tout \u00e7a, ces moments simples de partage entre passionn\u00e9s. J\u2019essaie toujours de suivre les copains, de garder des contacts. Sur FaceBook, quand je vois des articles de DirectVelo qui m\u2019int\u00e9ressent, je clique encore. Je regarde toujours des bouts de courses, le v\u00e9lo c\u2019est ma passion.<strong id=\"docs-internal-guid-dd19e96c-7fff-14de-86ac-ee9bb7d4a78d\"\/><\/p>\n<p><img decoding=\"async\" src=\"https:\/\/www.europesays.com\/fr\/wp-content\/uploads\/2026\/01\/Modele-DV-2-8 (6).png\" alt=\"\"\/><\/p>\n","protected":false},"excerpt":{"rendered":"Entre 2014 et 2020, DirectVelo donnait r\u00e9guli\u00e8rement des nouvelles d\u2019anciens coureurs qui ont arr\u00eat\u00e9 leur carri\u00e8re cycliste apr\u00e8s&hellip;\n","protected":false},"author":2,"featured_media":643704,"comment_status":"","ping_status":"","sticky":false,"template":"","format":"standard","meta":{"footnotes":""},"categories":[1411],"tags":[834,828,836,829,837,827,83,826,824,823,1154,207,814,817,815,816,822,821,832,211,839,1011,27,820,818,819,835,831,830,833,838,60,212,208,825],"class_list":{"0":"post-643703","1":"post","2":"type-post","3":"status-publish","4":"format-standard","5":"has-post-thumbnail","7":"category-cyclisme","8":"tag-attaque","9":"tag-belgique","10":"tag-braquet","11":"tag-bretagne","12":"tag-chute","13":"tag-competition","14":"tag-coupe-de-france","15":"tag-coureur","16":"tag-course-cyclisme","17":"tag-course-cycliste","18":"tag-cycling","19":"tag-cyclisme","20":"tag-direct","21":"tag-direct-velo","22":"tag-directvelo","23":"tag-directvelo-com","24":"tag-epreuve","25":"tag-epreuve-cycliste","26":"tag-federation-francaise-de-cyclisme","27":"tag-ffc","28":"tag-flandres","29":"tag-fr","30":"tag-france","31":"tag-live","32":"tag-live-course","33":"tag-live-epreuve","34":"tag-peloton","35":"tag-radio-peloton","36":"tag-radio-tour","37":"tag-ravitaillement","38":"tag-relance","39":"tag-sports","40":"tag-uci","41":"tag-velo","42":"tag-velos"},"share_on_mastodon":{"url":"https:\/\/pubeurope.com\/@fr\/115845507666120795","error":""},"_links":{"self":[{"href":"https:\/\/www.europesays.com\/fr\/wp-json\/wp\/v2\/posts\/643703","targetHints":{"allow":["GET"]}}],"collection":[{"href":"https:\/\/www.europesays.com\/fr\/wp-json\/wp\/v2\/posts"}],"about":[{"href":"https:\/\/www.europesays.com\/fr\/wp-json\/wp\/v2\/types\/post"}],"author":[{"embeddable":true,"href":"https:\/\/www.europesays.com\/fr\/wp-json\/wp\/v2\/users\/2"}],"replies":[{"embeddable":true,"href":"https:\/\/www.europesays.com\/fr\/wp-json\/wp\/v2\/comments?post=643703"}],"version-history":[{"count":0,"href":"https:\/\/www.europesays.com\/fr\/wp-json\/wp\/v2\/posts\/643703\/revisions"}],"wp:featuredmedia":[{"embeddable":true,"href":"https:\/\/www.europesays.com\/fr\/wp-json\/wp\/v2\/media\/643704"}],"wp:attachment":[{"href":"https:\/\/www.europesays.com\/fr\/wp-json\/wp\/v2\/media?parent=643703"}],"wp:term":[{"taxonomy":"category","embeddable":true,"href":"https:\/\/www.europesays.com\/fr\/wp-json\/wp\/v2\/categories?post=643703"},{"taxonomy":"post_tag","embeddable":true,"href":"https:\/\/www.europesays.com\/fr\/wp-json\/wp\/v2\/tags?post=643703"}],"curies":[{"name":"wp","href":"https:\/\/api.w.org\/{rel}","templated":true}]}}