{"id":643706,"date":"2026-01-06T01:16:11","date_gmt":"2026-01-06T01:16:11","guid":{"rendered":"https:\/\/www.europesays.com\/fr\/643706\/"},"modified":"2026-01-06T01:16:11","modified_gmt":"2026-01-06T01:16:11","slug":"mort-de-jean-pormanove-le-streamer-naruto-de-retour-pour-donner-sa-version-je-vous-pisse-tous-dessus","status":"publish","type":"post","link":"https:\/\/www.europesays.com\/fr\/643706\/","title":{"rendered":"Mort de Jean Pormanove : le streamer Naruto de retour pour donner sa version, \u00ab\u00a0je vous pisse tous dessus\u00a0\u00bb"},"content":{"rendered":"<p>Depuis la mort du streamer <strong>Jean Pormanove<\/strong> en ao\u00fbt 2025, <a href=\"https:\/\/www.public.fr\/mort-de-jean-pormanove-nouveau-rebondissement-la-justice-a-tranche\" target=\"_blank\" rel=\"noopener\">l\u2019affaire continue de faire parler.<\/a> Rapha\u00ebl Graven, connu sous le pseudonyme de Jean Pormanove, est d\u00e9c\u00e9d\u00e9 le <strong>18 ao\u00fbt 2025<\/strong>, \u00e0 <strong>46 ans<\/strong>, apr\u00e8s avoir particip\u00e9 \u00e0 une diffusion en direct sur la plateforme australienne <strong>Kick<\/strong> avec d\u2019autres cr\u00e9ateurs de contenu. Ce d\u00e9c\u00e8s a donn\u00e9 lieu \u00e0 des enqu\u00eates judiciaires et \u00e0 de vifs d\u00e9bats sur les pratiques de certains streamers et la responsabilit\u00e9 des plateformes de streaming.\u00a0<\/p>\n<p>Apr\u00e8s plusieurs mois de silence, <strong>Owen Cenazandotti<\/strong>, plus connu sous le pseudonyme de <strong>Narutovie<\/strong>, l\u2019un des co-animateurs des vid\u00e9os, <a href=\"https:\/\/vsd.fr\/86970-il-surjouait-enormement-safine-le-collegue-de-jean-pormanove-reagit-apres-sa-mort-tragique\/\" target=\"_blank\" rel=\"noopener\">avec Safine<\/a>, o\u00f9 apparaissait Jean Pormanove, a publi\u00e9 une <strong>vid\u00e9o de r\u00e9ponse<\/strong> pour livrer sa propre version des faits ce dimanche 4 janvier 2026.\u00a0<\/p>\n<p>Dans celle-ci, il affirme notamment <strong>n\u2019avoir aucune responsabilit\u00e9 dans la mort de son ami<\/strong> et qu\u2019il n\u2019a rien \u00e0 se faire pardonner, malgr\u00e9 le d\u00e9roulement des \u00e9v\u00e9nements et les critiques m\u00e9diatiques \u00e0 son encontre qui ont eu lieu apr\u00e8s le d\u00e9c\u00e8s de Jean Pormanove.<\/p>\n<p><strong>Contexte de la mort de Jean Pormanove et premi\u00e8res r\u00e9actions<\/strong><\/p>\n<p>Jean Pormanove, streamer fran\u00e7ais suivi par des dizaines de milliers de personnes, est mort alors qu\u2019un <strong>live stream<\/strong> de longue dur\u00e9e \u00e9tait en cours sur la plateforme <strong>Kick<\/strong>. Ce direct avait dur\u00e9 pendant plusieurs jours et montrait des sc\u00e8nes d\u2019humiliations, <a href=\"https:\/\/www.public.fr\/jean-pormanove-deux-mois-apres-sa-disparition-les-violences-reprennent-dans-le-lokal\" target=\"_blank\" rel=\"noopener\">d\u2019insultes et de violences contre lui<\/a> et un autre homme surnomm\u00e9 Coudoux.\u00a0<\/p>\n<p>Apr\u00e8s le d\u00e9c\u00e8s de Rapha\u00ebl Graven, plusieurs enqu\u00eates ont \u00e9t\u00e9 ouvertes par le parquet de Nice, notamment pour d\u00e9terminer <strong>les causes de la mort<\/strong> et les circonstances exactes dans lesquelles celle-ci a eu lieu. Les premi\u00e8res conclusions des investigations de justice ont fait \u00e9tat d\u2019un d\u00e9c\u00e8s probablement <strong>d\u2019origine m\u00e9dicale ou toxicologique<\/strong>, sans <strong>intervention d\u2019un tiers<\/strong>, selon les conclusions d\u2019un rapport d\u2019autopsie rendu public en ao\u00fbt 2025 comme le rappellent nos confr\u00e8res de RTL.\u00a0<\/p>\n<p>Parall\u00e8lement, la plateforme Kick a fait l\u2019objet de nombreuses critiques, tout comme les contenus diffus\u00e9s avant et pendant le live. Des autorit\u00e9s fran\u00e7aises ont notamment requis des blocages et demand\u00e9 des explications sur la mod\u00e9ration des streams diffus\u00e9s sur ce service.<\/p>\n<p><strong>Narutovie sort du silence<\/strong><\/p>\n<p>Cinq mois apr\u00e8s les faits, <strong>Narutovie (Owen Cenazandotti)<\/strong> a publi\u00e9 une <strong>vid\u00e9o de plus de deux heures<\/strong> sur sa cha\u00eene YouTube, dans laquelle il revient sur sa relation avec Jean Pormanove et se d\u00e9fend. Dans ladite vid\u00e9o, il explique avoir souhait\u00e9 rester silencieux pendant l\u2019enqu\u00eate, avant de s\u2019adresser directement \u00e0 ceux qui critiquent les \u00e9v\u00e9nements autour de la mort de son ami Rapha\u00ebl Graven : \u00ab\u00a0<strong>Bon, je crois que c\u2019est l\u2019heure des explications\u00a0\u00bb<\/strong>, indique-t-il au d\u00e9but de son intervention.\u00a0<\/p>\n<p>Narutovie d\u00e9crit la relation qu\u2019il entretenait avec Jean Pormanove comme une <strong>amiti\u00e9 et un accompagnement professionnel<\/strong>, affirmant avoir aid\u00e9 \u00ab\u00a0JP\u00a0\u00bb \u00e0 accro\u00eetre sa notori\u00e9t\u00e9. Il \u00e9voque leur collaboration sur les plateformes de streaming et de r\u00e9seaux sociaux, en soulignant que Jean Pormanove aurait connu une \u00e9volution financi\u00e8re positive au fil du temps gr\u00e2ce \u00e0 ces contenus.\u00a0<\/p>\n<p>Dans sa vid\u00e9o, Narutovie reconna\u00eet \u00e9galement que les vid\u00e9os diffus\u00e9es pouvaient se montrer \u00ab\u00a0borderline\u00a0\u00bb mais ma\u00eetris\u00e9es, et qu\u2019il n\u2019a jamais eu l\u2019intention de provoquer de graves dommages: \u00ab\u00a0<strong>On fait des lives borderline, on est borderline\u00a0\u00bb<\/strong>, explique-t-il. Il soutient par ailleurs que le traitement m\u00e9diatique des \u00e9v\u00e9nements a souvent d\u00e9form\u00e9 la r\u00e9alit\u00e9 selon lui, et que certaines conclusions h\u00e2tives ont \u00e9t\u00e9 tir\u00e9es avant la fin de l\u2019enqu\u00eate judiciaire. C\u2019est en partie pour cette raison qu\u2019au cours de sa vid\u00e9o, le streamer lance \u00e0 ses d\u00e9tracteurs : <strong>\u00ab\u00a0<a href=\"https:\/\/www.public.fr\/mort-du-streamer-jean-pormanove-deux-mois-apres-labominable-annonce\" target=\"_blank\" rel=\"noopener\">je reviens<\/a> et je vous pisse tous dessus\u00a0\u00bb<\/strong>.<\/p>\n<p>Jean Pormanove malade ? Narutovie donne son avis<\/p>\n<p>Sur le plan de la sant\u00e9 de Jean Pormanove, Narutovie affirme ne pas avoir eu connaissance d\u2019une maladie sp\u00e9cifique, tout en \u00e9voquant son hygi\u00e8ne de vie et les efforts qu\u2019il aurait faits pour encourager son ami \u00e0 consulter des m\u00e9decins, selon ses propres mots : \u00ab\u00a0<strong>Il n&rsquo;avait pas de maladie particuli\u00e8re. Le seul truc qu&rsquo;on savait c\u2019est qu&rsquo;il avait une hygi\u00e8ne de vie catastrophique\u00a0\u00bb<\/strong>.\u00a0<\/p>\n<p>Enfin, la vid\u00e9o se termine par une intention affich\u00e9e de poursuivre la production de contenu, avec Narutovie d\u00e9clarant qu\u2019il <strong>reviendra faire des vid\u00e9os<\/strong> apr\u00e8s ces explications, affirmation qu\u2019il adresse directement \u00e0 Jean Pormanove : \u00ab\u00a0<strong>Je vais revenir, je vais faire du contenu\u00a0\u00bb.<\/strong><\/p>\n<p>\n          Hits &amp; People en continu\n        <\/p>\n<p>\n          Public Radio\n        <\/p>\n<p>      Mentionn\u00e9s dans cet article<\/p>\n<p>      Sur le m\u00eame sujet<\/p>\n","protected":false},"excerpt":{"rendered":"Depuis la mort du streamer Jean Pormanove en ao\u00fbt 2025, l\u2019affaire continue de faire parler. Rapha\u00ebl Graven, connu&hellip;\n","protected":false},"author":2,"featured_media":643707,"comment_status":"","ping_status":"","sticky":false,"template":"","format":"standard","meta":{"footnotes":""},"categories":[1359],"tags":[58,59,1011,27,303,18,973,128],"class_list":{"0":"post-643706","1":"post","2":"type-post","3":"status-publish","4":"format-standard","5":"has-post-thumbnail","7":"category-people","8":"tag-divertissement","9":"tag-entertainment","10":"tag-fr","11":"tag-france","12":"tag-justice","13":"tag-mort","14":"tag-people","15":"tag-streaming"},"share_on_mastodon":{"url":"https:\/\/pubeurope.com\/@fr\/115845515463736843","error":""},"_links":{"self":[{"href":"https:\/\/www.europesays.com\/fr\/wp-json\/wp\/v2\/posts\/643706","targetHints":{"allow":["GET"]}}],"collection":[{"href":"https:\/\/www.europesays.com\/fr\/wp-json\/wp\/v2\/posts"}],"about":[{"href":"https:\/\/www.europesays.com\/fr\/wp-json\/wp\/v2\/types\/post"}],"author":[{"embeddable":true,"href":"https:\/\/www.europesays.com\/fr\/wp-json\/wp\/v2\/users\/2"}],"replies":[{"embeddable":true,"href":"https:\/\/www.europesays.com\/fr\/wp-json\/wp\/v2\/comments?post=643706"}],"version-history":[{"count":0,"href":"https:\/\/www.europesays.com\/fr\/wp-json\/wp\/v2\/posts\/643706\/revisions"}],"wp:featuredmedia":[{"embeddable":true,"href":"https:\/\/www.europesays.com\/fr\/wp-json\/wp\/v2\/media\/643707"}],"wp:attachment":[{"href":"https:\/\/www.europesays.com\/fr\/wp-json\/wp\/v2\/media?parent=643706"}],"wp:term":[{"taxonomy":"category","embeddable":true,"href":"https:\/\/www.europesays.com\/fr\/wp-json\/wp\/v2\/categories?post=643706"},{"taxonomy":"post_tag","embeddable":true,"href":"https:\/\/www.europesays.com\/fr\/wp-json\/wp\/v2\/tags?post=643706"}],"curies":[{"name":"wp","href":"https:\/\/api.w.org\/{rel}","templated":true}]}}