{"id":643708,"date":"2026-01-06T01:17:14","date_gmt":"2026-01-06T01:17:14","guid":{"rendered":"https:\/\/www.europesays.com\/fr\/643708\/"},"modified":"2026-01-06T01:17:14","modified_gmt":"2026-01-06T01:17:14","slug":"la-frequentation-est-restee-stable-pour-le-musee-dorsay-et-lorangerie-en-2025","status":"publish","type":"post","link":"https:\/\/www.europesays.com\/fr\/643708\/","title":{"rendered":"la fr\u00e9quentation est rest\u00e9e stable pour le mus\u00e9e d&rsquo;Orsay et l\u2019Orangerie en 2025"},"content":{"rendered":"\n<p class=\"c-chapo \">\n  Les visiteurs \u00e9trangers sont largement majoritaires. \u00c0 noter, l&rsquo;entr\u00e9e dans le Top 10 du public d&rsquo;Orsay, les Japonais.\n<\/p>\n<p>      lire plus tard<\/p>\n<p id=\"dialog__title\" class=\"dialog__title\">Pour sauvegarder cet article, connectez-vous ou cr\u00e9ez un compte franceinfo<\/p>\n<p class=\"dialog__description\">Sans paiement. Sans abonnement.<\/p>\n<p>        Fermer la fen\u00eatre d\u2019activation des notifications France Info<\/p>\n<p>      cr\u00e9er votre compte<\/p>\n<p>      se connecter<\/p>\n<p>      :<\/p>\n<p>        Fermer la fen\u00eatre de pr\u00e9sentation<\/p>\n<p>    <img loading=\"lazy\" decoding=\"async\" class=\"signature__image lazyload\" width=\"100\" height=\"100\" data- alt=\"\" src=\"https:\/\/www.europesays.com\/fr\/wp-content\/uploads\/2025\/05\/64a7df4c5fe71_placeholder-36b69ec8.png\"\/><\/p>\n<p>    Publi\u00e9 le 05\/01\/2026 12:07<\/p>\n<p>        Temps de lecture : 1min<\/p>\n<p>    <img decoding=\"async\"  alt=\"L'entr\u00e9e du Mus\u00e9e d'Orsay, \u00e0 paris, dans le 7\u00e8 arrondissement. (Photo d'illustration). (MAXPPP)\" width=\"432\" height=\"243\" src=\"https:\/\/www.europesays.com\/fr\/wp-content\/uploads\/2026\/01\/maxnewsworldtwo166396-662e4e2ebffbf000369066.jpg\" fetchpriority=\"high\"\/><\/p>\n<p>      L&rsquo;entr\u00e9e du Mus\u00e9e d&rsquo;Orsay, \u00e0 paris, dans le 7\u00e8 arrondissement. (Photo d&rsquo;illustration). (MAXPPP)<\/p>\n<p>L\u2019\u00e9tablissement public du mus\u00e9e d\u2019Orsay et du mus\u00e9e de l\u2019Orangerie \u2013 Val\u00e9ry Giscard d\u2019Estaing a accueilli pr\u00e8s de 4,9\u00a0millions de visiteurs en 2025, une fr\u00e9quentation stable, en l\u00e9g\u00e8re baisse de 1% par rapport \u00e0 2024, a annonc\u00e9 lundi 5 janvier l\u2019institution. Le mus\u00e9e d\u2019Orsay a enregistr\u00e9 une hausse de 1%, avec 3,78\u00a0millions de visiteurs, tandis que le mus\u00e9e de l\u2019Orangerie, touch\u00e9 par cinq semaines de fermeture pour travaux, a accueilli 1,13\u00a0million de personnes (-6 %).<\/p>\n<p>Parmi les expositions les plus fr\u00e9quent\u00e9es \u00e0 Orsay figurent Caillebotte. Peindre les hommes (pr\u00e8s de 588\u00a0000\u00a0visiteurs), septi\u00e8me exposition la plus populaire du mus\u00e9e, et Christian Krohg. Le peuple du Nord (pr\u00e8s de 430\u00a0000\u00a0visiteurs). \u00c0 l\u2019Orangerie, l\u2019exposition Heinz Berggruen, un marchand et sa collection a d\u00e9pass\u00e9 les 445\u00a0000\u00a0entr\u00e9es, se hissant au deuxi\u00e8me rang des expositions les plus visit\u00e9es du mus\u00e9e depuis 15\u00a0ans.<\/p>\n<p>Les visiteurs \u00e9trangers restent majoritaires\u00a0: 64% \u00e0 Orsay (avec les \u00c9tats-Unis, l\u2019Italie et le Royaume-Uni en t\u00eate) et 69% \u00e0 l\u2019Orangerie. Le public japonais fait son entr\u00e9e dans le Top\u00a010 \u00e0 Orsay.<\/p>\n<p>Gr\u00e2ce \u00e0 son nouveau syst\u00e8me de r\u00e9servation en ligne, la fr\u00e9quentation des groupes scolaires \u00e0 Orsay a bondi de 72%, avec plus de 8\u00a0200\u00a0groupes accueillis. D\u2019importants travaux de r\u00e9novation des espaces d\u2019accueil du mus\u00e9e d\u2019Orsay d\u00e9buteront en mars 2026, tout en maintenant l\u2019ouverture compl\u00e8te de l\u2019\u00e9tablissement jusqu\u2019\u00e0 l\u2019\u00e9t\u00e9 2028.<\/p>\n","protected":false},"excerpt":{"rendered":"Les visiteurs \u00e9trangers sont largement majoritaires. \u00c0 noter, l&rsquo;entr\u00e9e dans le Top 10 du public d&rsquo;Orsay, les Japonais.&hellip;\n","protected":false},"author":2,"featured_media":643709,"comment_status":"","ping_status":"","sticky":false,"template":"","format":"standard","meta":{"footnotes":""},"categories":[1358],"tags":[1348,1384,1385,1386,58,59,1011,27],"class_list":{"0":"post-643708","1":"post","2":"type-post","3":"status-publish","4":"format-standard","5":"has-post-thumbnail","7":"category-arts-et-design","8":"tag-arts","9":"tag-arts-and-design","10":"tag-arts-et-design","11":"tag-design","12":"tag-divertissement","13":"tag-entertainment","14":"tag-fr","15":"tag-france"},"share_on_mastodon":{"url":"https:\/\/pubeurope.com\/@fr\/115845519411116116","error":""},"_links":{"self":[{"href":"https:\/\/www.europesays.com\/fr\/wp-json\/wp\/v2\/posts\/643708","targetHints":{"allow":["GET"]}}],"collection":[{"href":"https:\/\/www.europesays.com\/fr\/wp-json\/wp\/v2\/posts"}],"about":[{"href":"https:\/\/www.europesays.com\/fr\/wp-json\/wp\/v2\/types\/post"}],"author":[{"embeddable":true,"href":"https:\/\/www.europesays.com\/fr\/wp-json\/wp\/v2\/users\/2"}],"replies":[{"embeddable":true,"href":"https:\/\/www.europesays.com\/fr\/wp-json\/wp\/v2\/comments?post=643708"}],"version-history":[{"count":0,"href":"https:\/\/www.europesays.com\/fr\/wp-json\/wp\/v2\/posts\/643708\/revisions"}],"wp:featuredmedia":[{"embeddable":true,"href":"https:\/\/www.europesays.com\/fr\/wp-json\/wp\/v2\/media\/643709"}],"wp:attachment":[{"href":"https:\/\/www.europesays.com\/fr\/wp-json\/wp\/v2\/media?parent=643708"}],"wp:term":[{"taxonomy":"category","embeddable":true,"href":"https:\/\/www.europesays.com\/fr\/wp-json\/wp\/v2\/categories?post=643708"},{"taxonomy":"post_tag","embeddable":true,"href":"https:\/\/www.europesays.com\/fr\/wp-json\/wp\/v2\/tags?post=643708"}],"curies":[{"name":"wp","href":"https:\/\/api.w.org\/{rel}","templated":true}]}}