{"id":643710,"date":"2026-01-06T01:19:12","date_gmt":"2026-01-06T01:19:12","guid":{"rendered":"https:\/\/www.europesays.com\/fr\/643710\/"},"modified":"2026-01-06T01:19:12","modified_gmt":"2026-01-06T01:19:12","slug":"je-nourris-vos-fantasmes-la-reponse-seche-de-nagui-au-rapporteur-de-la-commission-sur-laudiovisuel-public-qui-laccuse-de-senrichi","status":"publish","type":"post","link":"https:\/\/www.europesays.com\/fr\/643710\/","title":{"rendered":"\u00ab\u00a0Je nourris vos fantasmes\u00a0\u00bb\u00a0: la r\u00e9ponse s\u00e8che de Nagui au rapporteur de la commission sur l\u2019audiovisuel public, qui l\u2019accuse de \u00ab\u00a0s\u2019enrichir sur l\u2019argent public\u00a0\u00bb"},"content":{"rendered":"<p class=\"paragraph text_align_left lp-f-body-02\">Charles Alloncle l\u2019a promis, il souhaite passer en revue le train de vie de <a href=\"https:\/\/www.leparisien.fr\/culture-loisirs\/tv\/commission-denquete-sur-laudiovisuel-public-la-patronne-de-radio-france-denonce-les-deformations-de-ses-propos-19-12-2025-RLA22YHJI5HYXLNYCNVKRL3SUM.php\" target=\"_self\" rel=\"noopener\">France T\u00e9l\u00e9visions<\/a>, des v\u00e9hicules de fonction aux notes de r\u00e9ception et aux salaires de la \u00ab myriade de directeurs \u00bb que compterait l\u2019entreprise.<\/p>\n<p class=\"\">Le rapporteur de <a href=\"https:\/\/www.leparisien.fr\/culture-loisirs\/tv\/direct-audiovisuel-public-patrick-cohen-thomas-legrand-adele-van-reeth-des-auditions-tres-attendues-a-la-commission-denquete-18-12-2025-W5H5UEQKZFDKPHYV4IU2X63D4Q.php\" target=\"_self\" rel=\"noopener\">la commission d\u2019enqu\u00eate<\/a> sur <a href=\"https:\/\/www.leparisien.fr\/culture-loisirs\/audiovisuel-public-un-millier-de-salaries-de-radio-france-disent-non-a-un-service-public-au-rabais-22-05-2024-6OM3OOKN4RBXXFQMNZI645YDRI.php\" target=\"_self\" rel=\"noopener\">l\u2019audiovisuel public<\/a> est membre de l\u2019UDR, la formation d\u2019\u00c9ric Ciotti depuis son rapprochement avec le Rassemblement national (RN). Et c\u2019est \u00e0 la demande de l\u2019\u00e9lu maralpin que le d\u00e9put\u00e9 de l\u2019H\u00e9rault conduit depuis plusieurs semaines des entretiens avec des personnalit\u00e9s de France T\u00e9l\u00e9visions.<\/p>\n<p class=\"\">Bient\u00f4t, Charles Alloncle auditionnera <a href=\"https:\/\/www.leparisien.fr\/week-end\/nagui-l-hyperactif-du-paf-20-10-2017-7340466.php\" target=\"_self\" rel=\"noopener\">Nagui<\/a>. Ce lundi soir, le pr\u00e9sentateur de Taratata lui a adress\u00e9 un message au ton sec sur <a href=\"https:\/\/www.instagram.com\/p\/DTJBNafAvZI\/?img_index=9&amp;igsh=Ymh1bDBveTh0eTJo\" target=\"_self\" rel=\"noopener\">Instagram<\/a>, r\u00e9pondant \u00e0 des propos tenus par le d\u00e9put\u00e9 fin d\u00e9cembre. \u00ab Vous avez notamment d\u00e9clar\u00e9 : Je pense, je vais parler au conditionnel, que Nagui est la personne, sur les dix derni\u00e8res ann\u00e9es en France, qui s\u2019est le plus enrichie sur l\u2019argent public. \u00bb<\/p>\n<p class=\"\">Ces mots ont fortement agac\u00e9 l\u2019animateur. \u00ab Je me suis demand\u00e9 si vous maniiez avec talent et intelligence une forme d\u2019humour, de d\u00e9rision pamphl\u00e9taire ou si vous restiez au premier degr\u00e9 \u00bb, fait-il mine de s\u2019interroger ?<\/p>\n<p>10 000 bulletins de salaire par an<\/p>\n<p class=\"\">Et Nagui de rembobiner sa carri\u00e8re. De ses d\u00e9buts \u00e0 Radio France, \u00e0 Nice (Alpes-Maritimes), en 1982, \u00e0 son arriv\u00e9e \u00e0 France 3, deux ans plus tard. \u00ab Aujourd\u2019hui, je suis salari\u00e9 dans le public (France Inter) et dans le priv\u00e9 (Banijay) mais cela vous le savez, puisque je hante votre esprit, devrais-je dire nourris vos fantasmes pour \u00eatre plus juste ? \u00bb<\/p>\n<p class=\"\">\u00ab Je ne suis pas salari\u00e9 de France T\u00e9l\u00e9visions, vous le savez \u00bb, insiste-t-il, affirmant m\u00eame participer \u00e0 des \u00e9missions caritatives sans \u00eatre pay\u00e9 et ce \u00ab volontairement \u00bb. C\u2019est par le biais de sa soci\u00e9t\u00e9 audiovisuelle, Air Productions, fond\u00e9e en 1993, que Nagui travaille avec France T\u00e9l\u00e9visions.<\/p>\n<p class=\"\">\u00ab J\u2019ai depuis grandi sans jamais savoir ce que l\u2019ann\u00e9e suivante me r\u00e9servait. (\u2026) Aujourd\u2019hui, je produis avec mes \u00e9quipes 300 heures de programmes par an, ce qui nous permet de r\u00e9gler 10 000 bulletins de salaire par an, je ne parle pas au conditionnel. \u00bb<\/p>\n<p class=\"\">Ces \u00e9missions, assure Nagui, sont rentables pour France T\u00e9l\u00e9visions. \u00ab C\u2019est s\u00fbrement la raison pour laquelle FTV nous en commande, cette rentabilit\u00e9 est surtout pour le service public, et vous le savez. \u00bb Et d\u2019ajouter : \u00ab J\u2019emploie des centaines de personnes qui fournissent un travail et exemplaire qui, \u00e0 moindre co\u00fbt, rapporte de l\u2019audience donc de l\u2019argent au service public. \u00bb<\/p>\n<p class=\"title-embed-dailymotion lp-color-text lp-f-subtitle-04\">Vid\u00e9oEchanges tendus entre Patrick Cohen et le rapporteur de la commission d&rsquo;enqu\u00eate<\/p>\n<p>\u00ab Jet\u00e9 en p\u00e2ture \u00bb<\/p>\n<p class=\"\">D\u00e8s lors, Nagui consid\u00e8re qu\u2019il est victime d\u2019une attaque personnelle de la part de Charles Alloncle : \u00ab Certaines mauvaises langues me disent que vous n\u2019aimez pas les v\u00e9g\u00e9tariens, d\u2019autres me disent que ce sont mes origines \u00e9gyptiennes, certaines auraient vu que vous administriez, au conditionnel, un compte Facebook, soutien d\u2019une personnalit\u00e9 de l\u2019extr\u00eame droite, qui publierait, tout cela au conditionnel, des phrases comme race de merde, bamboula et m\u00eame crouilles (insulte que j\u2019ai essuy\u00e9e dans ma vie.) \u00bb.<\/p>\n<p class=\"\">Estimant avoir \u00e9t\u00e9 \u00ab jet\u00e9 en p\u00e2ture \u00e0 la vindicte populaire \u00bb, l\u2019animateur de t\u00e9l\u00e9vision se dit victime de nombreux messages de haine depuis les propos du d\u00e9put\u00e9 de l\u2019H\u00e9rault.<\/p>\n<p class=\"\">\u00ab Serait-ce (encore du conditionnel) une volont\u00e9 de d\u00e9clencher l\u2019ire populiste, vu le nombre de messages de haines re\u00e7us que vos d\u00e9clarations ont engendr\u00e9s ? Si c\u2019est le cas, je vous proposerai (que de conditionnel d\u00e9cid\u00e9ment) de nous retrouver face \u00e0 un tribunal, non plus celui des r\u00e9seaux sociaux, ni celui des m\u00e9dias d\u2019opinion, non, un tribunal, un vrai. \u00bb<\/p>\n<p><script async src=\"\/\/www.instagram.com\/embed.js\"><\/script><\/p>\n","protected":false},"excerpt":{"rendered":"Charles Alloncle l\u2019a promis, il souhaite passer en revue le train de vie de France T\u00e9l\u00e9visions, des v\u00e9hicules&hellip;\n","protected":false},"author":2,"featured_media":643711,"comment_status":"","ping_status":"","sticky":false,"template":"","format":"standard","meta":{"footnotes":""},"categories":[1356],"tags":[872,58,59,1011,27,252,1364],"class_list":{"0":"post-643710","1":"post","2":"type-post","3":"status-publish","4":"format-standard","5":"has-post-thumbnail","7":"category-television","8":"tag-culture-et-loisirs","9":"tag-divertissement","10":"tag-entertainment","11":"tag-fr","12":"tag-france","13":"tag-television","14":"tag-tv"},"share_on_mastodon":{"url":"https:\/\/pubeurope.com\/@fr\/115845527290698174","error":""},"_links":{"self":[{"href":"https:\/\/www.europesays.com\/fr\/wp-json\/wp\/v2\/posts\/643710","targetHints":{"allow":["GET"]}}],"collection":[{"href":"https:\/\/www.europesays.com\/fr\/wp-json\/wp\/v2\/posts"}],"about":[{"href":"https:\/\/www.europesays.com\/fr\/wp-json\/wp\/v2\/types\/post"}],"author":[{"embeddable":true,"href":"https:\/\/www.europesays.com\/fr\/wp-json\/wp\/v2\/users\/2"}],"replies":[{"embeddable":true,"href":"https:\/\/www.europesays.com\/fr\/wp-json\/wp\/v2\/comments?post=643710"}],"version-history":[{"count":0,"href":"https:\/\/www.europesays.com\/fr\/wp-json\/wp\/v2\/posts\/643710\/revisions"}],"wp:featuredmedia":[{"embeddable":true,"href":"https:\/\/www.europesays.com\/fr\/wp-json\/wp\/v2\/media\/643711"}],"wp:attachment":[{"href":"https:\/\/www.europesays.com\/fr\/wp-json\/wp\/v2\/media?parent=643710"}],"wp:term":[{"taxonomy":"category","embeddable":true,"href":"https:\/\/www.europesays.com\/fr\/wp-json\/wp\/v2\/categories?post=643710"},{"taxonomy":"post_tag","embeddable":true,"href":"https:\/\/www.europesays.com\/fr\/wp-json\/wp\/v2\/tags?post=643710"}],"curies":[{"name":"wp","href":"https:\/\/api.w.org\/{rel}","templated":true}]}}